{"id":5242,"date":"2023-03-09T15:01:49","date_gmt":"2023-03-09T15:01:49","guid":{"rendered":"https:\/\/blogsaverroes.juntadeandalucia.es\/ceipsanginesdelajara\/?p=5242"},"modified":"2023-03-13T19:36:40","modified_gmt":"2023-03-13T19:36:40","slug":"dia-8-m","status":"publish","type":"post","link":"https:\/\/blogsaverroes.juntadeandalucia.es\/ceipsanginesdelajara\/dia-8-m\/","title":{"rendered":"D\u00eda 8 M"},"content":{"rendered":"<p>Durante esta semana hemos estado realizando diversas actividades para conmemorar el D\u00eda Internacional de la Mujer.<\/p>\n<p>As\u00ed, en colaboraci\u00f3n con el Ayuntamiento y la Asociaci\u00f3n de Mujeres \u00abCarmen de Michelena\u00bb hemos conocido la vida de mujeres que han hecho historia.<\/p>\nngg_shortcode_0_placeholder\n<p>ngg_shortcode_1_placeholderTambi\u00e9n en clase hemos realizado actividades para homenajear a las mujeres que hay en nuestras vidas.<\/p>\n<table style=\"border-collapse: collapse;width: 100%\">\n<tbody>\n<tr>\n<td style=\"width: 33.3333%\"><a href=\"https:\/\/blogsaverroes.juntadeandalucia.es\/ceipsanginesdelajara\/files\/2023\/03\/IMG_20230309_110359-scaled.jpg\"><img loading=\"lazy\" decoding=\"async\" class=\"alignnone size-medium wp-image-5244\" src=\"https:\/\/blogsaverroes.juntadeandalucia.es\/ceipsanginesdelajara\/files\/2023\/03\/IMG_20230309_110359-300x225.jpg\" alt=\"\" width=\"300\" height=\"225\" srcset=\"https:\/\/blogsaverroes.juntadeandalucia.es\/ceipsanginesdelajara\/files\/2023\/03\/IMG_20230309_110359-300x225.jpg 300w, https:\/\/blogsaverroes.juntadeandalucia.es\/ceipsanginesdelajara\/files\/2023\/03\/IMG_20230309_110359-1024x768.jpg 1024w, https:\/\/blogsaverroes.juntadeandalucia.es\/ceipsanginesdelajara\/files\/2023\/03\/IMG_20230309_110359-768x576.jpg 768w, https:\/\/blogsaverroes.juntadeandalucia.es\/ceipsanginesdelajara\/files\/2023\/03\/IMG_20230309_110359-1536x1152.jpg 1536w, https:\/\/blogsaverroes.juntadeandalucia.es\/ceipsanginesdelajara\/files\/2023\/03\/IMG_20230309_110359-2048x1536.jpg 2048w, https:\/\/blogsaverroes.juntadeandalucia.es\/ceipsanginesdelajara\/files\/2023\/03\/IMG_20230309_110359-scaled.jpg 1600w\" sizes=\"(max-width: 300px) 100vw, 300px\" \/><\/a><\/td>\n<td style=\"width: 33.3333%\"><a href=\"https:\/\/blogsaverroes.juntadeandalucia.es\/ceipsanginesdelajara\/files\/2023\/03\/IMG_20230309_114015-scaled.jpg\"><img loading=\"lazy\" decoding=\"async\" class=\"alignnone size-medium wp-image-5245\" src=\"https:\/\/blogsaverroes.juntadeandalucia.es\/ceipsanginesdelajara\/files\/2023\/03\/IMG_20230309_114015-300x225.jpg\" alt=\"\" width=\"300\" height=\"225\" srcset=\"https:\/\/blogsaverroes.juntadeandalucia.es\/ceipsanginesdelajara\/files\/2023\/03\/IMG_20230309_114015-300x225.jpg 300w, https:\/\/blogsaverroes.juntadeandalucia.es\/ceipsanginesdelajara\/files\/2023\/03\/IMG_20230309_114015-1024x768.jpg 1024w, https:\/\/blogsaverroes.juntadeandalucia.es\/ceipsanginesdelajara\/files\/2023\/03\/IMG_20230309_114015-768x576.jpg 768w, https:\/\/blogsaverroes.juntadeandalucia.es\/ceipsanginesdelajara\/files\/2023\/03\/IMG_20230309_114015-1536x1152.jpg 1536w, https:\/\/blogsaverroes.juntadeandalucia.es\/ceipsanginesdelajara\/files\/2023\/03\/IMG_20230309_114015-2048x1536.jpg 2048w, https:\/\/blogsaverroes.juntadeandalucia.es\/ceipsanginesdelajara\/files\/2023\/03\/IMG_20230309_114015-scaled.jpg 1600w\" sizes=\"(max-width: 300px) 100vw, 300px\" \/><\/a><\/td>\n<td style=\"width: 33.3333%\">&nbsp;<\/td>\n<\/tr>\n<\/tbody>\n<\/table>\n<p>Y un mural conmemorativo.<\/p>\n<p><a href=\"https:\/\/blogsaverroes.juntadeandalucia.es\/ceipsanginesdelajara\/files\/2023\/03\/IMG-20230310-WA0005.jpg\"><img loading=\"lazy\" decoding=\"async\" class=\"alignnone  wp-image-5277\" src=\"https:\/\/blogsaverroes.juntadeandalucia.es\/ceipsanginesdelajara\/files\/2023\/03\/IMG-20230310-WA0005-300x125.jpg\" alt=\"\" width=\"989\" height=\"412\" srcset=\"https:\/\/blogsaverroes.juntadeandalucia.es\/ceipsanginesdelajara\/files\/2023\/03\/IMG-20230310-WA0005-300x125.jpg 300w, https:\/\/blogsaverroes.juntadeandalucia.es\/ceipsanginesdelajara\/files\/2023\/03\/IMG-20230310-WA0005-1024x428.jpg 1024w, https:\/\/blogsaverroes.juntadeandalucia.es\/ceipsanginesdelajara\/files\/2023\/03\/IMG-20230310-WA0005-768x321.jpg 768w, https:\/\/blogsaverroes.juntadeandalucia.es\/ceipsanginesdelajara\/files\/2023\/03\/IMG-20230310-WA0005-1536x641.jpg 1536w, https:\/\/blogsaverroes.juntadeandalucia.es\/ceipsanginesdelajara\/files\/2023\/03\/IMG-20230310-WA0005.jpg 1600w\" sizes=\"(max-width: 989px) 100vw, 989px\" \/><\/a><\/p>\n","protected":false},"excerpt":{"rendered":"<p>Durante esta semana hemos estado realizando diversas actividades para conmemorar el D\u00eda Internacional de la Mujer. As\u00ed, en colaboraci\u00f3n con el Ayuntamiento y la Asociaci\u00f3n de Mujeres \u00abCarmen de Michelena\u00bb hemos conocido la vida&#46;&#46;&#46;<\/p>\n","protected":false},"author":10716,"featured_media":5277,"comment_status":"open","ping_status":"open","sticky":false,"template":"","format":"standard","meta":{"ngg_post_thumbnail":0,"footnotes":""},"categories":[26636,307390],"tags":[],"aioseo_notices":[],"_links":{"self":[{"href":"https:\/\/blogsaverroes.juntadeandalucia.es\/ceipsanginesdelajara\/wp-json\/wp\/v2\/posts\/5242"}],"collection":[{"href":"https:\/\/blogsaverroes.juntadeandalucia.es\/ceipsanginesdelajara\/wp-json\/wp\/v2\/posts"}],"about":[{"href":"https:\/\/blogsaverroes.juntadeandalucia.es\/ceipsanginesdelajara\/wp-json\/wp\/v2\/types\/post"}],"author":[{"embeddable":true,"href":"https:\/\/blogsaverroes.juntadeandalucia.es\/ceipsanginesdelajara\/wp-json\/wp\/v2\/users\/10716"}],"replies":[{"embeddable":true,"href":"https:\/\/blogsaverroes.juntadeandalucia.es\/ceipsanginesdelajara\/wp-json\/wp\/v2\/comments?post=5242"}],"version-history":[{"count":3,"href":"https:\/\/blogsaverroes.juntadeandalucia.es\/ceipsanginesdelajara\/wp-json\/wp\/v2\/posts\/5242\/revisions"}],"predecessor-version":[{"id":5278,"href":"https:\/\/blogsaverroes.juntadeandalucia.es\/ceipsanginesdelajara\/wp-json\/wp\/v2\/posts\/5242\/revisions\/5278"}],"wp:featuredmedia":[{"embeddable":true,"href":"https:\/\/blogsaverroes.juntadeandalucia.es\/ceipsanginesdelajara\/wp-json\/wp\/v2\/media\/5277"}],"wp:attachment":[{"href":"https:\/\/blogsaverroes.juntadeandalucia.es\/ceipsanginesdelajara\/wp-json\/wp\/v2\/media?parent=5242"}],"wp:term":[{"taxonomy":"category","embeddable":true,"href":"https:\/\/blogsaverroes.juntadeandalucia.es\/ceipsanginesdelajara\/wp-json\/wp\/v2\/categories?post=5242"},{"taxonomy":"post_tag","embeddable":true,"href":"https:\/\/blogsaverroes.juntadeandalucia.es\/ceipsanginesdelajara\/wp-json\/wp\/v2\/tags?post=5242"}],"curies":[{"name":"wp","href":"https:\/\/api.w.org\/{rel}","templated":true}]}}