{"id":6364,"date":"2024-10-10T13:51:33","date_gmt":"2024-10-10T13:51:33","guid":{"rendered":"https:\/\/blogsaverroes.juntadeandalucia.es\/ceipsanginesdelajara\/?p=6364"},"modified":"2024-10-10T13:51:33","modified_gmt":"2024-10-10T13:51:33","slug":"aprobado-el-calendario-escolar-para-el-curso-escolar-2024-25","status":"publish","type":"post","link":"https:\/\/blogsaverroes.juntadeandalucia.es\/ceipsanginesdelajara\/aprobado-el-calendario-escolar-para-el-curso-escolar-2024-25\/","title":{"rendered":"Aprobado el Calendario Escolar para el Curso Escolar 2024-25"},"content":{"rendered":"<p>El pasado 24 de septiembre se aprob\u00f3 en la reuni\u00f3n del Consejo Escolar Municipal, celebrada en el Ayuntamiento de Sabiote, el calendario escolar para este pr\u00f3ximo curso 2024-25.<\/p>\n<p><a href=\"https:\/\/blogsaverroes.juntadeandalucia.es\/ceipsanginesdelajara\/files\/2024\/10\/Calendario24_25.jpg\"><img loading=\"lazy\" decoding=\"async\" class=\"wp-image-6362 aligncenter\" src=\"https:\/\/blogsaverroes.juntadeandalucia.es\/ceipsanginesdelajara\/files\/2024\/10\/Calendario24_25-208x300.jpg\" alt=\"\" width=\"497\" height=\"717\" srcset=\"https:\/\/blogsaverroes.juntadeandalucia.es\/ceipsanginesdelajara\/files\/2024\/10\/Calendario24_25-208x300.jpg 208w, https:\/\/blogsaverroes.juntadeandalucia.es\/ceipsanginesdelajara\/files\/2024\/10\/Calendario24_25-709x1024.jpg 709w, https:\/\/blogsaverroes.juntadeandalucia.es\/ceipsanginesdelajara\/files\/2024\/10\/Calendario24_25-768x1109.jpg 768w, https:\/\/blogsaverroes.juntadeandalucia.es\/ceipsanginesdelajara\/files\/2024\/10\/Calendario24_25-1064x1536.jpg 1064w, https:\/\/blogsaverroes.juntadeandalucia.es\/ceipsanginesdelajara\/files\/2024\/10\/Calendario24_25-1418x2048.jpg 1418w, https:\/\/blogsaverroes.juntadeandalucia.es\/ceipsanginesdelajara\/files\/2024\/10\/Calendario24_25.jpg 1108w\" sizes=\"(max-width: 497px) 100vw, 497px\" \/><\/a><\/p>\n<p>Quedando fijados como d\u00edas de libre ubicaci\u00f3n los d\u00edas 4 de noviembre de 2024 y 4 de marzo de 2025. A lo que hay que sumar el d\u00eda 15 de mayo, fiesta local en Sabiote.<\/p>\n","protected":false},"excerpt":{"rendered":"<p>El pasado 24 de septiembre se aprob\u00f3 en la reuni\u00f3n del Consejo Escolar Municipal, celebrada en el Ayuntamiento de Sabiote, el calendario escolar para este pr\u00f3ximo curso 2024-25. Quedando fijados como d\u00edas de libre&#46;&#46;&#46;<\/p>\n","protected":false},"author":10716,"featured_media":6362,"comment_status":"open","ping_status":"open","sticky":false,"template":"","format":"standard","meta":{"ngg_post_thumbnail":0,"footnotes":""},"categories":[26636,307390],"tags":[],"aioseo_notices":[],"_links":{"self":[{"href":"https:\/\/blogsaverroes.juntadeandalucia.es\/ceipsanginesdelajara\/wp-json\/wp\/v2\/posts\/6364"}],"collection":[{"href":"https:\/\/blogsaverroes.juntadeandalucia.es\/ceipsanginesdelajara\/wp-json\/wp\/v2\/posts"}],"about":[{"href":"https:\/\/blogsaverroes.juntadeandalucia.es\/ceipsanginesdelajara\/wp-json\/wp\/v2\/types\/post"}],"author":[{"embeddable":true,"href":"https:\/\/blogsaverroes.juntadeandalucia.es\/ceipsanginesdelajara\/wp-json\/wp\/v2\/users\/10716"}],"replies":[{"embeddable":true,"href":"https:\/\/blogsaverroes.juntadeandalucia.es\/ceipsanginesdelajara\/wp-json\/wp\/v2\/comments?post=6364"}],"version-history":[{"count":1,"href":"https:\/\/blogsaverroes.juntadeandalucia.es\/ceipsanginesdelajara\/wp-json\/wp\/v2\/posts\/6364\/revisions"}],"predecessor-version":[{"id":6365,"href":"https:\/\/blogsaverroes.juntadeandalucia.es\/ceipsanginesdelajara\/wp-json\/wp\/v2\/posts\/6364\/revisions\/6365"}],"wp:featuredmedia":[{"embeddable":true,"href":"https:\/\/blogsaverroes.juntadeandalucia.es\/ceipsanginesdelajara\/wp-json\/wp\/v2\/media\/6362"}],"wp:attachment":[{"href":"https:\/\/blogsaverroes.juntadeandalucia.es\/ceipsanginesdelajara\/wp-json\/wp\/v2\/media?parent=6364"}],"wp:term":[{"taxonomy":"category","embeddable":true,"href":"https:\/\/blogsaverroes.juntadeandalucia.es\/ceipsanginesdelajara\/wp-json\/wp\/v2\/categories?post=6364"},{"taxonomy":"post_tag","embeddable":true,"href":"https:\/\/blogsaverroes.juntadeandalucia.es\/ceipsanginesdelajara\/wp-json\/wp\/v2\/tags?post=6364"}],"curies":[{"name":"wp","href":"https:\/\/api.w.org\/{rel}","templated":true}]}}