{"id":2435,"date":"2020-09-30T18:29:48","date_gmt":"2020-09-30T16:29:48","guid":{"rendered":"https:\/\/blogsaverroes.juntadeandalucia.es\/ceipsangregoriooria\/?p=2435"},"modified":"2020-11-28T11:39:12","modified_gmt":"2020-11-28T10:39:12","slug":"2435","status":"publish","type":"post","link":"https:\/\/blogsaverroes.juntadeandalucia.es\/ceipsangregoriooria\/2020\/09\/30\/2435\/","title":{"rendered":"Marcha \u201cJuntos por la Igualdad\u201d."},"content":{"rendered":"<div dir=\"auto\">Nuestro colegio hoy ha visitado la localidad de Mar\u00eda, donde hemos realizado una ruta de senderismo en el <a href=\"https:\/\/es.wikipedia.org\/wiki\/Parque_natural_de_Sierra_Mar%C3%ADa-Los_V%C3%A9lez\">Parque natural de Sierra Mar\u00eda-Los V\u00e9lez. <\/a>All\u00ed, hemos sido acogidos por Miguel \u00c1ngel y Adela, representantes del CEIP Nuestra Se\u00f1ora de la Cabeza, quienes nos han ofrecido unos bonitos obsequios. \u00a1Muchas gracias por todo! \ud83d\ude42<\/div>\n<div dir=\"auto\">ngg_shortcode_0_placeholder<\/div>\n<div dir=\"auto\">ngg_shortcode_1_placeholderngg_shortcode_2_placeholder<a href=\"https:\/\/blogsaverroes.juntadeandalucia.es\/ceipsangregoriooria\/files\/2020\/09\/LOGO-JUNTA-DE-ANDALUC\u00cdA.jpg\"><img decoding=\"async\" class=\"wp-image-2559 aligncenter\" src=\"https:\/\/blogsaverroes.juntadeandalucia.es\/ceipsangregoriooria\/files\/2020\/09\/LOGO-JUNTA-DE-ANDALUC\u00cdA.jpg\" alt=\"\" width=\"207\" height=\"207\" srcset=\"https:\/\/blogsaverroes.juntadeandalucia.es\/ceipsangregoriooria\/files\/2020\/09\/LOGO-JUNTA-DE-ANDALUC\u00cdA.jpg 1500w, https:\/\/blogsaverroes.juntadeandalucia.es\/ceipsangregoriooria\/files\/2020\/09\/LOGO-JUNTA-DE-ANDALUC\u00cdA-300x300.jpg 300w, https:\/\/blogsaverroes.juntadeandalucia.es\/ceipsangregoriooria\/files\/2020\/09\/LOGO-JUNTA-DE-ANDALUC\u00cdA-1024x1024.jpg 1024w, https:\/\/blogsaverroes.juntadeandalucia.es\/ceipsangregoriooria\/files\/2020\/09\/LOGO-JUNTA-DE-ANDALUC\u00cdA-150x150.jpg 150w, https:\/\/blogsaverroes.juntadeandalucia.es\/ceipsangregoriooria\/files\/2020\/09\/LOGO-JUNTA-DE-ANDALUC\u00cdA-768x768.jpg 768w, https:\/\/blogsaverroes.juntadeandalucia.es\/ceipsangregoriooria\/files\/2020\/09\/LOGO-JUNTA-DE-ANDALUC\u00cdA-100x100.jpg 100w, https:\/\/blogsaverroes.juntadeandalucia.es\/ceipsangregoriooria\/files\/2020\/09\/LOGO-JUNTA-DE-ANDALUC\u00cdA-80x80.jpg 80w, https:\/\/blogsaverroes.juntadeandalucia.es\/ceipsangregoriooria\/files\/2020\/09\/LOGO-JUNTA-DE-ANDALUC\u00cdA-320x320.jpg 320w, https:\/\/blogsaverroes.juntadeandalucia.es\/ceipsangregoriooria\/files\/2020\/09\/LOGO-JUNTA-DE-ANDALUC\u00cdA-24x24.jpg 24w, https:\/\/blogsaverroes.juntadeandalucia.es\/ceipsangregoriooria\/files\/2020\/09\/LOGO-JUNTA-DE-ANDALUC\u00cdA-36x36.jpg 36w, https:\/\/blogsaverroes.juntadeandalucia.es\/ceipsangregoriooria\/files\/2020\/09\/LOGO-JUNTA-DE-ANDALUC\u00cdA-48x48.jpg 48w\" sizes=\"(max-width: 207px) 100vw, 207px\" \/><\/a><\/p>\n<\/div>\n<div dir=\"auto\">\n<h5 style=\"text-align: center\"><strong>Las actuaciones y medidas preventivas desarrolladas est\u00e1n fina<\/strong><strong>nciadas por el Ministerio de Presidencia, Relaciones con las Cortes e Igualdad para el desarrollo del Pacto de Estado.<\/strong><\/h5>\n<p><a href=\"https:\/\/blogsaverroes.juntadeandalucia.es\/ceipsangregoriooria\/files\/2020\/09\/LOGO-PACTO-DE-ESTADO-CONTRA-LA-VIOLENCIA-DE-G\u00c9NERO.png\"><img fetchpriority=\"high\" decoding=\"async\" class=\"wp-image-2558 aligncenter\" src=\"https:\/\/blogsaverroes.juntadeandalucia.es\/ceipsangregoriooria\/files\/2020\/09\/LOGO-PACTO-DE-ESTADO-CONTRA-LA-VIOLENCIA-DE-G\u00c9NERO.png\" alt=\"\" width=\"314\" height=\"241\" srcset=\"https:\/\/blogsaverroes.juntadeandalucia.es\/ceipsangregoriooria\/files\/2020\/09\/LOGO-PACTO-DE-ESTADO-CONTRA-LA-VIOLENCIA-DE-G\u00c9NERO.png 882w, https:\/\/blogsaverroes.juntadeandalucia.es\/ceipsangregoriooria\/files\/2020\/09\/LOGO-PACTO-DE-ESTADO-CONTRA-LA-VIOLENCIA-DE-G\u00c9NERO-300x230.png 300w, https:\/\/blogsaverroes.juntadeandalucia.es\/ceipsangregoriooria\/files\/2020\/09\/LOGO-PACTO-DE-ESTADO-CONTRA-LA-VIOLENCIA-DE-G\u00c9NERO-768x589.png 768w, https:\/\/blogsaverroes.juntadeandalucia.es\/ceipsangregoriooria\/files\/2020\/09\/LOGO-PACTO-DE-ESTADO-CONTRA-LA-VIOLENCIA-DE-G\u00c9NERO-24x18.png 24w, https:\/\/blogsaverroes.juntadeandalucia.es\/ceipsangregoriooria\/files\/2020\/09\/LOGO-PACTO-DE-ESTADO-CONTRA-LA-VIOLENCIA-DE-G\u00c9NERO-36x28.png 36w, https:\/\/blogsaverroes.juntadeandalucia.es\/ceipsangregoriooria\/files\/2020\/09\/LOGO-PACTO-DE-ESTADO-CONTRA-LA-VIOLENCIA-DE-G\u00c9NERO-48x37.png 48w\" sizes=\"(max-width: 314px) 100vw, 314px\" \/><\/a><\/p>\n<p><a href=\"https:\/\/blogsaverroes.juntadeandalucia.es\/ceipsangregoriooria\/files\/2020\/09\/LOGO-MINISTERIO-DE-LA-PRESIDENCIA-scaled.jpg\"><img decoding=\"async\" class=\" wp-image-2560 aligncenter\" src=\"https:\/\/blogsaverroes.juntadeandalucia.es\/ceipsangregoriooria\/files\/2020\/09\/LOGO-MINISTERIO-DE-LA-PRESIDENCIA-scaled.jpg\" alt=\"\" width=\"1184\" height=\"239\" srcset=\"https:\/\/blogsaverroes.juntadeandalucia.es\/ceipsangregoriooria\/files\/2020\/09\/LOGO-MINISTERIO-DE-LA-PRESIDENCIA-scaled.jpg 1600w, https:\/\/blogsaverroes.juntadeandalucia.es\/ceipsangregoriooria\/files\/2020\/09\/LOGO-MINISTERIO-DE-LA-PRESIDENCIA-300x61.jpg 300w, https:\/\/blogsaverroes.juntadeandalucia.es\/ceipsangregoriooria\/files\/2020\/09\/LOGO-MINISTERIO-DE-LA-PRESIDENCIA-1024x207.jpg 1024w, https:\/\/blogsaverroes.juntadeandalucia.es\/ceipsangregoriooria\/files\/2020\/09\/LOGO-MINISTERIO-DE-LA-PRESIDENCIA-768x155.jpg 768w, https:\/\/blogsaverroes.juntadeandalucia.es\/ceipsangregoriooria\/files\/2020\/09\/LOGO-MINISTERIO-DE-LA-PRESIDENCIA-1536x310.jpg 1536w, https:\/\/blogsaverroes.juntadeandalucia.es\/ceipsangregoriooria\/files\/2020\/09\/LOGO-MINISTERIO-DE-LA-PRESIDENCIA-2048x413.jpg 2048w, https:\/\/blogsaverroes.juntadeandalucia.es\/ceipsangregoriooria\/files\/2020\/09\/LOGO-MINISTERIO-DE-LA-PRESIDENCIA-24x5.jpg 24w, https:\/\/blogsaverroes.juntadeandalucia.es\/ceipsangregoriooria\/files\/2020\/09\/LOGO-MINISTERIO-DE-LA-PRESIDENCIA-36x7.jpg 36w, https:\/\/blogsaverroes.juntadeandalucia.es\/ceipsangregoriooria\/files\/2020\/09\/LOGO-MINISTERIO-DE-LA-PRESIDENCIA-48x10.jpg 48w\" sizes=\"(max-width: 1184px) 100vw, 1184px\" \/><\/a><\/p>\n<p>&nbsp;<\/p>\n<\/div>\n","protected":false},"excerpt":{"rendered":"<p>Nuestro colegio hoy ha visitado la localidad de Mar\u00eda, donde hemos realizado una ruta de senderismo en el Parque natural de Sierra Mar\u00eda-Los V\u00e9lez. All\u00ed, hemos sido acogidos por Miguel \u00c1ngel y Adela, representantes del&#46;&#46;&#46;<\/p>\n","protected":false},"author":8040,"featured_media":2932,"comment_status":"open","ping_status":"open","sticky":false,"template":"","format":"standard","meta":{"ngg_post_thumbnail":0,"footnotes":""},"categories":[526,19734],"tags":[],"aioseo_notices":[],"_links":{"self":[{"href":"https:\/\/blogsaverroes.juntadeandalucia.es\/ceipsangregoriooria\/wp-json\/wp\/v2\/posts\/2435"}],"collection":[{"href":"https:\/\/blogsaverroes.juntadeandalucia.es\/ceipsangregoriooria\/wp-json\/wp\/v2\/posts"}],"about":[{"href":"https:\/\/blogsaverroes.juntadeandalucia.es\/ceipsangregoriooria\/wp-json\/wp\/v2\/types\/post"}],"author":[{"embeddable":true,"href":"https:\/\/blogsaverroes.juntadeandalucia.es\/ceipsangregoriooria\/wp-json\/wp\/v2\/users\/8040"}],"replies":[{"embeddable":true,"href":"https:\/\/blogsaverroes.juntadeandalucia.es\/ceipsangregoriooria\/wp-json\/wp\/v2\/comments?post=2435"}],"version-history":[{"count":19,"href":"https:\/\/blogsaverroes.juntadeandalucia.es\/ceipsangregoriooria\/wp-json\/wp\/v2\/posts\/2435\/revisions"}],"predecessor-version":[{"id":2850,"href":"https:\/\/blogsaverroes.juntadeandalucia.es\/ceipsangregoriooria\/wp-json\/wp\/v2\/posts\/2435\/revisions\/2850"}],"wp:featuredmedia":[{"embeddable":true,"href":"https:\/\/blogsaverroes.juntadeandalucia.es\/ceipsangregoriooria\/wp-json\/wp\/v2\/media\/2932"}],"wp:attachment":[{"href":"https:\/\/blogsaverroes.juntadeandalucia.es\/ceipsangregoriooria\/wp-json\/wp\/v2\/media?parent=2435"}],"wp:term":[{"taxonomy":"category","embeddable":true,"href":"https:\/\/blogsaverroes.juntadeandalucia.es\/ceipsangregoriooria\/wp-json\/wp\/v2\/categories?post=2435"},{"taxonomy":"post_tag","embeddable":true,"href":"https:\/\/blogsaverroes.juntadeandalucia.es\/ceipsangregoriooria\/wp-json\/wp\/v2\/tags?post=2435"}],"curies":[{"name":"wp","href":"https:\/\/api.w.org\/{rel}","templated":true}]}}