{"id":2685,"date":"2021-03-09T09:10:10","date_gmt":"2021-03-09T09:10:10","guid":{"rendered":"https:\/\/blogsaverroes.juntadeandalucia.es\/ceipsanisicio\/?p=2685"},"modified":"2021-03-08T22:37:14","modified_gmt":"2021-03-08T22:37:14","slug":"8-de-marzo-dia-de-la-mujer","status":"publish","type":"post","link":"https:\/\/blogsaverroes.juntadeandalucia.es\/ceipsanisicio\/8-de-marzo-dia-de-la-mujer\/","title":{"rendered":"8 de marzo, d\u00eda de la MUJER."},"content":{"rendered":"<p style=\"text-align: justify;padding-left: 120px\"><iframe loading=\"lazy\" src=\"\/\/www.youtube.com\/embed\/Z0gfD_BNg94\" width=\"560\" height=\"314\"><\/iframe><\/p>\n<p style=\"text-align: justify\">En Educaci\u00f3n Infantil de 5 a\u00f1os hemos realizado este taller de igualdad por el <span style=\"color: #800080\">D\u00eda de la Mujer<\/span>. Para ello hemos querido ensalzar el papel de las madres en todas sus facetas. Hemos partido del cuento motivador : <span style=\"color: #800080\"><em>Mi mam\u00e1 es \u00fanica<\/em>,<\/span> y hemos realizado una serie de actividades en relaci\u00f3n \u00e9l, como vemos en las siguientes im\u00e1genes:<\/p>\n<p><img loading=\"lazy\" decoding=\"async\" class=\"size-medium wp-image-2690 aligncenter\" src=\"https:\/\/blogsaverroes.juntadeandalucia.es\/ceipsanisicio\/files\/2021\/03\/IMG_9177-300x282.jpg\" alt=\"\" width=\"300\" height=\"282\" srcset=\"https:\/\/blogsaverroes.juntadeandalucia.es\/ceipsanisicio\/files\/2021\/03\/IMG_9177-300x282.jpg 300w, https:\/\/blogsaverroes.juntadeandalucia.es\/ceipsanisicio\/files\/2021\/03\/IMG_9177-1024x962.jpg 1024w, https:\/\/blogsaverroes.juntadeandalucia.es\/ceipsanisicio\/files\/2021\/03\/IMG_9177-768x722.jpg 768w, https:\/\/blogsaverroes.juntadeandalucia.es\/ceipsanisicio\/files\/2021\/03\/IMG_9177.jpg 1242w\" sizes=\"(max-width: 300px) 100vw, 300px\" \/><\/p>\n<p>&nbsp;<\/p>\n<p style=\"text-align: center\"><img loading=\"lazy\" decoding=\"async\" class=\"alignnone size-medium wp-image-2688\" src=\"https:\/\/blogsaverroes.juntadeandalucia.es\/ceipsanisicio\/files\/2021\/03\/IMG_9163-225x300.jpg\" alt=\"\" width=\"225\" height=\"300\" srcset=\"https:\/\/blogsaverroes.juntadeandalucia.es\/ceipsanisicio\/files\/2021\/03\/IMG_9163-225x300.jpg 225w, https:\/\/blogsaverroes.juntadeandalucia.es\/ceipsanisicio\/files\/2021\/03\/IMG_9163-768x1024.jpg 768w, https:\/\/blogsaverroes.juntadeandalucia.es\/ceipsanisicio\/files\/2021\/03\/IMG_9163-1152x1536.jpg 1152w, https:\/\/blogsaverroes.juntadeandalucia.es\/ceipsanisicio\/files\/2021\/03\/IMG_9163-1536x2048.jpg 1536w, https:\/\/blogsaverroes.juntadeandalucia.es\/ceipsanisicio\/files\/2021\/03\/IMG_9163-scaled.jpg 1200w\" sizes=\"(max-width: 225px) 100vw, 225px\" \/><\/p>\n<p style=\"text-align: center\"><img loading=\"lazy\" decoding=\"async\" class=\"alignnone wp-image-2686\" src=\"https:\/\/blogsaverroes.juntadeandalucia.es\/ceipsanisicio\/files\/2021\/03\/891ed65c-0b77-41c7-9515-f7e7600398af-300x225.jpg\" alt=\"\" width=\"418\" height=\"313\" srcset=\"https:\/\/blogsaverroes.juntadeandalucia.es\/ceipsanisicio\/files\/2021\/03\/891ed65c-0b77-41c7-9515-f7e7600398af-300x225.jpg 300w, https:\/\/blogsaverroes.juntadeandalucia.es\/ceipsanisicio\/files\/2021\/03\/891ed65c-0b77-41c7-9515-f7e7600398af-768x576.jpg 768w, https:\/\/blogsaverroes.juntadeandalucia.es\/ceipsanisicio\/files\/2021\/03\/891ed65c-0b77-41c7-9515-f7e7600398af.jpg 1024w\" sizes=\"(max-width: 418px) 100vw, 418px\" \/><\/p>\n<p style=\"text-align: center\"><img loading=\"lazy\" decoding=\"async\" class=\"alignnone size-medium wp-image-2687\" src=\"https:\/\/blogsaverroes.juntadeandalucia.es\/ceipsanisicio\/files\/2021\/03\/IMG_9157-300x225.jpg\" alt=\"\" width=\"300\" height=\"225\" srcset=\"https:\/\/blogsaverroes.juntadeandalucia.es\/ceipsanisicio\/files\/2021\/03\/IMG_9157-300x225.jpg 300w, https:\/\/blogsaverroes.juntadeandalucia.es\/ceipsanisicio\/files\/2021\/03\/IMG_9157-1024x768.jpg 1024w, https:\/\/blogsaverroes.juntadeandalucia.es\/ceipsanisicio\/files\/2021\/03\/IMG_9157-768x576.jpg 768w, https:\/\/blogsaverroes.juntadeandalucia.es\/ceipsanisicio\/files\/2021\/03\/IMG_9157-1536x1152.jpg 1536w, https:\/\/blogsaverroes.juntadeandalucia.es\/ceipsanisicio\/files\/2021\/03\/IMG_9157-2048x1536.jpg 2048w, https:\/\/blogsaverroes.juntadeandalucia.es\/ceipsanisicio\/files\/2021\/03\/IMG_9157-scaled.jpg 1600w\" sizes=\"(max-width: 300px) 100vw, 300px\" \/><\/p>\n<p style=\"text-align: center\"><img loading=\"lazy\" decoding=\"async\" class=\"alignnone wp-image-2689\" src=\"https:\/\/blogsaverroes.juntadeandalucia.es\/ceipsanisicio\/files\/2021\/03\/IMG_9171-300x225.jpg\" alt=\"\" width=\"419\" height=\"314\" srcset=\"https:\/\/blogsaverroes.juntadeandalucia.es\/ceipsanisicio\/files\/2021\/03\/IMG_9171-300x225.jpg 300w, https:\/\/blogsaverroes.juntadeandalucia.es\/ceipsanisicio\/files\/2021\/03\/IMG_9171-1024x768.jpg 1024w, https:\/\/blogsaverroes.juntadeandalucia.es\/ceipsanisicio\/files\/2021\/03\/IMG_9171-768x576.jpg 768w, https:\/\/blogsaverroes.juntadeandalucia.es\/ceipsanisicio\/files\/2021\/03\/IMG_9171-1536x1152.jpg 1536w, https:\/\/blogsaverroes.juntadeandalucia.es\/ceipsanisicio\/files\/2021\/03\/IMG_9171-2048x1536.jpg 2048w, https:\/\/blogsaverroes.juntadeandalucia.es\/ceipsanisicio\/files\/2021\/03\/IMG_9171-scaled.jpg 1600w\" sizes=\"(max-width: 419px) 100vw, 419px\" \/><\/p>\n<p>&nbsp;<\/p>\n<p>&nbsp;<\/p>\n","protected":false},"excerpt":{"rendered":"<p>En Educaci\u00f3n Infantil de 5 a\u00f1os hemos realizado este taller de igualdad por el D\u00eda de la Mujer. Para ello hemos querido ensalzar el papel de las madres en todas sus facetas. Hemos partido&#46;&#46;&#46;<\/p>\n","protected":false},"author":10807,"featured_media":2690,"comment_status":"closed","ping_status":"closed","sticky":false,"template":"","format":"standard","meta":{"ngg_post_thumbnail":0,"footnotes":""},"categories":[26636,25498,526],"tags":[],"aioseo_notices":[],"_links":{"self":[{"href":"https:\/\/blogsaverroes.juntadeandalucia.es\/ceipsanisicio\/wp-json\/wp\/v2\/posts\/2685"}],"collection":[{"href":"https:\/\/blogsaverroes.juntadeandalucia.es\/ceipsanisicio\/wp-json\/wp\/v2\/posts"}],"about":[{"href":"https:\/\/blogsaverroes.juntadeandalucia.es\/ceipsanisicio\/wp-json\/wp\/v2\/types\/post"}],"author":[{"embeddable":true,"href":"https:\/\/blogsaverroes.juntadeandalucia.es\/ceipsanisicio\/wp-json\/wp\/v2\/users\/10807"}],"replies":[{"embeddable":true,"href":"https:\/\/blogsaverroes.juntadeandalucia.es\/ceipsanisicio\/wp-json\/wp\/v2\/comments?post=2685"}],"version-history":[{"count":2,"href":"https:\/\/blogsaverroes.juntadeandalucia.es\/ceipsanisicio\/wp-json\/wp\/v2\/posts\/2685\/revisions"}],"predecessor-version":[{"id":2692,"href":"https:\/\/blogsaverroes.juntadeandalucia.es\/ceipsanisicio\/wp-json\/wp\/v2\/posts\/2685\/revisions\/2692"}],"wp:featuredmedia":[{"embeddable":true,"href":"https:\/\/blogsaverroes.juntadeandalucia.es\/ceipsanisicio\/wp-json\/wp\/v2\/media\/2690"}],"wp:attachment":[{"href":"https:\/\/blogsaverroes.juntadeandalucia.es\/ceipsanisicio\/wp-json\/wp\/v2\/media?parent=2685"}],"wp:term":[{"taxonomy":"category","embeddable":true,"href":"https:\/\/blogsaverroes.juntadeandalucia.es\/ceipsanisicio\/wp-json\/wp\/v2\/categories?post=2685"},{"taxonomy":"post_tag","embeddable":true,"href":"https:\/\/blogsaverroes.juntadeandalucia.es\/ceipsanisicio\/wp-json\/wp\/v2\/tags?post=2685"}],"curies":[{"name":"wp","href":"https:\/\/api.w.org\/{rel}","templated":true}]}}