{"id":2804,"date":"2021-04-10T09:42:36","date_gmt":"2021-04-10T09:42:36","guid":{"rendered":"https:\/\/blogsaverroes.juntadeandalucia.es\/ceipsanisicio\/?p=2804"},"modified":"2021-04-10T09:42:50","modified_gmt":"2021-04-10T09:42:50","slug":"programa-escolar-de-consumo-de-leche-y-otros-lacteos","status":"publish","type":"post","link":"https:\/\/blogsaverroes.juntadeandalucia.es\/ceipsanisicio\/programa-escolar-de-consumo-de-leche-y-otros-lacteos\/","title":{"rendered":"Programa escolar de consumo de leche y otros l\u00e1cteos."},"content":{"rendered":"<p><img loading=\"lazy\" decoding=\"async\" class=\"wp-image-2805 alignleft\" src=\"https:\/\/blogsaverroes.juntadeandalucia.es\/ceipsanisicio\/files\/2021\/04\/WhatsApp-Image-2021-04-09-at-12.59.52-193x300.jpeg\" alt=\"\" width=\"311\" height=\"483\" srcset=\"https:\/\/blogsaverroes.juntadeandalucia.es\/ceipsanisicio\/files\/2021\/04\/WhatsApp-Image-2021-04-09-at-12.59.52-193x300.jpeg 193w, https:\/\/blogsaverroes.juntadeandalucia.es\/ceipsanisicio\/files\/2021\/04\/WhatsApp-Image-2021-04-09-at-12.59.52-659x1024.jpeg 659w, https:\/\/blogsaverroes.juntadeandalucia.es\/ceipsanisicio\/files\/2021\/04\/WhatsApp-Image-2021-04-09-at-12.59.52-768x1193.jpeg 768w, https:\/\/blogsaverroes.juntadeandalucia.es\/ceipsanisicio\/files\/2021\/04\/WhatsApp-Image-2021-04-09-at-12.59.52.jpeg 824w\" sizes=\"(max-width: 311px) 100vw, 311px\" \/><\/p>\n<p style=\"text-align: justify\">Estimadas familias:<\/p>\n<p style=\"text-align: justify\">Desde el Programa de Innovaci\u00f3n Educativa, H\u00e1bitos de Vida Saludable, en su modalidad Creciendo en Salud, que desarrollamos en el colegio, puesto en marcha por la Consejer\u00eda de Educaci\u00f3n y Deporte, hemos recibido la primera entrega de leche para nuestro alumnado.<\/p>\n<p style=\"text-align: justify\">Cada alumno\/a recibir\u00e1 4 raciones de leche entera tratada t\u00e9rmicamente UHT. Asimismo, tambi\u00e9n hemos recibido leche sin lactosa para el alumnado que requiera la misma.<\/p>\n<p style=\"text-align: justify\">La entregas se realizar\u00e1n los d\u00edas:<\/p>\n<p>-Lunes: 12 de abril.<br \/>\n-Martes: 13 de abril.<br \/>\n-Mi\u00e9rcoles: 14 de abril.<br \/>\n-Jueves: 15 de abril.<\/p>\n<p style=\"text-align: justify\">La leche que se ha suministrado al Centro ha sido en envases de Tetra Brik sin aluminio de 1 litro.<\/p>\n<p style=\"text-align: justify\">Para la ingesta de leche, el alumnado que quiera participar en este desayuno deber\u00e1 aportar un recipiente para la raci\u00f3n. Es imprescindible que el alumnado aporte este recipiente y no se opte por los de un solo uso.<\/p>\n<p style=\"text-align: justify\">Si alg\u00fan ni\u00f1o\/a es al\u00e9rgico\/a a la leche, debe indicarlo a su maestro\/a.<\/p>\n<p style=\"text-align: justify\">El reparto de leche se llevar\u00e1 a cabo siguiendo las normas de seguridad establecidas en nuestro plan de contingencia Covid-19.<\/p>\n<p style=\"text-align: center\">\ud83e\udd5b\u00a1Disfruta con los l\u00e1cteos!\ud83e\udd5b<\/p>\n","protected":false},"excerpt":{"rendered":"<p>Estimadas familias: Desde el Programa de Innovaci\u00f3n Educativa, H\u00e1bitos de Vida Saludable, en su modalidad Creciendo en Salud, que desarrollamos en el colegio, puesto en marcha por la Consejer\u00eda de Educaci\u00f3n y Deporte, hemos&#46;&#46;&#46;<\/p>\n","protected":false},"author":10807,"featured_media":2805,"comment_status":"closed","ping_status":"closed","sticky":false,"template":"","format":"standard","meta":{"ngg_post_thumbnail":0,"footnotes":""},"categories":[26636,25494,25495,25496,526],"tags":[],"aioseo_notices":[],"_links":{"self":[{"href":"https:\/\/blogsaverroes.juntadeandalucia.es\/ceipsanisicio\/wp-json\/wp\/v2\/posts\/2804"}],"collection":[{"href":"https:\/\/blogsaverroes.juntadeandalucia.es\/ceipsanisicio\/wp-json\/wp\/v2\/posts"}],"about":[{"href":"https:\/\/blogsaverroes.juntadeandalucia.es\/ceipsanisicio\/wp-json\/wp\/v2\/types\/post"}],"author":[{"embeddable":true,"href":"https:\/\/blogsaverroes.juntadeandalucia.es\/ceipsanisicio\/wp-json\/wp\/v2\/users\/10807"}],"replies":[{"embeddable":true,"href":"https:\/\/blogsaverroes.juntadeandalucia.es\/ceipsanisicio\/wp-json\/wp\/v2\/comments?post=2804"}],"version-history":[{"count":3,"href":"https:\/\/blogsaverroes.juntadeandalucia.es\/ceipsanisicio\/wp-json\/wp\/v2\/posts\/2804\/revisions"}],"predecessor-version":[{"id":2808,"href":"https:\/\/blogsaverroes.juntadeandalucia.es\/ceipsanisicio\/wp-json\/wp\/v2\/posts\/2804\/revisions\/2808"}],"wp:featuredmedia":[{"embeddable":true,"href":"https:\/\/blogsaverroes.juntadeandalucia.es\/ceipsanisicio\/wp-json\/wp\/v2\/media\/2805"}],"wp:attachment":[{"href":"https:\/\/blogsaverroes.juntadeandalucia.es\/ceipsanisicio\/wp-json\/wp\/v2\/media?parent=2804"}],"wp:term":[{"taxonomy":"category","embeddable":true,"href":"https:\/\/blogsaverroes.juntadeandalucia.es\/ceipsanisicio\/wp-json\/wp\/v2\/categories?post=2804"},{"taxonomy":"post_tag","embeddable":true,"href":"https:\/\/blogsaverroes.juntadeandalucia.es\/ceipsanisicio\/wp-json\/wp\/v2\/tags?post=2804"}],"curies":[{"name":"wp","href":"https:\/\/api.w.org\/{rel}","templated":true}]}}