{"id":3211,"date":"2021-06-22T16:00:41","date_gmt":"2021-06-22T16:00:41","guid":{"rendered":"https:\/\/blogsaverroes.juntadeandalucia.es\/ceipsanisicio\/?p=3211"},"modified":"2021-06-22T16:02:45","modified_gmt":"2021-06-22T16:02:45","slug":"entrega-de-notas-finales-2020-2021","status":"publish","type":"post","link":"https:\/\/blogsaverroes.juntadeandalucia.es\/ceipsanisicio\/entrega-de-notas-finales-2020-2021\/","title":{"rendered":"Entrega de notas finales (2020-2021)."},"content":{"rendered":"<p><img loading=\"lazy\" decoding=\"async\" class=\"size-medium wp-image-3212 aligncenter\" src=\"https:\/\/blogsaverroes.juntadeandalucia.es\/ceipsanisicio\/files\/2021\/06\/Sin-t\u00edtulo-300x201.jpg\" alt=\"\" width=\"300\" height=\"201\" srcset=\"https:\/\/blogsaverroes.juntadeandalucia.es\/ceipsanisicio\/files\/2021\/06\/Sin-t\u00edtulo-300x201.jpg 300w, https:\/\/blogsaverroes.juntadeandalucia.es\/ceipsanisicio\/files\/2021\/06\/Sin-t\u00edtulo.jpg 643w\" sizes=\"(max-width: 300px) 100vw, 300px\" \/><\/p>\n<p style=\"text-align: center\">Estimadas familias, les informamos que el pr\u00f3ximo<span style=\"color: #003300\"><strong> jueves, 24 de junio<\/strong> <\/span>se entregar\u00e1n las notas a trav\u00e9s de <strong><span style=\"color: #003300\">iPasen.<\/span><\/strong><\/p>\n","protected":false},"excerpt":{"rendered":"<p>Estimadas familias, les informamos que el pr\u00f3ximo jueves, 24 de junio se entregar\u00e1n las notas a trav\u00e9s de iPasen.<\/p>\n","protected":false},"author":10807,"featured_media":3212,"comment_status":"closed","ping_status":"closed","sticky":false,"template":"","format":"standard","meta":{"ngg_post_thumbnail":0,"footnotes":""},"categories":[26636,25494,25495,25496,526],"tags":[],"aioseo_notices":[],"_links":{"self":[{"href":"https:\/\/blogsaverroes.juntadeandalucia.es\/ceipsanisicio\/wp-json\/wp\/v2\/posts\/3211"}],"collection":[{"href":"https:\/\/blogsaverroes.juntadeandalucia.es\/ceipsanisicio\/wp-json\/wp\/v2\/posts"}],"about":[{"href":"https:\/\/blogsaverroes.juntadeandalucia.es\/ceipsanisicio\/wp-json\/wp\/v2\/types\/post"}],"author":[{"embeddable":true,"href":"https:\/\/blogsaverroes.juntadeandalucia.es\/ceipsanisicio\/wp-json\/wp\/v2\/users\/10807"}],"replies":[{"embeddable":true,"href":"https:\/\/blogsaverroes.juntadeandalucia.es\/ceipsanisicio\/wp-json\/wp\/v2\/comments?post=3211"}],"version-history":[{"count":2,"href":"https:\/\/blogsaverroes.juntadeandalucia.es\/ceipsanisicio\/wp-json\/wp\/v2\/posts\/3211\/revisions"}],"predecessor-version":[{"id":3214,"href":"https:\/\/blogsaverroes.juntadeandalucia.es\/ceipsanisicio\/wp-json\/wp\/v2\/posts\/3211\/revisions\/3214"}],"wp:featuredmedia":[{"embeddable":true,"href":"https:\/\/blogsaverroes.juntadeandalucia.es\/ceipsanisicio\/wp-json\/wp\/v2\/media\/3212"}],"wp:attachment":[{"href":"https:\/\/blogsaverroes.juntadeandalucia.es\/ceipsanisicio\/wp-json\/wp\/v2\/media?parent=3211"}],"wp:term":[{"taxonomy":"category","embeddable":true,"href":"https:\/\/blogsaverroes.juntadeandalucia.es\/ceipsanisicio\/wp-json\/wp\/v2\/categories?post=3211"},{"taxonomy":"post_tag","embeddable":true,"href":"https:\/\/blogsaverroes.juntadeandalucia.es\/ceipsanisicio\/wp-json\/wp\/v2\/tags?post=3211"}],"curies":[{"name":"wp","href":"https:\/\/api.w.org\/{rel}","templated":true}]}}