{"id":3328,"date":"2021-12-07T11:59:55","date_gmt":"2021-12-07T11:59:55","guid":{"rendered":"https:\/\/blogsaverroes.juntadeandalucia.es\/ceipsanisicio\/?p=3328"},"modified":"2021-12-07T11:59:55","modified_gmt":"2021-12-07T11:59:55","slug":"3328-2","status":"publish","type":"post","link":"https:\/\/blogsaverroes.juntadeandalucia.es\/ceipsanisicio\/3328-2\/","title":{"rendered":""},"content":{"rendered":"<p><img loading=\"lazy\" decoding=\"async\" class=\"alignnone size-medium wp-image-3329\" src=\"https:\/\/blogsaverroes.juntadeandalucia.es\/ceipsanisicio\/files\/2021\/12\/25-NOVIEMBRE-300x225.jpeg\" alt=\"\" width=\"300\" height=\"225\" srcset=\"https:\/\/blogsaverroes.juntadeandalucia.es\/ceipsanisicio\/files\/2021\/12\/25-NOVIEMBRE-300x225.jpeg 300w, https:\/\/blogsaverroes.juntadeandalucia.es\/ceipsanisicio\/files\/2021\/12\/25-NOVIEMBRE-1024x768.jpeg 1024w, https:\/\/blogsaverroes.juntadeandalucia.es\/ceipsanisicio\/files\/2021\/12\/25-NOVIEMBRE-768x576.jpeg 768w, https:\/\/blogsaverroes.juntadeandalucia.es\/ceipsanisicio\/files\/2021\/12\/25-NOVIEMBRE-1536x1152.jpeg 1536w, https:\/\/blogsaverroes.juntadeandalucia.es\/ceipsanisicio\/files\/2021\/12\/25-NOVIEMBRE.jpeg 1600w\" sizes=\"(max-width: 300px) 100vw, 300px\" \/><\/p>\n<p align=\"CENTER\"><span style=\"font-family: Arial, serif\"><span style=\"font-size: medium\"><b>Educaci\u00f3n Infantil.<\/b><\/span><\/span><\/p>\n<p><span style=\"font-family: Arial, serif\"><span style=\"font-size: medium\">Hoy en nuestro ciclo hemos aprovechado el 25 de noviembre, D\u00eda Internacional de la violencia contra la mujer, para hablar sobre la importancia de tratarnos bien.<\/span><\/span><\/p>\n<p><a name=\"_GoBack\"><\/a>\u201c<span style=\"font-family: Arial, serif\"><span style=\"font-size: medium\">Arturo y Clementina\u201d es un cuento perfecto para el alumnado de educaci\u00f3n infantil en un d\u00eda como hoy, y as\u00ed fue propuesto desde del Plan de igualdad.<\/span><\/span><\/p>\n<p><span style=\"font-family: Arial, serif\"><span style=\"font-size: medium\">Es un cuento para reflexionar en el que no es necesario dar la moraleja, una historia que entienden perfectamente y con el que siempre surgen interesantes frases y situaciones.<\/span><\/span><\/p>\n<p><span style=\"font-family: Arial, serif\"><span style=\"font-size: medium\">Tras visionar el cuento de estas dos tortugas se ha establecido un debate en el que nuestros peque\u00f1os no solo han podido expresar su opini\u00f3n acerca de la situaci\u00f3n narrada en la historia, sino tambi\u00e9n aportar sus ideas para ayudar a Clementina. Tanto las opiniones vertidas como las soluciones aportadas estaban cargadas de empat\u00eda, sentido com\u00fan y respeto hacia ella.<\/span><\/span><\/p>\n<p><span style=\"font-family: Arial, serif\"><span style=\"font-size: medium\">Al t\u00e9rmino del mismo se han puesto manos a la obra y han creado una nueva casa para Clementina. De esta manera, podr\u00e1 llenarla de todo aquello que verdaderamente la haga feliz, y no de algo impuesto.<\/span><\/span><\/p>\n<p><span style=\"font-family: Arial, serif\"><span style=\"font-size: medium\">Se ha querido completar este trabajo con otras propuestas pl\u00e1sticas como la realizaci\u00f3n de dibujos de Arturo y Clementina, \u201cCon mis manos puedo\u2026 todo menos pegar\u201d e indumentaria de distintos colores para las princesas. Tambi\u00e9n se han realizado varias proyecciones como: \u00bfHay algo m\u00e1s aburrido que ser una princesa rosa? y Pepuka y el monstruo que se llev\u00f3 su sonrisa) vinculadas a este tema. <\/span><\/span><\/p>\n<p><span style=\"font-family: Arial, serif\"><span style=\"font-size: medium\">De esta manera y desde nuestro ciclo hemos querido conmemorar un d\u00eda como el de hoy.<\/span><\/span><\/p>\nngg_shortcode_0_placeholder\n","protected":false},"excerpt":{"rendered":"<p>Educaci\u00f3n Infantil. Hoy en nuestro ciclo hemos aprovechado el 25 de noviembre, D\u00eda Internacional de la violencia contra la mujer, para hablar sobre la importancia de tratarnos bien. \u201cArturo y Clementina\u201d es un cuento&#46;&#46;&#46;<\/p>\n","protected":false},"author":10807,"featured_media":3329,"comment_status":"closed","ping_status":"closed","sticky":false,"template":"","format":"standard","meta":{"ngg_post_thumbnail":0,"footnotes":""},"categories":[526],"tags":[],"aioseo_notices":[],"_links":{"self":[{"href":"https:\/\/blogsaverroes.juntadeandalucia.es\/ceipsanisicio\/wp-json\/wp\/v2\/posts\/3328"}],"collection":[{"href":"https:\/\/blogsaverroes.juntadeandalucia.es\/ceipsanisicio\/wp-json\/wp\/v2\/posts"}],"about":[{"href":"https:\/\/blogsaverroes.juntadeandalucia.es\/ceipsanisicio\/wp-json\/wp\/v2\/types\/post"}],"author":[{"embeddable":true,"href":"https:\/\/blogsaverroes.juntadeandalucia.es\/ceipsanisicio\/wp-json\/wp\/v2\/users\/10807"}],"replies":[{"embeddable":true,"href":"https:\/\/blogsaverroes.juntadeandalucia.es\/ceipsanisicio\/wp-json\/wp\/v2\/comments?post=3328"}],"version-history":[{"count":1,"href":"https:\/\/blogsaverroes.juntadeandalucia.es\/ceipsanisicio\/wp-json\/wp\/v2\/posts\/3328\/revisions"}],"predecessor-version":[{"id":3339,"href":"https:\/\/blogsaverroes.juntadeandalucia.es\/ceipsanisicio\/wp-json\/wp\/v2\/posts\/3328\/revisions\/3339"}],"wp:featuredmedia":[{"embeddable":true,"href":"https:\/\/blogsaverroes.juntadeandalucia.es\/ceipsanisicio\/wp-json\/wp\/v2\/media\/3329"}],"wp:attachment":[{"href":"https:\/\/blogsaverroes.juntadeandalucia.es\/ceipsanisicio\/wp-json\/wp\/v2\/media?parent=3328"}],"wp:term":[{"taxonomy":"category","embeddable":true,"href":"https:\/\/blogsaverroes.juntadeandalucia.es\/ceipsanisicio\/wp-json\/wp\/v2\/categories?post=3328"},{"taxonomy":"post_tag","embeddable":true,"href":"https:\/\/blogsaverroes.juntadeandalucia.es\/ceipsanisicio\/wp-json\/wp\/v2\/tags?post=3328"}],"curies":[{"name":"wp","href":"https:\/\/api.w.org\/{rel}","templated":true}]}}