{"id":3494,"date":"2022-03-02T13:58:59","date_gmt":"2022-03-02T13:58:59","guid":{"rendered":"https:\/\/blogsaverroes.juntadeandalucia.es\/ceipsanisicio\/?p=3494"},"modified":"2022-03-02T13:59:22","modified_gmt":"2022-03-02T13:59:22","slug":"programa-aldea","status":"publish","type":"post","link":"https:\/\/blogsaverroes.juntadeandalucia.es\/ceipsanisicio\/programa-aldea\/","title":{"rendered":"Programa Aldea. Suelta de un lince"},"content":{"rendered":"<div dir=\"auto\">El alumnado de quinto y sexto de E. Primaria ha participado en la suelta de un peque\u00f1o lince, lamado \u00abSue\u00f1o. \u00abEl objetivo principal de llevar de excursi\u00f3n al tercer ciclo de primaria (99 alumnos\/ as) al Pantano del Giribaile es la observaci\u00f3n directa de una especie en peligro de extinci\u00f3n y conocer diversos aspectos sobre la vida de este felino. Desarrollar la empat\u00eda del alumnado, mediante&nbsp; actividades de respeto y responsabilidad hacia los animales. Tambi\u00e9n concienciarlos y sensibilizarlos ante los problemas medioambientales.<\/div>\n<div dir=\"auto\">ngg_shortcode_0_placeholder<\/div>\n","protected":false},"excerpt":{"rendered":"<p>El alumnado de quinto y sexto de E. Primaria ha participado en la suelta de un peque\u00f1o lince, lamado \u00abSue\u00f1o. \u00abEl objetivo principal de llevar de excursi\u00f3n al tercer ciclo de primaria (99 alumnos\/&#46;&#46;&#46;<\/p>\n","protected":false},"author":10807,"featured_media":3500,"comment_status":"closed","ping_status":"closed","sticky":false,"template":"","format":"standard","meta":{"ngg_post_thumbnail":0,"footnotes":""},"categories":[526],"tags":[],"aioseo_notices":[],"_links":{"self":[{"href":"https:\/\/blogsaverroes.juntadeandalucia.es\/ceipsanisicio\/wp-json\/wp\/v2\/posts\/3494"}],"collection":[{"href":"https:\/\/blogsaverroes.juntadeandalucia.es\/ceipsanisicio\/wp-json\/wp\/v2\/posts"}],"about":[{"href":"https:\/\/blogsaverroes.juntadeandalucia.es\/ceipsanisicio\/wp-json\/wp\/v2\/types\/post"}],"author":[{"embeddable":true,"href":"https:\/\/blogsaverroes.juntadeandalucia.es\/ceipsanisicio\/wp-json\/wp\/v2\/users\/10807"}],"replies":[{"embeddable":true,"href":"https:\/\/blogsaverroes.juntadeandalucia.es\/ceipsanisicio\/wp-json\/wp\/v2\/comments?post=3494"}],"version-history":[{"count":2,"href":"https:\/\/blogsaverroes.juntadeandalucia.es\/ceipsanisicio\/wp-json\/wp\/v2\/posts\/3494\/revisions"}],"predecessor-version":[{"id":3502,"href":"https:\/\/blogsaverroes.juntadeandalucia.es\/ceipsanisicio\/wp-json\/wp\/v2\/posts\/3494\/revisions\/3502"}],"wp:featuredmedia":[{"embeddable":true,"href":"https:\/\/blogsaverroes.juntadeandalucia.es\/ceipsanisicio\/wp-json\/wp\/v2\/media\/3500"}],"wp:attachment":[{"href":"https:\/\/blogsaverroes.juntadeandalucia.es\/ceipsanisicio\/wp-json\/wp\/v2\/media?parent=3494"}],"wp:term":[{"taxonomy":"category","embeddable":true,"href":"https:\/\/blogsaverroes.juntadeandalucia.es\/ceipsanisicio\/wp-json\/wp\/v2\/categories?post=3494"},{"taxonomy":"post_tag","embeddable":true,"href":"https:\/\/blogsaverroes.juntadeandalucia.es\/ceipsanisicio\/wp-json\/wp\/v2\/tags?post=3494"}],"curies":[{"name":"wp","href":"https:\/\/api.w.org\/{rel}","templated":true}]}}