{"id":3504,"date":"2022-03-10T09:40:33","date_gmt":"2022-03-10T09:40:33","guid":{"rendered":"https:\/\/blogsaverroes.juntadeandalucia.es\/ceipsanisicio\/?p=3504"},"modified":"2022-03-10T09:40:33","modified_gmt":"2022-03-10T09:40:33","slug":"nuestra-andalucia-e-infantil","status":"publish","type":"post","link":"https:\/\/blogsaverroes.juntadeandalucia.es\/ceipsanisicio\/nuestra-andalucia-e-infantil\/","title":{"rendered":"Nuestra Andaluc\u00eda. E. Infantil"},"content":{"rendered":"<p align=\"RIGHT\">\u201c<span style=\"font-family: Arial, serif\"><span style=\"font-size: medium\"><b>Andaluc\u00eda es una tierra grande, hermosa y sabia.<\/b><\/span><\/span><\/p>\n<p align=\"RIGHT\"><span style=\"font-family: Arial, serif\"><span style=\"font-size: medium\"><b>Si\u00e9ntete orgulloso de ser andaluz\u201d<\/b><\/span><\/span><\/p>\n<p align=\"RIGHT\"><span style=\"font-family: Arial, serif\"><span style=\"font-size: medium\"><b>Blas Infante.<\/b><\/span><\/span><\/p>\n<p align=\"JUSTIFY\"><a name=\"_GoBack\"><\/a> <span style=\"font-family: Arial, serif\"><span style=\"font-size: medium\">De la mano de cuentos como \u201cAnimales\u201d, \u201cLa Pata Andaluc\u00eda\u201d o \u201cH\u00e9rcules llega a Andaluc\u00eda\u201d, nuestros peque\u00f1os han profundizado un poquito m\u00e1s en el conocimiento de su Tierra: sus paisajes, costumbres, gastronom\u00eda, personajes c\u00e9lebres, folclore\u2026<\/span><\/span><\/p>\n<p><span style=\"font-family: Arial, serif\"><span style=\"font-size: medium\">A lo largo de esta semana nuestros peque\u00f1os investigadores han ido buscando, recopilando y aportando informaci\u00f3n acerca de la cultura y tradici\u00f3n andaluza. Han elaborado artesan\u00eda y platos t\u00edpicos, han recitado poes\u00edas, han participado en audiciones, en peque\u00f1as representaciones\u2026<\/span><\/span><\/p>\n<p><span style=\"font-family: Arial, serif\"><span style=\"font-size: medium\">Y como cierre a esta semana de descubrimiento y diversi\u00f3n, el AMPA los invit\u00f3 a un desayuno t\u00edpico andaluz, todo ello amenizado con la actuaci\u00f3n de la Banda Municipal.<\/span><\/span><\/p>\nngg_shortcode_0_placeholder\n","protected":false},"excerpt":{"rendered":"<p>\u201cAndaluc\u00eda es una tierra grande, hermosa y sabia. Si\u00e9ntete orgulloso de ser andaluz\u201d Blas Infante. De la mano de cuentos como \u201cAnimales\u201d, \u201cLa Pata Andaluc\u00eda\u201d o \u201cH\u00e9rcules llega a Andaluc\u00eda\u201d, nuestros peque\u00f1os han profundizado&#46;&#46;&#46;<\/p>\n","protected":false},"author":10807,"featured_media":3523,"comment_status":"closed","ping_status":"closed","sticky":false,"template":"","format":"standard","meta":{"ngg_post_thumbnail":0,"footnotes":""},"categories":[526],"tags":[],"aioseo_notices":[],"_links":{"self":[{"href":"https:\/\/blogsaverroes.juntadeandalucia.es\/ceipsanisicio\/wp-json\/wp\/v2\/posts\/3504"}],"collection":[{"href":"https:\/\/blogsaverroes.juntadeandalucia.es\/ceipsanisicio\/wp-json\/wp\/v2\/posts"}],"about":[{"href":"https:\/\/blogsaverroes.juntadeandalucia.es\/ceipsanisicio\/wp-json\/wp\/v2\/types\/post"}],"author":[{"embeddable":true,"href":"https:\/\/blogsaverroes.juntadeandalucia.es\/ceipsanisicio\/wp-json\/wp\/v2\/users\/10807"}],"replies":[{"embeddable":true,"href":"https:\/\/blogsaverroes.juntadeandalucia.es\/ceipsanisicio\/wp-json\/wp\/v2\/comments?post=3504"}],"version-history":[{"count":1,"href":"https:\/\/blogsaverroes.juntadeandalucia.es\/ceipsanisicio\/wp-json\/wp\/v2\/posts\/3504\/revisions"}],"predecessor-version":[{"id":3524,"href":"https:\/\/blogsaverroes.juntadeandalucia.es\/ceipsanisicio\/wp-json\/wp\/v2\/posts\/3504\/revisions\/3524"}],"wp:featuredmedia":[{"embeddable":true,"href":"https:\/\/blogsaverroes.juntadeandalucia.es\/ceipsanisicio\/wp-json\/wp\/v2\/media\/3523"}],"wp:attachment":[{"href":"https:\/\/blogsaverroes.juntadeandalucia.es\/ceipsanisicio\/wp-json\/wp\/v2\/media?parent=3504"}],"wp:term":[{"taxonomy":"category","embeddable":true,"href":"https:\/\/blogsaverroes.juntadeandalucia.es\/ceipsanisicio\/wp-json\/wp\/v2\/categories?post=3504"},{"taxonomy":"post_tag","embeddable":true,"href":"https:\/\/blogsaverroes.juntadeandalucia.es\/ceipsanisicio\/wp-json\/wp\/v2\/tags?post=3504"}],"curies":[{"name":"wp","href":"https:\/\/api.w.org\/{rel}","templated":true}]}}