{"id":3774,"date":"2022-04-25T08:24:30","date_gmt":"2022-04-25T08:24:30","guid":{"rendered":"https:\/\/blogsaverroes.juntadeandalucia.es\/ceipsanisicio\/?p=3774"},"modified":"2022-04-26T08:34:21","modified_gmt":"2022-04-26T08:34:21","slug":"23-de-abril-dia-del-libro","status":"publish","type":"post","link":"https:\/\/blogsaverroes.juntadeandalucia.es\/ceipsanisicio\/23-de-abril-dia-del-libro\/","title":{"rendered":"Celebraci\u00f3n D\u00eda del libro"},"content":{"rendered":"ngg_shortcode_0_placeholder\n<p align=\"RIGHT\">\u201c<span style=\"font-family: Arial, serif\"><span style=\"font-size: medium\"><b>Para viajar lejos, no hay mejor nave que un libro\u201d<\/b><\/span><\/span><\/p>\n<p align=\"RIGHT\"><span style=\"font-family: Arial, serif\"><span style=\"font-size: medium\"><b>Emily Dickinson<\/b><\/span><\/span><\/p>\n<p align=\"CENTER\"><span style=\"font-family: Arial, serif\"><span style=\"font-size: x-large\"><b>Celebraci\u00f3n D\u00eda del libro<\/b><\/span><\/span><\/p>\n<p align=\"JUSTIFY\"><span style=\"font-family: Arial, serif\"><span style=\"font-size: large\">Como todos\/as sab\u00e9is, el 23 de abril se celebra el d\u00eda del libro. El origen de esta fecha se remonta al a\u00f1o 1926. Y es que un 23 de abril de 1616 fallecieron Cervantes, Shakespeare y Garcilaso de la Vega. As\u00ed que, la fecha para celebrar este d\u00eda no pod\u00eda ser otra.<\/span><\/span><\/p>\n<p align=\"JUSTIFY\"><span style=\"font-family: Arial, serif\"><span style=\"font-size: large\">Desde nuestro Centro y con motivo de esta efem\u00e9ride hemos querido continuar favoreciendo el gusto y el disfrute por la lectura y la escritura a trav\u00e9s de una serie de propuestas motivadoras, donde el verdadero protagonista sea el alumnado.<\/span><\/span><\/p>\n<p align=\"JUSTIFY\"><span style=\"font-family: Arial, serif\"><span style=\"font-size: large\">Para ello, el Equipo de biblioteca junto con los tutores\/as de cada uno de los grupos y resto del profesorado hemos dise\u00f1ado y llevado a cabo tareas como las siguientes:<\/span><\/span><\/p>\n<p align=\"JUSTIFY\"><span style=\"font-family: Arial, serif\"><span style=\"font-size: large\"><b>Educaci\u00f3n infantil, educaci\u00f3n especial y primer ciclo de primaria.<\/b><\/span><\/span><\/p>\n<ul>\n<li>\n<p align=\"JUSTIFY\"><span style=\"font-family: Arial, serif\"><span style=\"font-size: large\"><b>Visita del mago de los cuentos: <\/b><\/span><\/span><span style=\"font-family: Arial, serif\"><span style=\"font-size: large\">el viernes 22 de abril nos visit\u00f3 el Mago de los cuentos, quien nos sorprendi\u00f3 con magn\u00edficos relatos sacados de su chistera.<\/span><\/span><\/p>\n<\/li>\n<li>\n<p align=\"JUSTIFY\"><span style=\"font-family: Arial, serif\"><span style=\"font-size: large\"><b>Me gustar\u00eda estar en el cuento<\/b><\/span><\/span><span style=\"font-family: Arial, serif\"><span style=\"font-size: large\">\u2026: previo trabajo realizado con el tutor\/a, el alumnado hubo de recrear el cuento del que le gustar\u00eda formar parte, caracteriz\u00e1ndose como tal y escribir el t\u00edtulo del cuento seleccionado.<\/span><\/span><\/p>\n<\/li>\n<\/ul>\n<p align=\"JUSTIFY\"><span style=\"font-family: Arial, serif\"><span style=\"font-size: large\"><b>Primer ciclo de primaria<\/b><\/span><\/span><\/p>\n<p align=\"JUSTIFY\"><span style=\"font-family: Arial, serif\"><span style=\"font-size: large\">Primero de primaria:<\/span><\/span><\/p>\n<p align=\"JUSTIFY\"><span style=\"font-family: Arial, serif\"><span style=\"font-size: large\">&#8211; <\/span><\/span><span style=\"font-family: Arial, serif\"><span style=\"font-size: large\"><b>Creo una nueva portada para mi cuento favorito:<\/b><\/span><\/span><span style=\"font-family: Arial, serif\"><span style=\"font-size: large\"> previo trabajo realizado con el tutor\/a, el alumnado hubo de crear una nueva portada para su cuento o lectura favorita y escribir el t\u00edtulo del mismo.<\/span><\/span><\/p>\n<p align=\"JUSTIFY\"><span style=\"font-family: Arial, serif\"><span style=\"font-size: large\">Segundo de primaria:<\/span><\/span><\/p>\n<ul>\n<li>\n<p align=\"JUSTIFY\"><span style=\"font-family: Arial, serif\"><span style=\"font-size: large\"><b>La vuelta al mundo en 80 libros<\/b><\/span><\/span><span style=\"font-family: Arial, serif\"><span style=\"font-size: large\">: a partir de los lugares que aparecen en los libros que leen, crearon su propia gu\u00eda de viaje.<\/span><\/span><\/p>\n<\/li>\n<\/ul>\n<p align=\"JUSTIFY\"><span style=\"font-family: Arial, serif\"><span style=\"font-size: large\">Reflejando la ubicaci\u00f3n, costumbres, monumentos, comida, clima, etc., de esos lugares para recomendarlos. Estos pod\u00edan ser reales, inventados\u2026<\/span><\/span><\/p>\n<p align=\"JUSTIFY\"><span style=\"font-family: Arial, serif\"><span style=\"font-size: large\"><b>Segundo ciclo de primaria<\/b><\/span><\/span><\/p>\n<p align=\"JUSTIFY\"><span style=\"font-family: Arial, serif\"><span style=\"font-size: large\">Tercero de primaria:<\/span><\/span><\/p>\n<ul>\n<li>\n<p align=\"JUSTIFY\"><span style=\"font-family: Arial, serif\"><span style=\"font-size: large\"><b>Crea c\u00f3mic<\/b><\/span><\/span><span style=\"font-family: Arial, serif\"><span style=\"font-size: large\">: cada ni\u00f1o\/a invent\u00f3 una historia rellenando los bocadillos teniendo en cuenta los dibujos que aparecen o creando incluso las im\u00e1genes y el texto.<\/span><\/span><\/p>\n<\/li>\n<\/ul>\n<p align=\"JUSTIFY\"><span style=\"font-family: Arial, serif\"><span style=\"font-size: large\">Cuarto de primaria:<\/span><\/span><\/p>\n<ul>\n<li><span style=\"font-family: Arial, serif\"><span style=\"font-size: large\"><b>Creaci\u00f3n de un relato \u201ccad\u00e1ver exquisito\u201d:<\/b><\/span><\/span><span style=\"font-family: Arial, serif\"><span style=\"font-size: large\"> se realiz\u00f3 por equipos, cada equipo recibi\u00f3 una hoja con una frase, ley\u00f3 esa frase detenidamente y continu\u00f3 escribiendo la siguiente, luego dobl\u00f3 el papel para cubrir la primera frase, de forma en que solo se ve\u00eda la que acaban de crear. Lo pas\u00f3 al siguiente equipo. As\u00ed sucesivamente, hasta que cada equipo hizo su aportaci\u00f3n a cada historia. Al finalizar, se leyeron los relatos completos que surgieron a partir del juego.<\/span><\/span><\/li>\n<\/ul>\n<p><span style=\"font-family: Arial, serif\"><span style=\"font-size: large\">Tercer ciclo de primaria:<\/span><\/span><\/p>\n<ul>\n<li><span style=\"font-family: Arial, serif\"><span style=\"font-size: large\"><b>Micro-relatos<\/b><\/span><\/span><span style=\"font-family: Arial, serif\"><span style=\"font-size: large\">: Se realizaron micro-relatos a partir de una frase seleccionada por el tutor\/a o el grupo paralelo. El alumnado, a partir de esa frase escribi\u00f3 un micro-relato con una extensi\u00f3n m\u00e1xima de 100 palabras, de forma manuscrita y en un folio, respetando los m\u00e1rgenes e invent\u00e1ndose un t\u00edtulo para lo escrito.<\/span><\/span><\/li>\n<\/ul>\n<p><span style=\"font-family: Arial, serif\"><span style=\"font-size: large\">De todos los micro-relatos presentados, se seleccionaron tres que han sido le\u00eddos en la televisi\u00f3n de la comarca.<\/span><\/span><\/p>\n<p><span style=\"font-family: Arial, serif\"><span style=\"font-size: large\">Por \u00faltimo, y en colaboraci\u00f3n con el Ayuntamiento de la localidad, Diez TV \u00dabeda y el IES Castillo de la Yedra, el alumnado ha expuesto sus producciones y participado en la lectura ininterrumpida del Quijote, ha le\u00eddo sus relatos y ha visitado la feria del libro, respectivamente.<\/span><\/span><\/p>\n<p><span style=\"font-family: Arial, serif\"><span style=\"font-size: large\">As\u00ed pues, y desde esta gran experiencia vivida\u2026solo podemos decir: \u201cNo dejes para ma\u00f1ana lo que puedas leer hoy\u201d<\/span><\/span><\/p>\n<div style=\"width: 832px;\" class=\"wp-video\"><!--[if lt IE 9]><script>document.createElement('video');<\/script><![endif]-->\n<video class=\"wp-video-shortcode\" id=\"video-3774-1\" width=\"832\" height=\"464\" preload=\"metadata\" controls=\"controls\"><source type=\"video\/mp4\" src=\"https:\/\/blogsaverroes.juntadeandalucia.es\/ceipsanisicio\/files\/2022\/04\/WhatsApp-Video-2022-04-25-at-10.13.34-AM.mp4?_=1\" \/><a href=\"https:\/\/blogsaverroes.juntadeandalucia.es\/ceipsanisicio\/files\/2022\/04\/WhatsApp-Video-2022-04-25-at-10.13.34-AM.mp4\">https:\/\/blogsaverroes.juntadeandalucia.es\/ceipsanisicio\/files\/2022\/04\/WhatsApp-Video-2022-04-25-at-10.13.34-AM.mp4<\/a><\/video><\/div>\n","protected":false},"excerpt":{"rendered":"<p>\u201cPara viajar lejos, no hay mejor nave que un libro\u201d Emily Dickinson Celebraci\u00f3n D\u00eda del libro Como todos\/as sab\u00e9is, el 23 de abril se celebra el d\u00eda del libro. El origen de esta fecha&#46;&#46;&#46;<\/p>\n","protected":false},"author":10807,"featured_media":3789,"comment_status":"closed","ping_status":"closed","sticky":false,"template":"","format":"standard","meta":{"ngg_post_thumbnail":0,"footnotes":""},"categories":[526],"tags":[],"aioseo_notices":[],"_links":{"self":[{"href":"https:\/\/blogsaverroes.juntadeandalucia.es\/ceipsanisicio\/wp-json\/wp\/v2\/posts\/3774"}],"collection":[{"href":"https:\/\/blogsaverroes.juntadeandalucia.es\/ceipsanisicio\/wp-json\/wp\/v2\/posts"}],"about":[{"href":"https:\/\/blogsaverroes.juntadeandalucia.es\/ceipsanisicio\/wp-json\/wp\/v2\/types\/post"}],"author":[{"embeddable":true,"href":"https:\/\/blogsaverroes.juntadeandalucia.es\/ceipsanisicio\/wp-json\/wp\/v2\/users\/10807"}],"replies":[{"embeddable":true,"href":"https:\/\/blogsaverroes.juntadeandalucia.es\/ceipsanisicio\/wp-json\/wp\/v2\/comments?post=3774"}],"version-history":[{"count":4,"href":"https:\/\/blogsaverroes.juntadeandalucia.es\/ceipsanisicio\/wp-json\/wp\/v2\/posts\/3774\/revisions"}],"predecessor-version":[{"id":3800,"href":"https:\/\/blogsaverroes.juntadeandalucia.es\/ceipsanisicio\/wp-json\/wp\/v2\/posts\/3774\/revisions\/3800"}],"wp:featuredmedia":[{"embeddable":true,"href":"https:\/\/blogsaverroes.juntadeandalucia.es\/ceipsanisicio\/wp-json\/wp\/v2\/media\/3789"}],"wp:attachment":[{"href":"https:\/\/blogsaverroes.juntadeandalucia.es\/ceipsanisicio\/wp-json\/wp\/v2\/media?parent=3774"}],"wp:term":[{"taxonomy":"category","embeddable":true,"href":"https:\/\/blogsaverroes.juntadeandalucia.es\/ceipsanisicio\/wp-json\/wp\/v2\/categories?post=3774"},{"taxonomy":"post_tag","embeddable":true,"href":"https:\/\/blogsaverroes.juntadeandalucia.es\/ceipsanisicio\/wp-json\/wp\/v2\/tags?post=3774"}],"curies":[{"name":"wp","href":"https:\/\/api.w.org\/{rel}","templated":true}]}}