{"id":4348,"date":"2023-06-09T12:12:28","date_gmt":"2023-06-09T12:12:28","guid":{"rendered":"https:\/\/blogsaverroes.juntadeandalucia.es\/ceipsanisicio\/?p=4348"},"modified":"2023-06-13T09:25:38","modified_gmt":"2023-06-13T09:25:38","slug":"5-de-junio-dia-del-medio-ambiente","status":"publish","type":"post","link":"https:\/\/blogsaverroes.juntadeandalucia.es\/ceipsanisicio\/5-de-junio-dia-del-medio-ambiente\/","title":{"rendered":"5 de Junio. D\u00eda del Medio Ambiente"},"content":{"rendered":"<p>El d\u00eda 5 de Junio celebramos el D\u00eda del Medio Ambiente, bajo el lema \u00abSin contaminaci\u00f3n por pl\u00e1sticos\u00bb.<\/p>\n<p>Contamos con la presencia del Delegado del Gobierno en Andaluc\u00eda, D. Jes\u00fas Estrella, la Delegada de Sostenibilidad, Medio ambiente y Econom\u00eda azul, D\u00f1a. Mar\u00eda Jos\u00e9 Lara, El Delegado de Desarrollo Educativo y FP, D. Francisco Jos\u00e9 Solano, El alcalde de nuestra localidad, D. Antonio Jos\u00e9 Rodr\u00edguez, el Concejal de Educaci\u00f3n D. David Olivares, equipos directivos, profesorado y alumnado del IES Castillo de La Yedra y del CEIP Virgen de la Cabeza.<\/p>\n<p>Para la organizaci\u00f3n del evento contamos con T\u00e9cnicos de la Agencia de medio ambiente y agua, personal y alumnado del Centro forestal del Vadillo.<\/p>\n<p>A todos ellos les damos las gracias, por su visita y por su excelente labor, para que todo saliera de la mejor manera.<\/p>\n<p>La feria se desarroll\u00f3 mediante talleres dirigidos por T\u00e9cnicos de la Agencia de medio ambiente del Centro forestal del Vadillo. Se realiz\u00f3 una demostraci\u00f3n con perros adiestrados por la unidad canina especializada en la detecci\u00f3n de cebos envenenados, adem\u00e1s de poner en libertad un ave procedente del Centro de Recuperaci\u00f3n de Aves amenazadas.<\/p>\n<p>Fue un d\u00eda espl\u00e9ndido, donde el alumnado aprendi\u00f3 divirti\u00e9ndose. Al mismo tiempo, nos proporcion\u00f3 una oportunidad, para tomar conciencia de la necesidad de sensibilizarnos en cuidar y conservar nuestra naturaleza. Para ello, puso el acento en la reducci\u00f3n del uso de pl\u00e1sticos, cuya responsabilidad nos ata\u00f1e a todos y fundamentalmente a la industria. Sus efectos est\u00e1n ocasionando terribles p\u00e9rdidas al medio natural de manera imperceptible.<\/p>\n<p>ngg_shortcode_0_placeholder<a href=\"https:\/\/drive.google.com\/file\/d\/1TV9jdUfRoPJEoXWtI7A5gwbT9zRoWQPw\/view?usp=sharing\" name=\"V\u00eddeo de la Feria\">V\u00eddeo de la Feria<\/a><\/p>\n","protected":false},"excerpt":{"rendered":"<p>El d\u00eda 5 de Junio celebramos el D\u00eda del Medio Ambiente, bajo el lema \u00abSin contaminaci\u00f3n por pl\u00e1sticos\u00bb. Contamos con la presencia del Delegado del Gobierno en Andaluc\u00eda, D. Jes\u00fas Estrella, la Delegada de&#46;&#46;&#46;<\/p>\n","protected":false},"author":10807,"featured_media":4350,"comment_status":"closed","ping_status":"closed","sticky":false,"template":"","format":"standard","meta":{"ngg_post_thumbnail":0,"footnotes":""},"categories":[526],"tags":[],"aioseo_notices":[],"_links":{"self":[{"href":"https:\/\/blogsaverroes.juntadeandalucia.es\/ceipsanisicio\/wp-json\/wp\/v2\/posts\/4348"}],"collection":[{"href":"https:\/\/blogsaverroes.juntadeandalucia.es\/ceipsanisicio\/wp-json\/wp\/v2\/posts"}],"about":[{"href":"https:\/\/blogsaverroes.juntadeandalucia.es\/ceipsanisicio\/wp-json\/wp\/v2\/types\/post"}],"author":[{"embeddable":true,"href":"https:\/\/blogsaverroes.juntadeandalucia.es\/ceipsanisicio\/wp-json\/wp\/v2\/users\/10807"}],"replies":[{"embeddable":true,"href":"https:\/\/blogsaverroes.juntadeandalucia.es\/ceipsanisicio\/wp-json\/wp\/v2\/comments?post=4348"}],"version-history":[{"count":9,"href":"https:\/\/blogsaverroes.juntadeandalucia.es\/ceipsanisicio\/wp-json\/wp\/v2\/posts\/4348\/revisions"}],"predecessor-version":[{"id":4386,"href":"https:\/\/blogsaverroes.juntadeandalucia.es\/ceipsanisicio\/wp-json\/wp\/v2\/posts\/4348\/revisions\/4386"}],"wp:featuredmedia":[{"embeddable":true,"href":"https:\/\/blogsaverroes.juntadeandalucia.es\/ceipsanisicio\/wp-json\/wp\/v2\/media\/4350"}],"wp:attachment":[{"href":"https:\/\/blogsaverroes.juntadeandalucia.es\/ceipsanisicio\/wp-json\/wp\/v2\/media?parent=4348"}],"wp:term":[{"taxonomy":"category","embeddable":true,"href":"https:\/\/blogsaverroes.juntadeandalucia.es\/ceipsanisicio\/wp-json\/wp\/v2\/categories?post=4348"},{"taxonomy":"post_tag","embeddable":true,"href":"https:\/\/blogsaverroes.juntadeandalucia.es\/ceipsanisicio\/wp-json\/wp\/v2\/tags?post=4348"}],"curies":[{"name":"wp","href":"https:\/\/api.w.org\/{rel}","templated":true}]}}