{"id":5283,"date":"2025-03-19T09:05:38","date_gmt":"2025-03-19T09:05:38","guid":{"rendered":"https:\/\/blogsaverroes.juntadeandalucia.es\/ceipsanisicio\/?p=5283"},"modified":"2025-03-19T10:06:16","modified_gmt":"2025-03-19T10:06:16","slug":"cuentame-un-cuento","status":"publish","type":"post","link":"https:\/\/blogsaverroes.juntadeandalucia.es\/ceipsanisicio\/cuentame-un-cuento\/","title":{"rendered":"Cu\u00e9ntame un cuento"},"content":{"rendered":"<p dir=\"auto\">&nbsp;<\/p>\n<p dir=\"auto\"><strong>Proyecto: \u201cCu\u00e9ntame un cuento\u201d (Infantil 3 a\u00f1os)<\/strong><\/p>\n<p dir=\"auto\">Durante el primer trimestre, vivimos una experiencia m\u00e1gica con el proyecto \u00abCu\u00e9ntame un cuento\u00bb. Un grupo de padres y madres se anim\u00f3 a sorprendernos con la interpretaci\u00f3n de cuentos conocidos como &#8216;Caperucita roja&#8217;, La ratita presumida&#8217;, y &#8216;Los tres cerditos&#8217;. Durante cuatro semanas consecutivas, nos hicieron viajar a mundos de fantas\u00eda a trav\u00e9s de sus actuaciones, mientras nosotros interactu\u00e1bamos, nos emocion\u00e1bamos y disfrut\u00e1bamos cada historia.<\/p>\n<p dir=\"auto\">Fue una actividad llena de ilusi\u00f3n, aprendizaje y momentos inolvidables. \u00a1Gracias a todas las familias por regalarnos su tiempo y creatividad!<\/p>\n<p>ngg_shortcode_0_placeholder<div style=\"width: 480px;\" class=\"wp-video\"><!--[if lt IE 9]><script>document.createElement('video');<\/script><![endif]-->\n<video class=\"wp-video-shortcode\" id=\"video-5283-1\" width=\"480\" height=\"624\" preload=\"metadata\" controls=\"controls\"><source type=\"video\/mp4\" src=\"https:\/\/blogsaverroes.juntadeandalucia.es\/ceipsanisicio\/files\/2025\/03\/Caperucita-CEIP-San-Isicio.mp4?_=1\" \/><a href=\"https:\/\/blogsaverroes.juntadeandalucia.es\/ceipsanisicio\/files\/2025\/03\/Caperucita-CEIP-San-Isicio.mp4\">https:\/\/blogsaverroes.juntadeandalucia.es\/ceipsanisicio\/files\/2025\/03\/Caperucita-CEIP-San-Isicio.mp4<\/a><\/video><\/div><\/p>\n<div style=\"width: 480px;\" class=\"wp-video\"><video class=\"wp-video-shortcode\" id=\"video-5283-2\" width=\"480\" height=\"544\" preload=\"metadata\" controls=\"controls\"><source type=\"video\/mp4\" src=\"https:\/\/blogsaverroes.juntadeandalucia.es\/ceipsanisicio\/files\/2025\/03\/La-ratita-presumida-CEIP-San-Isicio.mp4?_=2\" \/><a href=\"https:\/\/blogsaverroes.juntadeandalucia.es\/ceipsanisicio\/files\/2025\/03\/La-ratita-presumida-CEIP-San-Isicio.mp4\">https:\/\/blogsaverroes.juntadeandalucia.es\/ceipsanisicio\/files\/2025\/03\/La-ratita-presumida-CEIP-San-Isicio.mp4<\/a><\/video><\/div>\n<div style=\"width: 832px;\" class=\"wp-video\"><video class=\"wp-video-shortcode\" id=\"video-5283-3\" width=\"832\" height=\"480\" preload=\"metadata\" controls=\"controls\"><source type=\"video\/mp4\" src=\"https:\/\/blogsaverroes.juntadeandalucia.es\/ceipsanisicio\/files\/2025\/03\/Los-tres-cerditos-CEIP-San-Isicio.mp4?_=3\" \/><a href=\"https:\/\/blogsaverroes.juntadeandalucia.es\/ceipsanisicio\/files\/2025\/03\/Los-tres-cerditos-CEIP-San-Isicio.mp4\">https:\/\/blogsaverroes.juntadeandalucia.es\/ceipsanisicio\/files\/2025\/03\/Los-tres-cerditos-CEIP-San-Isicio.mp4<\/a><\/video><\/div>\n","protected":false},"excerpt":{"rendered":"<p>&nbsp; Proyecto: \u201cCu\u00e9ntame un cuento\u201d (Infantil 3 a\u00f1os) Durante el primer trimestre, vivimos una experiencia m\u00e1gica con el proyecto \u00abCu\u00e9ntame un cuento\u00bb. Un grupo de padres y madres se anim\u00f3 a sorprendernos con la&#46;&#46;&#46;<\/p>\n","protected":false},"author":10807,"featured_media":5294,"comment_status":"closed","ping_status":"closed","sticky":false,"template":"","format":"standard","meta":{"ngg_post_thumbnail":0,"footnotes":""},"categories":[25498,526],"tags":[],"aioseo_notices":[],"_links":{"self":[{"href":"https:\/\/blogsaverroes.juntadeandalucia.es\/ceipsanisicio\/wp-json\/wp\/v2\/posts\/5283"}],"collection":[{"href":"https:\/\/blogsaverroes.juntadeandalucia.es\/ceipsanisicio\/wp-json\/wp\/v2\/posts"}],"about":[{"href":"https:\/\/blogsaverroes.juntadeandalucia.es\/ceipsanisicio\/wp-json\/wp\/v2\/types\/post"}],"author":[{"embeddable":true,"href":"https:\/\/blogsaverroes.juntadeandalucia.es\/ceipsanisicio\/wp-json\/wp\/v2\/users\/10807"}],"replies":[{"embeddable":true,"href":"https:\/\/blogsaverroes.juntadeandalucia.es\/ceipsanisicio\/wp-json\/wp\/v2\/comments?post=5283"}],"version-history":[{"count":3,"href":"https:\/\/blogsaverroes.juntadeandalucia.es\/ceipsanisicio\/wp-json\/wp\/v2\/posts\/5283\/revisions"}],"predecessor-version":[{"id":5336,"href":"https:\/\/blogsaverroes.juntadeandalucia.es\/ceipsanisicio\/wp-json\/wp\/v2\/posts\/5283\/revisions\/5336"}],"wp:featuredmedia":[{"embeddable":true,"href":"https:\/\/blogsaverroes.juntadeandalucia.es\/ceipsanisicio\/wp-json\/wp\/v2\/media\/5294"}],"wp:attachment":[{"href":"https:\/\/blogsaverroes.juntadeandalucia.es\/ceipsanisicio\/wp-json\/wp\/v2\/media?parent=5283"}],"wp:term":[{"taxonomy":"category","embeddable":true,"href":"https:\/\/blogsaverroes.juntadeandalucia.es\/ceipsanisicio\/wp-json\/wp\/v2\/categories?post=5283"},{"taxonomy":"post_tag","embeddable":true,"href":"https:\/\/blogsaverroes.juntadeandalucia.es\/ceipsanisicio\/wp-json\/wp\/v2\/tags?post=5283"}],"curies":[{"name":"wp","href":"https:\/\/api.w.org\/{rel}","templated":true}]}}