{"id":3504,"date":"2025-05-09T09:22:25","date_gmt":"2025-05-09T08:22:25","guid":{"rendered":"https:\/\/blogsaverroes.juntadeandalucia.es\/ceipsanisidoro\/?p=3504"},"modified":"2025-05-09T09:22:25","modified_gmt":"2025-05-09T08:22:25","slug":"%e2%9a%bd%ef%b8%8fun-viaje-amarillo-y-verde-lleno-de-aprendizaje-deportivo-%e2%9a%bd%ef%b8%8f","status":"publish","type":"post","link":"https:\/\/blogsaverroes.juntadeandalucia.es\/ceipsanisidoro\/%e2%9a%bd%ef%b8%8fun-viaje-amarillo-y-verde-lleno-de-aprendizaje-deportivo-%e2%9a%bd%ef%b8%8f\/","title":{"rendered":"\u26bd\ufe0fUn Viaje Amarillo y Verde Lleno de Aprendizaje Deportivo.\u26bd\ufe0f"},"content":{"rendered":"<p style=\"text-align: justify\">\u00a1Ayer fue un d\u00eda genial en el CEIP San Isidoro! <img decoding=\"async\" class=\"open emoji emoji-small\" src=\"https:\/\/web.telegram.org\/a\/img-apple-64\/26bd.png\" alt=\"\u26bd\ufe0f\" data-path=\".\/img-apple-64\/26bd.png\"><\/p>\n<p>Vinieron Dani Rodr\u00edguez, Jo\u00e3o Salla, Dudu y Nando, jugadores y entrenador del Ja\u00e9n Para\u00edso Interior de F\u00fatbol Sala, para compartir una jornada llena de aprendizaje sobre h\u00e1bitos saludables y emociones positivas con nuestros queridos ni\u00f1os y ni\u00f1as.<\/p>\n<p>Nuestro alumnado les ha ofrecido una bienvenida realmente incre\u00edble, mostrando su entusiasmo y alegr\u00eda. Los deportistas del Ja\u00e9n Para\u00edso Interior han compartido valiosas experiencias, han respondido con paciencia a todas las preguntas de los peque\u00f1os y han destacado la importancia del esfuerzo, el trabajo en equipo y una actitud positiva tanto dentro como fuera del terreno de juego.<\/p>\n<p>El CEIP San Isidoro desea expresar su profundo agradecimiento al Ja\u00e9n Para\u00edso Interior por esta visita tan especial y por su continuo compromiso con la educaci\u00f3n y el bienestar de los ni\u00f1os. Queremos tambi\u00e9n agradecer a nuestro maestro Rafa, cuyo apoyo e inter\u00e9s&nbsp; han sido fundamentales para que esta enriquecedora experiencia se hiciera realidad.<\/p>\n<p>\u00a1Ha sido un verdadero honor tenerlos a todos aqu\u00ed!<br \/>\n\u00a1Mucha suerte campeones!<\/p>\n<p>&nbsp;<\/p>\n<div style=\"width: 100%\">\n<div style=\"position: relative;padding-bottom: 56.25%;padding-top: 0;height: 0\"><iframe loading=\"lazy\" src=\"https:\/\/view.genially.com\/681db9a6acf4d2ef37023398\" width=\"800\" height=\"450\" frameborder=\"0\" scrolling=\"yes\"><\/iframe><img loading=\"lazy\" decoding=\"async\" class=\"alignnone size-medium wp-image-3506\" src=\"https:\/\/blogsaverroes.juntadeandalucia.es\/ceipsanisidoro\/files\/2025\/05\/ParaisoInterior-21-300x225.jpg\" alt=\"\" width=\"300\" height=\"225\" srcset=\"https:\/\/blogsaverroes.juntadeandalucia.es\/ceipsanisidoro\/files\/2025\/05\/ParaisoInterior-21-300x225.jpg 300w, https:\/\/blogsaverroes.juntadeandalucia.es\/ceipsanisidoro\/files\/2025\/05\/ParaisoInterior-21-1024x768.jpg 1024w, https:\/\/blogsaverroes.juntadeandalucia.es\/ceipsanisidoro\/files\/2025\/05\/ParaisoInterior-21-768x576.jpg 768w, https:\/\/blogsaverroes.juntadeandalucia.es\/ceipsanisidoro\/files\/2025\/05\/ParaisoInterior-21.jpg 1280w\" sizes=\"(max-width: 300px) 100vw, 300px\" \/><\/div>\n<\/div>\n<p>&nbsp;<\/p>\n","protected":false},"excerpt":{"rendered":"<p>\u00a1Ayer fue un d\u00eda genial en el CEIP San Isidoro! Vinieron Dani Rodr\u00edguez, Jo\u00e3o Salla, Dudu y Nando, jugadores y entrenador del Ja\u00e9n Para\u00edso Interior de F\u00fatbol Sala, para compartir una jornada llena de&#46;&#46;&#46;<\/p>\n","protected":false},"author":13354,"featured_media":3506,"comment_status":"closed","ping_status":"open","sticky":false,"template":"","format":"standard","meta":{"ngg_post_thumbnail":0,"footnotes":""},"categories":[27,24],"tags":[],"aioseo_notices":[],"_links":{"self":[{"href":"https:\/\/blogsaverroes.juntadeandalucia.es\/ceipsanisidoro\/wp-json\/wp\/v2\/posts\/3504"}],"collection":[{"href":"https:\/\/blogsaverroes.juntadeandalucia.es\/ceipsanisidoro\/wp-json\/wp\/v2\/posts"}],"about":[{"href":"https:\/\/blogsaverroes.juntadeandalucia.es\/ceipsanisidoro\/wp-json\/wp\/v2\/types\/post"}],"author":[{"embeddable":true,"href":"https:\/\/blogsaverroes.juntadeandalucia.es\/ceipsanisidoro\/wp-json\/wp\/v2\/users\/13354"}],"replies":[{"embeddable":true,"href":"https:\/\/blogsaverroes.juntadeandalucia.es\/ceipsanisidoro\/wp-json\/wp\/v2\/comments?post=3504"}],"version-history":[{"count":1,"href":"https:\/\/blogsaverroes.juntadeandalucia.es\/ceipsanisidoro\/wp-json\/wp\/v2\/posts\/3504\/revisions"}],"predecessor-version":[{"id":3507,"href":"https:\/\/blogsaverroes.juntadeandalucia.es\/ceipsanisidoro\/wp-json\/wp\/v2\/posts\/3504\/revisions\/3507"}],"wp:featuredmedia":[{"embeddable":true,"href":"https:\/\/blogsaverroes.juntadeandalucia.es\/ceipsanisidoro\/wp-json\/wp\/v2\/media\/3506"}],"wp:attachment":[{"href":"https:\/\/blogsaverroes.juntadeandalucia.es\/ceipsanisidoro\/wp-json\/wp\/v2\/media?parent=3504"}],"wp:term":[{"taxonomy":"category","embeddable":true,"href":"https:\/\/blogsaverroes.juntadeandalucia.es\/ceipsanisidoro\/wp-json\/wp\/v2\/categories?post=3504"},{"taxonomy":"post_tag","embeddable":true,"href":"https:\/\/blogsaverroes.juntadeandalucia.es\/ceipsanisidoro\/wp-json\/wp\/v2\/tags?post=3504"}],"curies":[{"name":"wp","href":"https:\/\/api.w.org\/{rel}","templated":true}]}}