{"id":4133,"date":"2025-11-27T12:28:29","date_gmt":"2025-11-27T11:28:29","guid":{"rendered":"https:\/\/blogsaverroes.juntadeandalucia.es\/ceipsanisidoro\/?p=4133"},"modified":"2025-12-01T12:36:03","modified_gmt":"2025-12-01T11:36:03","slug":"4133-2","status":"publish","type":"post","link":"https:\/\/blogsaverroes.juntadeandalucia.es\/ceipsanisidoro\/4133-2\/","title":{"rendered":"Siembra de Invierno"},"content":{"rendered":"<p style=\"text-align: center\"><span style=\"font-size: 18pt\"><strong><span style=\"color: #99cc00\">\u00a1Nuestro Huerto e Invernadero ha comenzado oficialmente su actividad de siembra!<\/span><\/strong><\/span><\/p>\n<p style=\"text-align: justify\">Esta aventura no pod\u00eda haber empezado mejor, y queremos agradecer al Ayuntamiento de Torredelcampo su fant\u00e1stica colaboraci\u00f3n. Gracias a su ayuda con el acondicionamiento del suelo, hemos podido pasar de la teor\u00eda a la pr\u00e1ctica, \u00a1y las manos de nuestros peque\u00f1os agricultores no han parado!<\/p>\n<p style=\"text-align: justify\">Este taller no solo nos da cosechas, \u00a1sino tambi\u00e9n valios\u00edsimas lecciones! Cada vez que sembramos, regamos o cuidamos, nuestros ni\u00f1os y ni\u00f1as est\u00e1n:<br \/>\n<strong>1.Desarrollando la Paciencia:<\/strong> Aprendiendo que las cosas buenas de la vida (y las verduras ricas) tardan en crecer.<br \/>\n<strong>2.Creando H\u00e1bitos de Vida Sana:<\/strong> \u00bfHay algo mejor que comer una lechuga que t\u00fa mismo has visto crecer? \u00a1Conexi\u00f3n directa del huerto al plato!<br \/>\n<strong>3.Conectando con la Naturaleza:<\/strong> Entendiendo de d\u00f3nde viene la comida y el valor de cuidar nuestro planeta.<\/p>\n<p style=\"text-align: justify\">\u00a1Esto es lo que pod\u00e9is esperar ver crecer en las pr\u00f3ximas semanas: Habas, Guisantes, Lechuga, Col, Apio, Cebollino, Puerro, Lombarda y Coliflor!<\/p>\n<p style=\"text-align: justify\">Ahora toca lo m\u00e1s importante: las tareas de cuidado. Regar con mimo, observar los primeros brotes y proteger nuestras peque\u00f1as plantas del fr\u00edo.<\/p>\n<p style=\"text-align: justify\">\u00a1Nos encanta este taller! Seguiremos informando de los avances de nuestro huerto e invernadero. <strong>\u00a1Preparaos para la cosecha m\u00e1s saludable y divertida de la comarca!<\/strong><\/p>\n<p>&nbsp;<\/p>\n<p style=\"text-align: center\"><img loading=\"lazy\" decoding=\"async\" class=\"alignnone size-medium wp-image-4134\" src=\"https:\/\/blogsaverroes.juntadeandalucia.es\/ceipsanisidoro\/files\/2025\/12\/25_26_Fase-I-Huerto-9-300x135.jpg\" alt=\"\" width=\"300\" height=\"135\" srcset=\"https:\/\/blogsaverroes.juntadeandalucia.es\/ceipsanisidoro\/files\/2025\/12\/25_26_Fase-I-Huerto-9-300x135.jpg 300w, https:\/\/blogsaverroes.juntadeandalucia.es\/ceipsanisidoro\/files\/2025\/12\/25_26_Fase-I-Huerto-9-1024x461.jpg 1024w, https:\/\/blogsaverroes.juntadeandalucia.es\/ceipsanisidoro\/files\/2025\/12\/25_26_Fase-I-Huerto-9-768x346.jpg 768w, https:\/\/blogsaverroes.juntadeandalucia.es\/ceipsanisidoro\/files\/2025\/12\/25_26_Fase-I-Huerto-9.jpg 1280w\" sizes=\"(max-width: 300px) 100vw, 300px\" \/><\/p>\n","protected":false},"excerpt":{"rendered":"<p>\u00a1Nuestro Huerto e Invernadero ha comenzado oficialmente su actividad de siembra! Esta aventura no pod\u00eda haber empezado mejor, y queremos agradecer al Ayuntamiento de Torredelcampo su fant\u00e1stica colaboraci\u00f3n. Gracias a su ayuda con el&#46;&#46;&#46;<\/p>\n","protected":false},"author":13354,"featured_media":2978,"comment_status":"closed","ping_status":"open","sticky":false,"template":"","format":"standard","meta":{"ngg_post_thumbnail":0,"footnotes":""},"categories":[38,45],"tags":[],"aioseo_notices":[],"_links":{"self":[{"href":"https:\/\/blogsaverroes.juntadeandalucia.es\/ceipsanisidoro\/wp-json\/wp\/v2\/posts\/4133"}],"collection":[{"href":"https:\/\/blogsaverroes.juntadeandalucia.es\/ceipsanisidoro\/wp-json\/wp\/v2\/posts"}],"about":[{"href":"https:\/\/blogsaverroes.juntadeandalucia.es\/ceipsanisidoro\/wp-json\/wp\/v2\/types\/post"}],"author":[{"embeddable":true,"href":"https:\/\/blogsaverroes.juntadeandalucia.es\/ceipsanisidoro\/wp-json\/wp\/v2\/users\/13354"}],"replies":[{"embeddable":true,"href":"https:\/\/blogsaverroes.juntadeandalucia.es\/ceipsanisidoro\/wp-json\/wp\/v2\/comments?post=4133"}],"version-history":[{"count":2,"href":"https:\/\/blogsaverroes.juntadeandalucia.es\/ceipsanisidoro\/wp-json\/wp\/v2\/posts\/4133\/revisions"}],"predecessor-version":[{"id":4137,"href":"https:\/\/blogsaverroes.juntadeandalucia.es\/ceipsanisidoro\/wp-json\/wp\/v2\/posts\/4133\/revisions\/4137"}],"wp:featuredmedia":[{"embeddable":true,"href":"https:\/\/blogsaverroes.juntadeandalucia.es\/ceipsanisidoro\/wp-json\/wp\/v2\/media\/2978"}],"wp:attachment":[{"href":"https:\/\/blogsaverroes.juntadeandalucia.es\/ceipsanisidoro\/wp-json\/wp\/v2\/media?parent=4133"}],"wp:term":[{"taxonomy":"category","embeddable":true,"href":"https:\/\/blogsaverroes.juntadeandalucia.es\/ceipsanisidoro\/wp-json\/wp\/v2\/categories?post=4133"},{"taxonomy":"post_tag","embeddable":true,"href":"https:\/\/blogsaverroes.juntadeandalucia.es\/ceipsanisidoro\/wp-json\/wp\/v2\/tags?post=4133"}],"curies":[{"name":"wp","href":"https:\/\/api.w.org\/{rel}","templated":true}]}}