{"id":4348,"date":"2026-02-23T10:00:48","date_gmt":"2026-02-23T09:00:48","guid":{"rendered":"https:\/\/blogsaverroes.juntadeandalucia.es\/ceipsanisidoro\/?p=4348"},"modified":"2026-02-23T12:29:41","modified_gmt":"2026-02-23T11:29:41","slug":"carnval-el-bosque-encantado","status":"publish","type":"post","link":"https:\/\/blogsaverroes.juntadeandalucia.es\/ceipsanisidoro\/carnval-el-bosque-encantado\/","title":{"rendered":"Carnaval &#8220;El Bosque Encantado&#8221;"},"content":{"rendered":"<p style=\"text-align: justify\"><img decoding=\"async\" class=\"emoji emoji-small\" src=\"https:\/\/web.telegram.org\/a\/img-apple-64\/1f3ad.png\" alt=\"\ud83c\udfad\" data-path=\".\/img-apple-64\/1f3ad.png\">&nbsp;\u00a1Gracias por un Carnaval inolvidable! <img decoding=\"async\" class=\"emoji emoji-small opacity-transition slow shown open\" src=\"https:\/\/web.telegram.org\/a\/img-apple-64\/1f9da-200d-2642-fe0f.png\" alt=\"\ud83e\uddda\u200d\u2642\ufe0f\" data-path=\".\/img-apple-64\/1f9da-200d-2642-fe0f.png\"><img decoding=\"async\" class=\"emoji emoji-small\" src=\"https:\/\/web.telegram.org\/a\/img-apple-64\/2728.png\" alt=\"\u2728\" data-path=\".\/img-apple-64\/2728.png\"><\/p>\n<p><img loading=\"lazy\" decoding=\"async\" class=\"size-medium wp-image-4394 alignright\" src=\"https:\/\/blogsaverroes.juntadeandalucia.es\/ceipsanisidoro\/files\/2026\/02\/Carnaval-212x300.png\" alt=\"\" width=\"212\" height=\"300\" srcset=\"https:\/\/blogsaverroes.juntadeandalucia.es\/ceipsanisidoro\/files\/2026\/02\/Carnaval-212x300.png 212w, https:\/\/blogsaverroes.juntadeandalucia.es\/ceipsanisidoro\/files\/2026\/02\/Carnaval-724x1024.png 724w, https:\/\/blogsaverroes.juntadeandalucia.es\/ceipsanisidoro\/files\/2026\/02\/Carnaval-768x1086.png 768w, https:\/\/blogsaverroes.juntadeandalucia.es\/ceipsanisidoro\/files\/2026\/02\/Carnaval-1086x1536.png 1086w, https:\/\/blogsaverroes.juntadeandalucia.es\/ceipsanisidoro\/files\/2026\/02\/Carnaval.png 1414w\" sizes=\"(max-width: 212px) 100vw, 212px\" \/>No encontramos las palabras para agradecer lo vivido en el d\u00eda de ayer. Fue una jornada m\u00e1gica donde nuestros ni\u00f1os y ni\u00f1as disfrutaron al m\u00e1ximo del Carnaval del colegio.<\/p>\n<p style=\"text-align: justify\">Queremos hacer una menci\u00f3n especial a todos los que lo hicieron posible:<br \/>\n&#8211; Personal del centro: Gracias al profesorado y monitoras por todo.<br \/>\n&#8211; Familias: Agradecemos de coraz\u00f3n a quienes dedicasteis vuestro tiempo para acompa\u00f1arnos.<br \/>\n&#8211; Gracias a Protecci\u00f3n Civil y Polic\u00eda Local de Torredelcampo.<br \/>\n&#8211; AMPA: Por ese &#8220;detallazo&#8221; de la charanga que puso el ritmo a la fiesta.<br \/>\n&#8211; Nuestro Alumnado: \u00a1Ellos son, sin duda, los n\u00famero 1 y el alma de esta celebraci\u00f3n!<\/p>\n<div class=\"content-inner\" dir=\"auto\" style=\"text-align: justify\">\n<div class=\"text-content clearfix with-meta\" dir=\"auto\" style=\"text-align: justify\">\n<p>\u00a1La magia cobr\u00f3 vida en nuestro Carnaval! <img decoding=\"async\" class=\"emoji emoji-small\" src=\"https:\/\/web.telegram.org\/a\/img-apple-64\/1f9da.png\" alt=\"\ud83e\uddda\" data-path=\".\/img-apple-64\/1f9da.png\"><img decoding=\"async\" class=\"emoji emoji-small\" src=\"https:\/\/web.telegram.org\/a\/img-apple-64\/2728.png\" alt=\"\u2728\" data-path=\".\/img-apple-64\/2728.png\"><\/p>\n<p>Las aulas se transformaron y los pasillos del colegio se llenaron de seres fant\u00e1sticos. Entre duendes, hadas, gnomos, zorrillos, brujas, guardianes y todas las criaturas del bosque, celebramos un d\u00eda donde la imaginaci\u00f3n no tuvo l\u00edmites.<\/p>\n<p>Gracias a todas las familias por ayudarnos a crear este ecosistema de alegr\u00eda y color. \u00a1Disfruta de los mejores momentos de nuestra fiesta en el Bosque Encantado! <img decoding=\"async\" class=\"emoji emoji-small\" src=\"https:\/\/web.telegram.org\/a\/img-apple-64\/1f3ad.png\" alt=\"\ud83c\udfad\" data-path=\".\/img-apple-64\/1f3ad.png\"><img decoding=\"async\" class=\"open emoji emoji-small\" src=\"https:\/\/web.telegram.org\/a\/img-apple-64\/1f33f.png\" alt=\"\ud83c\udf3f\" data-path=\".\/img-apple-64\/1f33f.png\">&nbsp;<\/p>\nngg_shortcode_0_placeholder<\/div>\n<p><span style=\"color: #0000ff\"><em><a style=\"color: #0000ff\" href=\"https:\/\/drive.google.com\/drive\/folders\/1xJUx7I3CWDq_C_sl9jMnyybcQT2eC7ET?usp=sharing\" target=\"_blank\" rel=\"noopener\">Enlace fotos<\/a><\/em><\/span><\/p>\n<\/div>\n<div class=\"message-action-buttons-container\" style=\"text-align: justify\"><span style=\"color: #0000ff\"><em><a style=\"color: #0000ff\" href=\"https:\/\/drive.google.com\/file\/d\/1L8fXj89vKkGfclFaJknGlj9wGI4jVk5n\/view?usp=drive_link\" target=\"_blank\" rel=\"noopener\">Enlace v\u00eddeo pasacalles<\/a><\/em><\/span><\/div>\n<div style=\"text-align: justify\">\n<p>\u00a1Nadie se qued\u00f3 fuera del hechizo! <img decoding=\"async\" class=\"open emoji emoji-small\" src=\"https:\/\/web.telegram.org\/a\/img-apple-64\/1f344.png\" alt=\"\ud83c\udf44\" data-path=\".\/img-apple-64\/1f344.png\"><img decoding=\"async\" class=\"open emoji emoji-small\" src=\"https:\/\/web.telegram.org\/a\/img-apple-64\/1f3f0.png\" alt=\"\ud83c\udff0\" data-path=\".\/img-apple-64\/1f3f0.png\"><\/p>\n<p>En el Colegio del Bosque Encantado, la magia no tiene l\u00edmite. Desde los guardianes del bosque hasta los aliados m\u00e1s valiosos, todos se sumergieron en la fantas\u00eda del Carnaval.<br \/>\n\u00a1Nuestro equipo y familias en su versi\u00f3n m\u00e1s carnavalesca! <img decoding=\"async\" class=\"open emoji emoji-small\" src=\"https:\/\/web.telegram.org\/a\/img-apple-64\/1f4f8.png\" alt=\"\ud83d\udcf8\" data-path=\".\/img-apple-64\/1f4f8.png\"><img decoding=\"async\" class=\"open emoji emoji-small\" src=\"https:\/\/web.telegram.org\/a\/img-apple-64\/1f3ad.png\" alt=\"\ud83c\udfad\" data-path=\".\/img-apple-64\/1f3ad.png\"><\/p>\n<\/div>\n<div>&nbsp;<\/div>\n<div>ngg_shortcode_1_placeholder<\/div>\n","protected":false},"excerpt":{"rendered":"<p>&nbsp;\u00a1Gracias por un Carnaval inolvidable! No encontramos las palabras para agradecer lo vivido en el d\u00eda de ayer. Fue una jornada m\u00e1gica donde nuestros ni\u00f1os y ni\u00f1as disfrutaron al m\u00e1ximo del Carnaval del colegio.&#46;&#46;&#46;<\/p>\n","protected":false},"author":13354,"featured_media":3228,"comment_status":"closed","ping_status":"open","sticky":false,"template":"","format":"standard","meta":{"ngg_post_thumbnail":0,"footnotes":""},"categories":[44,29,47],"tags":[],"aioseo_notices":[],"_links":{"self":[{"href":"https:\/\/blogsaverroes.juntadeandalucia.es\/ceipsanisidoro\/wp-json\/wp\/v2\/posts\/4348"}],"collection":[{"href":"https:\/\/blogsaverroes.juntadeandalucia.es\/ceipsanisidoro\/wp-json\/wp\/v2\/posts"}],"about":[{"href":"https:\/\/blogsaverroes.juntadeandalucia.es\/ceipsanisidoro\/wp-json\/wp\/v2\/types\/post"}],"author":[{"embeddable":true,"href":"https:\/\/blogsaverroes.juntadeandalucia.es\/ceipsanisidoro\/wp-json\/wp\/v2\/users\/13354"}],"replies":[{"embeddable":true,"href":"https:\/\/blogsaverroes.juntadeandalucia.es\/ceipsanisidoro\/wp-json\/wp\/v2\/comments?post=4348"}],"version-history":[{"count":4,"href":"https:\/\/blogsaverroes.juntadeandalucia.es\/ceipsanisidoro\/wp-json\/wp\/v2\/posts\/4348\/revisions"}],"predecessor-version":[{"id":4396,"href":"https:\/\/blogsaverroes.juntadeandalucia.es\/ceipsanisidoro\/wp-json\/wp\/v2\/posts\/4348\/revisions\/4396"}],"wp:featuredmedia":[{"embeddable":true,"href":"https:\/\/blogsaverroes.juntadeandalucia.es\/ceipsanisidoro\/wp-json\/wp\/v2\/media\/3228"}],"wp:attachment":[{"href":"https:\/\/blogsaverroes.juntadeandalucia.es\/ceipsanisidoro\/wp-json\/wp\/v2\/media?parent=4348"}],"wp:term":[{"taxonomy":"category","embeddable":true,"href":"https:\/\/blogsaverroes.juntadeandalucia.es\/ceipsanisidoro\/wp-json\/wp\/v2\/categories?post=4348"},{"taxonomy":"post_tag","embeddable":true,"href":"https:\/\/blogsaverroes.juntadeandalucia.es\/ceipsanisidoro\/wp-json\/wp\/v2\/tags?post=4348"}],"curies":[{"name":"wp","href":"https:\/\/api.w.org\/{rel}","templated":true}]}}