{"id":2996,"date":"2024-02-04T13:41:53","date_gmt":"2024-02-04T12:41:53","guid":{"rendered":"https:\/\/blogsaverroes.juntadeandalucia.es\/ceipsanjose\/?p=2996"},"modified":"2024-02-04T13:43:21","modified_gmt":"2024-02-04T12:43:21","slug":"2996","status":"publish","type":"post","link":"https:\/\/blogsaverroes.juntadeandalucia.es\/ceipsanjose\/2024\/02\/04\/2996\/","title":{"rendered":"Actividades con motivo del D\u00eda de la Paz 2024"},"content":{"rendered":"<p style=\"text-align: justify\">La semana del 29 de enero al 2 de febrero se han realizado en el centro diferentes actividades con motivo del d\u00eda de la Paz. La programaci\u00f3n de las mismas se puede consultar en este <a href=\"https:\/\/drive.google.com\/file\/d\/1qqrgXrqgGfremeyejuEF20jK5PpXAsJ2\/view?usp=sharing\">documento<\/a>.&nbsp;<\/p>\n<p style=\"text-align: justify\">Como resumen, os dejamos este v\u00eddeo en el que se pueden ver algunas de dichas actividades.&nbsp;<\/p>\n<div style=\"width: 474px;\" class=\"wp-video\"><!--[if lt IE 9]><script>document.createElement('video');<\/script><![endif]-->\n<video class=\"wp-video-shortcode\" id=\"video-2996-1\" width=\"474\" height=\"268\" preload=\"metadata\" controls=\"controls\"><source type=\"video\/mp4\" src=\"https:\/\/blogsaverroes.juntadeandalucia.es\/ceipsanjose\/files\/2024\/02\/WhatsApp-Video-2024-02-01-at-12.44.10-PM.mp4?_=1\" \/><a href=\"https:\/\/blogsaverroes.juntadeandalucia.es\/ceipsanjose\/files\/2024\/02\/WhatsApp-Video-2024-02-01-at-12.44.10-PM.mp4\">https:\/\/blogsaverroes.juntadeandalucia.es\/ceipsanjose\/files\/2024\/02\/WhatsApp-Video-2024-02-01-at-12.44.10-PM.mp4<\/a><\/video><\/div>\n<p>Por otra parte, y gracias a la AMPA, el d\u00eda 31 se organiz\u00f3 una chocolatada solidaria que result\u00f3 ser un \u00e9xito. La colaboraci\u00f3n de las familias fue magn\u00edfica y, en nombre de la AMPA, os lo queremos agradecer. Incluimos, a continuaci\u00f3n, las im\u00e1genes que nos ha facilitado la AMPA para dar a conocer lo recaudado, as\u00ed como los negocios, asociaciones y entidades colaboradoras.&nbsp;<\/p>\n<p><a href=\"https:\/\/blogsaverroes.juntadeandalucia.es\/ceipsanjose\/files\/2024\/02\/WhatsApp-Image-2024-02-02-at-10.42.59-AM.jpeg\"><img loading=\"lazy\" decoding=\"async\" class=\"size-medium wp-image-2989 aligncenter\" src=\"https:\/\/blogsaverroes.juntadeandalucia.es\/ceipsanjose\/files\/2024\/02\/WhatsApp-Image-2024-02-02-at-10.42.59-AM-300x213.jpeg\" alt=\"\" width=\"300\" height=\"213\" srcset=\"https:\/\/blogsaverroes.juntadeandalucia.es\/ceipsanjose\/files\/2024\/02\/WhatsApp-Image-2024-02-02-at-10.42.59-AM-300x213.jpeg 300w, https:\/\/blogsaverroes.juntadeandalucia.es\/ceipsanjose\/files\/2024\/02\/WhatsApp-Image-2024-02-02-at-10.42.59-AM-1024x726.jpeg 1024w, https:\/\/blogsaverroes.juntadeandalucia.es\/ceipsanjose\/files\/2024\/02\/WhatsApp-Image-2024-02-02-at-10.42.59-AM-768x545.jpeg 768w, https:\/\/blogsaverroes.juntadeandalucia.es\/ceipsanjose\/files\/2024\/02\/WhatsApp-Image-2024-02-02-at-10.42.59-AM-1536x1090.jpeg 1536w, https:\/\/blogsaverroes.juntadeandalucia.es\/ceipsanjose\/files\/2024\/02\/WhatsApp-Image-2024-02-02-at-10.42.59-AM.jpeg 1600w\" sizes=\"(max-width: 300px) 100vw, 300px\" \/><\/a><a href=\"https:\/\/blogsaverroes.juntadeandalucia.es\/ceipsanjose\/files\/2024\/02\/WhatsApp-Image-2024-02-02-at-10.46.44-AM-1.jpeg\"><img loading=\"lazy\" decoding=\"async\" class=\" wp-image-2990 aligncenter\" src=\"https:\/\/blogsaverroes.juntadeandalucia.es\/ceipsanjose\/files\/2024\/02\/WhatsApp-Image-2024-02-02-at-10.46.44-AM-1-217x300.jpeg\" alt=\"\" width=\"257\" height=\"355\" srcset=\"https:\/\/blogsaverroes.juntadeandalucia.es\/ceipsanjose\/files\/2024\/02\/WhatsApp-Image-2024-02-02-at-10.46.44-AM-1-217x300.jpeg 217w, https:\/\/blogsaverroes.juntadeandalucia.es\/ceipsanjose\/files\/2024\/02\/WhatsApp-Image-2024-02-02-at-10.46.44-AM-1.jpeg 739w\" sizes=\"(max-width: 257px) 100vw, 257px\" \/><\/a><\/p>\n<p>&nbsp;<\/p>\n","protected":false},"excerpt":{"rendered":"<p>La semana del 29 de enero al 2 de febrero se han realizado en el centro diferentes actividades con motivo del d\u00eda de la Paz. La programaci\u00f3n de las mismas se puede consultar en este documento.&nbsp; Como resumen, os dejamos este v\u00eddeo en el que se pueden ver algunas de dichas actividades.&nbsp; Por otra parte, &hellip; <a href=\"https:\/\/blogsaverroes.juntadeandalucia.es\/ceipsanjose\/2024\/02\/04\/2996\/\" class=\"more-link\">Seguir leyendo <span class=\"screen-reader-text\">Actividades con motivo del D\u00eda de la Paz 2024<\/span> <span class=\"meta-nav\">&rarr;<\/span><\/a><\/p>\n","protected":false},"author":2266,"featured_media":0,"comment_status":"open","ping_status":"open","sticky":false,"template":"","format":"standard","meta":{"ngg_post_thumbnail":0,"footnotes":""},"categories":[5991],"tags":[],"aioseo_notices":[],"_links":{"self":[{"href":"https:\/\/blogsaverroes.juntadeandalucia.es\/ceipsanjose\/wp-json\/wp\/v2\/posts\/2996"}],"collection":[{"href":"https:\/\/blogsaverroes.juntadeandalucia.es\/ceipsanjose\/wp-json\/wp\/v2\/posts"}],"about":[{"href":"https:\/\/blogsaverroes.juntadeandalucia.es\/ceipsanjose\/wp-json\/wp\/v2\/types\/post"}],"author":[{"embeddable":true,"href":"https:\/\/blogsaverroes.juntadeandalucia.es\/ceipsanjose\/wp-json\/wp\/v2\/users\/2266"}],"replies":[{"embeddable":true,"href":"https:\/\/blogsaverroes.juntadeandalucia.es\/ceipsanjose\/wp-json\/wp\/v2\/comments?post=2996"}],"version-history":[{"count":3,"href":"https:\/\/blogsaverroes.juntadeandalucia.es\/ceipsanjose\/wp-json\/wp\/v2\/posts\/2996\/revisions"}],"predecessor-version":[{"id":2999,"href":"https:\/\/blogsaverroes.juntadeandalucia.es\/ceipsanjose\/wp-json\/wp\/v2\/posts\/2996\/revisions\/2999"}],"wp:attachment":[{"href":"https:\/\/blogsaverroes.juntadeandalucia.es\/ceipsanjose\/wp-json\/wp\/v2\/media?parent=2996"}],"wp:term":[{"taxonomy":"category","embeddable":true,"href":"https:\/\/blogsaverroes.juntadeandalucia.es\/ceipsanjose\/wp-json\/wp\/v2\/categories?post=2996"},{"taxonomy":"post_tag","embeddable":true,"href":"https:\/\/blogsaverroes.juntadeandalucia.es\/ceipsanjose\/wp-json\/wp\/v2\/tags?post=2996"}],"curies":[{"name":"wp","href":"https:\/\/api.w.org\/{rel}","templated":true}]}}