{"id":1285,"date":"2014-11-30T09:38:00","date_gmt":"2014-11-30T08:38:00","guid":{"rendered":"https:\/\/blogsaverroes.juntadeandalucia.es\/ceipsanjuanalh\/tarjetas-navidenas\/"},"modified":"2014-11-30T09:38:00","modified_gmt":"2014-11-30T08:38:00","slug":"tarjetas-navidenas","status":"publish","type":"post","link":"https:\/\/blogsaverroes.juntadeandalucia.es\/ceipsanjuanalh\/tarjetas-navidenas\/","title":{"rendered":"Tarjetas navide\u00f1as"},"content":{"rendered":"<p>Como viene siendo habitual, los alumnos de 5\u00ba y 6\u00ba han participado en el concurso de Postales navide\u00f1as convocado por el Ayuntamiento.<\/p>\n<div style=\"clear: both;text-align: center\">\n<a href=\"https:\/\/blogger.googleusercontent.com\/img\/b\/R29vZ2xl\/AVvXsEij2l4Aa-efiHWISjnQ3kk7wY1NUzhRUCBcek6lYS0i3g9dI5QUAfrUy5HWjNN1ZRMJQC7peIMIHOjons-ZrWyyiN5Gs25f7ULf0irVLZIHtXQoJlFdI3H_AAuWq9_9yI9w8wkCTv_RHm2x\/s1600\/SAM_3683.JPG\" style=\"margin-left: 1em;margin-right: 1em\"><img loading=\"lazy\" decoding=\"async\" border=\"0\" src=\"https:\/\/blogger.googleusercontent.com\/img\/b\/R29vZ2xl\/AVvXsEij2l4Aa-efiHWISjnQ3kk7wY1NUzhRUCBcek6lYS0i3g9dI5QUAfrUy5HWjNN1ZRMJQC7peIMIHOjons-ZrWyyiN5Gs25f7ULf0irVLZIHtXQoJlFdI3H_AAuWq9_9yI9w8wkCTv_RHm2x\/s1600\/SAM_3683.JPG\" height=\"240\" width=\"320\" \/><\/a>&nbsp;En esta ocasi\u00f3n hemos tenidos tres finalistas \u00a1 Y un Ganador!&#8230;Salvador L\u00f3pez de 5\u00ba se alz\u00f3 con el segundo puesto, mientras que Amapola Illanes, Mar\u00eda G\u00f3mez y Virginia Serrano quedaron entre las finalistas.<\/div>\n<div style=\"clear: both;text-align: center\">\n<\/div>\n<div style=\"clear: both;text-align: center\">\n<a href=\"https:\/\/blogger.googleusercontent.com\/img\/b\/R29vZ2xl\/AVvXsEgGR6RJ7U00G_srtYWbeMUoTxKrfJsojZjUnCSWR0JT0vfU1CWaOsVnQRqmqKPseeRPrxHqAeP07teX0lf1dvTnrpOAW543eaNAkVqU1LpuZ3htTm3oRTHqxson6GqgvMzCYNcW0-ZrOYD9\/s1600\/tarjeta+salvador.JPG\" style=\"margin-left: 1em;margin-right: 1em\"><img loading=\"lazy\" decoding=\"async\" border=\"0\" src=\"https:\/\/blogger.googleusercontent.com\/img\/b\/R29vZ2xl\/AVvXsEgGR6RJ7U00G_srtYWbeMUoTxKrfJsojZjUnCSWR0JT0vfU1CWaOsVnQRqmqKPseeRPrxHqAeP07teX0lf1dvTnrpOAW543eaNAkVqU1LpuZ3htTm3oRTHqxson6GqgvMzCYNcW0-ZrOYD9\/s1600\/tarjeta+salvador.JPG\" height=\"320\" width=\"239\" \/><\/a><\/div>\n<div style=\"clear: both;text-align: center\">\n<\/div>\n<div style=\"clear: both;text-align: center\">\n&nbsp;Tambi\u00e9n otra antigua alumna del centro, Lourdes Antonella, qued\u00f3 entre las finalistas. Enhorabuena a todas y todos.<\/div>\n<div style=\"clear: both;text-align: center\">\n<\/div>\n<div style=\"clear: both;text-align: center\">\n<\/div>\n<div style=\"clear: both;text-align: center\">\n<\/div>\n<div style=\"clear: both;text-align: center\">\n<a href=\"https:\/\/blogger.googleusercontent.com\/img\/b\/R29vZ2xl\/AVvXsEgKAafkT9DNZ2emqwayDuTIBsNcuE8jdg37OQm54nhbW4H89hCcBU7cUBzuAIhsBryAAsq2A0-BU1eH_E55mkAXycelF4notC6qaOy2A6Qh6Jwd0049AfJRVKh3SlPOfuWUGIKad7ghPaLF\/s1600\/SAM_3684.JPG\" style=\"clear: left;float: left;margin-bottom: 1em;margin-right: 1em;text-align: center\">&nbsp; &nbsp; &nbsp; &nbsp; &nbsp; &nbsp; &nbsp; &nbsp; &nbsp; &nbsp; &nbsp;&nbsp;<img loading=\"lazy\" decoding=\"async\" border=\"0\" src=\"https:\/\/blogger.googleusercontent.com\/img\/b\/R29vZ2xl\/AVvXsEgKAafkT9DNZ2emqwayDuTIBsNcuE8jdg37OQm54nhbW4H89hCcBU7cUBzuAIhsBryAAsq2A0-BU1eH_E55mkAXycelF4notC6qaOy2A6Qh6Jwd0049AfJRVKh3SlPOfuWUGIKad7ghPaLF\/s1600\/SAM_3684.JPG\" height=\"150\" width=\"200\" \/><\/a>&nbsp; &nbsp;&nbsp;<a href=\"https:\/\/blogger.googleusercontent.com\/img\/b\/R29vZ2xl\/AVvXsEjnQjiEiHRKDFXgGBhyphenhyphenaddehOebK6tggoyEzu0fhhQR-oo3RLMIjumKSBaJ1dS9p34jjUT5MghkO9KSQXPifjbAgzpJO3DPaXXIMbTUO69_0sSsZEKVtsp2GnMmJ2kQpGXYFTO4cq3DmdHM\/s1600\/SAM_3685.JPG\" style=\"margin-left: 1em;margin-right: 1em;text-align: center\"><img loading=\"lazy\" decoding=\"async\" border=\"0\" src=\"https:\/\/blogger.googleusercontent.com\/img\/b\/R29vZ2xl\/AVvXsEjnQjiEiHRKDFXgGBhyphenhyphenaddehOebK6tggoyEzu0fhhQR-oo3RLMIjumKSBaJ1dS9p34jjUT5MghkO9KSQXPifjbAgzpJO3DPaXXIMbTUO69_0sSsZEKVtsp2GnMmJ2kQpGXYFTO4cq3DmdHM\/s1600\/SAM_3685.JPG\" height=\"150\" width=\"200\" \/><\/a><\/div>\n<div style=\"clear: both;text-align: center\">\n<\/div>\n<div style=\"clear: both;text-align: center\">\n<\/div>\n<div style=\"clear: both;text-align: center\">\n<\/div>\n<div style=\"clear: both;text-align: center\">\n<a href=\"https:\/\/blogger.googleusercontent.com\/img\/b\/R29vZ2xl\/AVvXsEiJ6B3ys6Cr8jZAP3oRIAIfsGPrUecKIzx1BtRzz3db3LEeObMSI6McgftSfHgm0Tgp6aKGOhjcnUGppgqGeHmEfi-kJyvi38hp0HC7vWQw35yQEDPQ3docVp1TUrn8fCIyJUjm_8g_T4l9\/s1600\/SAM_3686.JPG\" style=\"margin-left: 1em;margin-right: 1em;text-align: center\"><img loading=\"lazy\" decoding=\"async\" border=\"0\" src=\"https:\/\/blogger.googleusercontent.com\/img\/b\/R29vZ2xl\/AVvXsEiJ6B3ys6Cr8jZAP3oRIAIfsGPrUecKIzx1BtRzz3db3LEeObMSI6McgftSfHgm0Tgp6aKGOhjcnUGppgqGeHmEfi-kJyvi38hp0HC7vWQw35yQEDPQ3docVp1TUrn8fCIyJUjm_8g_T4l9\/s1600\/SAM_3686.JPG\" height=\"150\" width=\"200\" \/><\/a><\/div>\n<p><\/p>\n<div style=\"clear: both;text-align: center\">\n<\/div>\n<div style=\"clear: both;text-align: center\">\n<\/div>\n<p><\/p>\n","protected":false},"excerpt":{"rendered":"<p>Como viene siendo habitual, los alumnos de 5\u00ba y 6\u00ba han participado en el concurso de Postales navide\u00f1as convocado por el Ayuntamiento. &nbsp;En esta ocasi\u00f3n hemos tenidos tres finalistas \u00a1 Y un Ganador!&#8230;Salvador L\u00f3pez de 5\u00ba se alz\u00f3 con el segundo puesto, mientras que Amapola Illanes, Mar\u00eda G\u00f3mez y Virginia Serrano quedaron entre las finalistas. [&hellip;]<\/p>\n","protected":false},"author":20247,"featured_media":0,"comment_status":"closed","ping_status":"open","sticky":false,"template":"","format":"standard","meta":{"_et_pb_use_builder":"","_et_pb_old_content":"","_et_gb_content_width":"","ngg_post_thumbnail":0,"footnotes":""},"categories":[32],"tags":[],"aioseo_notices":[],"_links":{"self":[{"href":"https:\/\/blogsaverroes.juntadeandalucia.es\/ceipsanjuanalh\/wp-json\/wp\/v2\/posts\/1285"}],"collection":[{"href":"https:\/\/blogsaverroes.juntadeandalucia.es\/ceipsanjuanalh\/wp-json\/wp\/v2\/posts"}],"about":[{"href":"https:\/\/blogsaverroes.juntadeandalucia.es\/ceipsanjuanalh\/wp-json\/wp\/v2\/types\/post"}],"author":[{"embeddable":true,"href":"https:\/\/blogsaverroes.juntadeandalucia.es\/ceipsanjuanalh\/wp-json\/wp\/v2\/users\/20247"}],"replies":[{"embeddable":true,"href":"https:\/\/blogsaverroes.juntadeandalucia.es\/ceipsanjuanalh\/wp-json\/wp\/v2\/comments?post=1285"}],"version-history":[{"count":0,"href":"https:\/\/blogsaverroes.juntadeandalucia.es\/ceipsanjuanalh\/wp-json\/wp\/v2\/posts\/1285\/revisions"}],"wp:attachment":[{"href":"https:\/\/blogsaverroes.juntadeandalucia.es\/ceipsanjuanalh\/wp-json\/wp\/v2\/media?parent=1285"}],"wp:term":[{"taxonomy":"category","embeddable":true,"href":"https:\/\/blogsaverroes.juntadeandalucia.es\/ceipsanjuanalh\/wp-json\/wp\/v2\/categories?post=1285"},{"taxonomy":"post_tag","embeddable":true,"href":"https:\/\/blogsaverroes.juntadeandalucia.es\/ceipsanjuanalh\/wp-json\/wp\/v2\/tags?post=1285"}],"curies":[{"name":"wp","href":"https:\/\/api.w.org\/{rel}","templated":true}]}}