{"id":2263,"date":"2018-01-31T11:23:40","date_gmt":"2018-01-31T10:23:40","guid":{"rendered":"http:\/\/blogsaverroes.juntadeandalucia.es\/ceipsanmiguelnerja\/?p=2263"},"modified":"2018-01-31T11:25:28","modified_gmt":"2018-01-31T10:25:28","slug":"dia-de-la-paz","status":"publish","type":"post","link":"https:\/\/blogsaverroes.juntadeandalucia.es\/ceipsanmiguelnerja\/2018\/01\/dia-de-la-paz\/","title":{"rendered":"D\u00eda de la Paz"},"content":{"rendered":"<p>Como cada a\u00f1o nuestro Centro se une para celebrar la Paz. Diferentes actividades ocuparon la ma\u00f1ana y desde infantil hasta los alumnos de sexto tuvieron la oportunidad de gritar al mundo que&#8230; \u00abNosotros tambi\u00e9n queremos la Paz\u00bb.<\/p>\n<p style=\"text-align: right\">Enhorabuena chicos\/as!!!<\/p>\n<p><a href=\"http:\/\/blogsaverroes.juntadeandalucia.es\/ceipsanmiguelnerja\/2018\/01\/dia-de-la-paz\/dia-de-la-paz2\/\" rel=\"attachment wp-att-2264\"><img loading=\"lazy\" decoding=\"async\" class=\"alignnone size-large wp-image-2264\" src=\"https:\/\/blogsaverroes.juntadeandalucia.es\/ceipsanmiguelnerja\/files\/2018\/01\/d\u00eda-de-la-paz2-1024x576.jpeg\" alt=\"\" width=\"1024\" height=\"576\" srcset=\"https:\/\/blogsaverroes.juntadeandalucia.es\/ceipsanmiguelnerja\/files\/2018\/01\/d\u00eda-de-la-paz2-1024x576.jpeg 1024w, https:\/\/blogsaverroes.juntadeandalucia.es\/ceipsanmiguelnerja\/files\/2018\/01\/d\u00eda-de-la-paz2-300x169.jpeg 300w, https:\/\/blogsaverroes.juntadeandalucia.es\/ceipsanmiguelnerja\/files\/2018\/01\/d\u00eda-de-la-paz2-768x432.jpeg 768w, https:\/\/blogsaverroes.juntadeandalucia.es\/ceipsanmiguelnerja\/files\/2018\/01\/d\u00eda-de-la-paz2-24x13.jpeg 24w, https:\/\/blogsaverroes.juntadeandalucia.es\/ceipsanmiguelnerja\/files\/2018\/01\/d\u00eda-de-la-paz2-36x20.jpeg 36w, https:\/\/blogsaverroes.juntadeandalucia.es\/ceipsanmiguelnerja\/files\/2018\/01\/d\u00eda-de-la-paz2-48x27.jpeg 48w, https:\/\/blogsaverroes.juntadeandalucia.es\/ceipsanmiguelnerja\/files\/2018\/01\/d\u00eda-de-la-paz2.jpeg 1599w\" sizes=\"(max-width: 1024px) 100vw, 1024px\" \/><\/a> <a href=\"http:\/\/blogsaverroes.juntadeandalucia.es\/ceipsanmiguelnerja\/2018\/01\/dia-de-la-paz\/dia-de-la-paz3\/\" rel=\"attachment wp-att-2268\"><img loading=\"lazy\" decoding=\"async\" class=\"alignnone size-large wp-image-2268\" src=\"https:\/\/blogsaverroes.juntadeandalucia.es\/ceipsanmiguelnerja\/files\/2018\/01\/d\u00eda-de-la-paz3-1024x576.jpeg\" alt=\"\" width=\"1024\" height=\"576\" srcset=\"https:\/\/blogsaverroes.juntadeandalucia.es\/ceipsanmiguelnerja\/files\/2018\/01\/d\u00eda-de-la-paz3-1024x576.jpeg 1024w, https:\/\/blogsaverroes.juntadeandalucia.es\/ceipsanmiguelnerja\/files\/2018\/01\/d\u00eda-de-la-paz3-300x169.jpeg 300w, https:\/\/blogsaverroes.juntadeandalucia.es\/ceipsanmiguelnerja\/files\/2018\/01\/d\u00eda-de-la-paz3-768x432.jpeg 768w, https:\/\/blogsaverroes.juntadeandalucia.es\/ceipsanmiguelnerja\/files\/2018\/01\/d\u00eda-de-la-paz3-24x13.jpeg 24w, https:\/\/blogsaverroes.juntadeandalucia.es\/ceipsanmiguelnerja\/files\/2018\/01\/d\u00eda-de-la-paz3-36x20.jpeg 36w, https:\/\/blogsaverroes.juntadeandalucia.es\/ceipsanmiguelnerja\/files\/2018\/01\/d\u00eda-de-la-paz3-48x27.jpeg 48w, https:\/\/blogsaverroes.juntadeandalucia.es\/ceipsanmiguelnerja\/files\/2018\/01\/d\u00eda-de-la-paz3.jpeg 1599w\" sizes=\"(max-width: 1024px) 100vw, 1024px\" \/><\/a><\/p>\n","protected":false},"excerpt":{"rendered":"<p>Como cada a\u00f1o nuestro Centro se une para celebrar la Paz. Diferentes actividades ocuparon la ma\u00f1ana y desde infantil hasta los alumnos de sexto tuvieron la oportunidad de gritar al mundo que&#8230; \u00abNosotros tambi\u00e9n&#46;&#46;&#46;<\/p>\n","protected":false},"author":3886,"featured_media":2265,"comment_status":"open","ping_status":"open","sticky":false,"template":"","format":"standard","meta":{"ngg_post_thumbnail":0,"footnotes":""},"categories":[526],"tags":[175],"aioseo_notices":[],"_links":{"self":[{"href":"https:\/\/blogsaverroes.juntadeandalucia.es\/ceipsanmiguelnerja\/wp-json\/wp\/v2\/posts\/2263"}],"collection":[{"href":"https:\/\/blogsaverroes.juntadeandalucia.es\/ceipsanmiguelnerja\/wp-json\/wp\/v2\/posts"}],"about":[{"href":"https:\/\/blogsaverroes.juntadeandalucia.es\/ceipsanmiguelnerja\/wp-json\/wp\/v2\/types\/post"}],"author":[{"embeddable":true,"href":"https:\/\/blogsaverroes.juntadeandalucia.es\/ceipsanmiguelnerja\/wp-json\/wp\/v2\/users\/3886"}],"replies":[{"embeddable":true,"href":"https:\/\/blogsaverroes.juntadeandalucia.es\/ceipsanmiguelnerja\/wp-json\/wp\/v2\/comments?post=2263"}],"version-history":[{"count":4,"href":"https:\/\/blogsaverroes.juntadeandalucia.es\/ceipsanmiguelnerja\/wp-json\/wp\/v2\/posts\/2263\/revisions"}],"predecessor-version":[{"id":2270,"href":"https:\/\/blogsaverroes.juntadeandalucia.es\/ceipsanmiguelnerja\/wp-json\/wp\/v2\/posts\/2263\/revisions\/2270"}],"wp:featuredmedia":[{"embeddable":true,"href":"https:\/\/blogsaverroes.juntadeandalucia.es\/ceipsanmiguelnerja\/wp-json\/wp\/v2\/media\/2265"}],"wp:attachment":[{"href":"https:\/\/blogsaverroes.juntadeandalucia.es\/ceipsanmiguelnerja\/wp-json\/wp\/v2\/media?parent=2263"}],"wp:term":[{"taxonomy":"category","embeddable":true,"href":"https:\/\/blogsaverroes.juntadeandalucia.es\/ceipsanmiguelnerja\/wp-json\/wp\/v2\/categories?post=2263"},{"taxonomy":"post_tag","embeddable":true,"href":"https:\/\/blogsaverroes.juntadeandalucia.es\/ceipsanmiguelnerja\/wp-json\/wp\/v2\/tags?post=2263"}],"curies":[{"name":"wp","href":"https:\/\/api.w.org\/{rel}","templated":true}]}}