{"id":3115,"date":"2021-05-10T15:33:28","date_gmt":"2021-05-10T15:33:28","guid":{"rendered":"https:\/\/blogsaverroes.juntadeandalucia.es\/ceipsannicolas\/?p=3115"},"modified":"2021-05-10T15:36:37","modified_gmt":"2021-05-10T15:36:37","slug":"buscamos-nuestro-logo","status":"publish","type":"post","link":"https:\/\/blogsaverroes.juntadeandalucia.es\/ceipsannicolas\/2021\/05\/10\/buscamos-nuestro-logo\/","title":{"rendered":"BUSCAMOS NUESTRO LOGO"},"content":{"rendered":"<p>Seguimos con nuestro proyecto de biblioteca. Hemos propuesto a nuestro alumnado que propongan un logo as\u00ed como un slogan para nuestra biblioteca de centro. La respuesta ha sido incre\u00edble y hemos tenido maravillosas propuestas. Aqu\u00ed ten\u00e9is la que finalmente el equipo de biblioteca eligi\u00f3.<\/p>\n<p>Posteriormente se ha sometido ha un proceso de votaci\u00f3n, donde la \u00fanica regla era que no se pod\u00eda votar a los de su misma clase.<\/p>\n<p>\u00bfCu\u00e1l es tu favorita?<\/p>\n<p><a href=\"https:\/\/blogsaverroes.juntadeandalucia.es\/ceipsannicolas\/files\/2021\/05\/20210507_133237-scaled.jpg\" rel=\"prettyPhoto[3115]\"><img loading=\"lazy\" decoding=\"async\" class=\"alignnone size-medium wp-image-3118\" src=\"https:\/\/blogsaverroes.juntadeandalucia.es\/ceipsannicolas\/files\/2021\/05\/20210507_133237-138x300.jpg\" alt=\"\" width=\"138\" height=\"300\" srcset=\"https:\/\/blogsaverroes.juntadeandalucia.es\/ceipsannicolas\/files\/2021\/05\/20210507_133237-138x300.jpg 138w, https:\/\/blogsaverroes.juntadeandalucia.es\/ceipsannicolas\/files\/2021\/05\/20210507_133237-472x1024.jpg 472w, https:\/\/blogsaverroes.juntadeandalucia.es\/ceipsannicolas\/files\/2021\/05\/20210507_133237-768x1665.jpg 768w, https:\/\/blogsaverroes.juntadeandalucia.es\/ceipsannicolas\/files\/2021\/05\/20210507_133237-709x1536.jpg 709w, https:\/\/blogsaverroes.juntadeandalucia.es\/ceipsannicolas\/files\/2021\/05\/20210507_133237-945x2048.jpg 945w, https:\/\/blogsaverroes.juntadeandalucia.es\/ceipsannicolas\/files\/2021\/05\/20210507_133237-scaled.jpg 738w\" sizes=\"(max-width: 138px) 100vw, 138px\" \/><\/a> <a href=\"https:\/\/blogsaverroes.juntadeandalucia.es\/ceipsannicolas\/files\/2021\/05\/20210507_133353-scaled.jpg\" rel=\"prettyPhoto[3115]\"><img loading=\"lazy\" decoding=\"async\" class=\"alignnone size-medium wp-image-3116\" src=\"https:\/\/blogsaverroes.juntadeandalucia.es\/ceipsannicolas\/files\/2021\/05\/20210507_133353-138x300.jpg\" alt=\"\" width=\"138\" height=\"300\" srcset=\"https:\/\/blogsaverroes.juntadeandalucia.es\/ceipsannicolas\/files\/2021\/05\/20210507_133353-138x300.jpg 138w, https:\/\/blogsaverroes.juntadeandalucia.es\/ceipsannicolas\/files\/2021\/05\/20210507_133353-472x1024.jpg 472w, https:\/\/blogsaverroes.juntadeandalucia.es\/ceipsannicolas\/files\/2021\/05\/20210507_133353-768x1665.jpg 768w, https:\/\/blogsaverroes.juntadeandalucia.es\/ceipsannicolas\/files\/2021\/05\/20210507_133353-709x1536.jpg 709w, https:\/\/blogsaverroes.juntadeandalucia.es\/ceipsannicolas\/files\/2021\/05\/20210507_133353-945x2048.jpg 945w, https:\/\/blogsaverroes.juntadeandalucia.es\/ceipsannicolas\/files\/2021\/05\/20210507_133353-scaled.jpg 738w\" sizes=\"(max-width: 138px) 100vw, 138px\" \/><\/a>&nbsp;<a href=\"https:\/\/blogsaverroes.juntadeandalucia.es\/ceipsannicolas\/files\/2021\/05\/20210507_133038-scaled.jpg\" rel=\"prettyPhoto[3115]\"><img loading=\"lazy\" decoding=\"async\" class=\"alignnone size-medium wp-image-3117\" src=\"https:\/\/blogsaverroes.juntadeandalucia.es\/ceipsannicolas\/files\/2021\/05\/20210507_133038-300x138.jpg\" alt=\"\" width=\"300\" height=\"138\" srcset=\"https:\/\/blogsaverroes.juntadeandalucia.es\/ceipsannicolas\/files\/2021\/05\/20210507_133038-300x138.jpg 300w, https:\/\/blogsaverroes.juntadeandalucia.es\/ceipsannicolas\/files\/2021\/05\/20210507_133038-1024x472.jpg 1024w, https:\/\/blogsaverroes.juntadeandalucia.es\/ceipsannicolas\/files\/2021\/05\/20210507_133038-768x354.jpg 768w, https:\/\/blogsaverroes.juntadeandalucia.es\/ceipsannicolas\/files\/2021\/05\/20210507_133038-1536x709.jpg 1536w, https:\/\/blogsaverroes.juntadeandalucia.es\/ceipsannicolas\/files\/2021\/05\/20210507_133038-2048x945.jpg 2048w, https:\/\/blogsaverroes.juntadeandalucia.es\/ceipsannicolas\/files\/2021\/05\/20210507_133038-scaled.jpg 1600w\" sizes=\"(max-width: 300px) 100vw, 300px\" \/><\/a><\/p>\n","protected":false},"excerpt":{"rendered":"<p>Seguimos con nuestro proyecto de biblioteca. Hemos propuesto a nuestro alumnado que propongan un logo as\u00ed como un slogan para nuestra biblioteca de centro. La respuesta ha sido incre\u00edble y hemos tenido maravillosas propuestas. Aqu\u00ed ten\u00e9is la que finalmente el equipo de biblioteca eligi\u00f3. Posteriormente se ha sometido ha un proceso de votaci\u00f3n, donde la [&hellip;]<\/p>\n","protected":false},"author":8318,"featured_media":0,"comment_status":"open","ping_status":"open","sticky":false,"template":"","format":"standard","meta":{"ngg_post_thumbnail":0,"footnotes":""},"categories":[213],"tags":[],"aioseo_notices":[],"_links":{"self":[{"href":"https:\/\/blogsaverroes.juntadeandalucia.es\/ceipsannicolas\/wp-json\/wp\/v2\/posts\/3115"}],"collection":[{"href":"https:\/\/blogsaverroes.juntadeandalucia.es\/ceipsannicolas\/wp-json\/wp\/v2\/posts"}],"about":[{"href":"https:\/\/blogsaverroes.juntadeandalucia.es\/ceipsannicolas\/wp-json\/wp\/v2\/types\/post"}],"author":[{"embeddable":true,"href":"https:\/\/blogsaverroes.juntadeandalucia.es\/ceipsannicolas\/wp-json\/wp\/v2\/users\/8318"}],"replies":[{"embeddable":true,"href":"https:\/\/blogsaverroes.juntadeandalucia.es\/ceipsannicolas\/wp-json\/wp\/v2\/comments?post=3115"}],"version-history":[{"count":1,"href":"https:\/\/blogsaverroes.juntadeandalucia.es\/ceipsannicolas\/wp-json\/wp\/v2\/posts\/3115\/revisions"}],"predecessor-version":[{"id":3119,"href":"https:\/\/blogsaverroes.juntadeandalucia.es\/ceipsannicolas\/wp-json\/wp\/v2\/posts\/3115\/revisions\/3119"}],"wp:attachment":[{"href":"https:\/\/blogsaverroes.juntadeandalucia.es\/ceipsannicolas\/wp-json\/wp\/v2\/media?parent=3115"}],"wp:term":[{"taxonomy":"category","embeddable":true,"href":"https:\/\/blogsaverroes.juntadeandalucia.es\/ceipsannicolas\/wp-json\/wp\/v2\/categories?post=3115"},{"taxonomy":"post_tag","embeddable":true,"href":"https:\/\/blogsaverroes.juntadeandalucia.es\/ceipsannicolas\/wp-json\/wp\/v2\/tags?post=3115"}],"curies":[{"name":"wp","href":"https:\/\/api.w.org\/{rel}","templated":true}]}}