{"id":3140,"date":"2021-05-17T17:46:37","date_gmt":"2021-05-17T17:46:37","guid":{"rendered":"https:\/\/blogsaverroes.juntadeandalucia.es\/ceipsannicolas\/?p=3140"},"modified":"2021-06-16T07:04:41","modified_gmt":"2021-06-16T07:04:41","slug":"ipasen-en-tu-movil","status":"publish","type":"post","link":"https:\/\/blogsaverroes.juntadeandalucia.es\/ceipsannicolas\/2021\/05\/17\/ipasen-en-tu-movil\/","title":{"rendered":"iPasen en tu m\u00f3vil."},"content":{"rendered":"<p>Con el fin de facilitar y reforzar la <strong>comunicaci\u00f3n de las familias con el centro educativo<\/strong>, desde el Equipo de Orientaci\u00f3n Educativa os compartimos estos tutoriales para la instalaci\u00f3n de la aplicaci\u00f3n iPasen en vuestro m\u00f3vil.<\/p>\n<p>Pero antes, conozcamos mejor <strong>qu\u00e9 es y en qu\u00e9 te puede ayudar<\/strong> esta herramienta.<\/p>\n<p><strong><em>\u00bfQu\u00e9 es iPasen? <\/em><\/strong><\/p>\n<p>Es la versi\u00f3n para m\u00f3viles y tabletas de PASEN, que es el m\u00f3dulo de S\u00e9neca que permite la comunicaci\u00f3n entre los centros educativos, las familias y el alumnado.<\/p>\n<p>Algunas de las cosas que podr\u00e1s ver desde la aplicaci\u00f3n:<\/p>\n<ul>\n<li><strong>Datos del centro<\/strong><\/li>\n<li><strong>Calendario escolar oficial.<\/strong><\/li>\n<li><strong>Tabl\u00f3n<\/strong> de anuncios.<\/li>\n<li><strong>Horario escolar<\/strong> de sus hijos.<\/li>\n<li>Consulta, justificaci\u00f3n y comunicaci\u00f3n de<strong> ausencias <\/strong>de sus hijos.<\/li>\n<li><strong>Calificaciones <\/strong>en cualquier materia.<\/li>\n<li><strong>Actividades evaluables, tareas, controles.<\/strong><\/li>\n<li><strong>Observaciones<\/strong> <strong>sobre la marcha acad\u00e9mica de sus hijos.<\/strong><\/li>\n<li><strong>Notificaciones<\/strong> enviadas desde S\u00e9neca por ausencias de sus hijos o cualquier otro tipo de mensaje.<\/li>\n<li><strong>Subida de la foto<\/strong> del alumnado a su ficha.<\/li>\n<\/ul>\n<p>Puedes descargarla en tu m\u00f3vil desde <a href=\"https:\/\/play.google.com\/store\/apps\/details?id=juntadeandalucia.ced.pasen\">aqu\u00ed<\/a> para Android,&nbsp; desde <a href=\"https:\/\/itunes.apple.com\/es\/app\/ipasen\/id511127024?l=en&amp;mt=8\">aqu\u00ed<\/a> para iOS y desde <a href=\"https:\/\/appgallery.huawei.com\/#\/app\/C101797345\">aqu\u00ed<\/a> si tu dispositivo es Huawei.&nbsp;&nbsp;<\/p>\n<p><strong><em>\u00bfC\u00f3mo accedo?<\/em><\/strong><\/p>\n<p>Si es la <strong>PRIMERA<\/strong> vez que lo instalas y accedes con tu m\u00f3vil necesitas los siguientes datos:<\/p>\n<ul>\n<li style=\"list-style-type: none\">\n<ul>\n<li><strong>NIF, NIE o Pasaporte<\/strong>, seg\u00fan el caso.<\/li>\n<li>La <strong>fecha de nacimiento<\/strong> de alguno de tus hijos\/as o la tuya propia.<\/li>\n<li>El <strong>n\u00famero de tel\u00e9fono<\/strong> m\u00f3vil donde vayas a instalar la aplicaci\u00f3n <strong>debe ser el mismo que consta en S\u00e9neca (el que facilitaste a la Secretar\u00eda del Centro).<\/strong><\/li>\n<\/ul>\n<\/li>\n<\/ul>\n<p>A continuaci\u00f3n, pincha la opci\u00f3n \u2018No tengo acceso\u2019. En el siguiente videotutorial del canal \u2018EDUYTEC\u2019 tienes los pasos a seguir:<\/p>\n<p><iframe loading=\"lazy\" src=\"\/\/www.youtube.com\/embed\/cHLova48ULE\" width=\"560\" height=\"314\"><\/iframe><\/p>\n<p>Tambi\u00e9n disponible en \u00e1rabe pinchando <a href=\"https:\/\/youtu.be\/EZvSisMceqo\">AQU\u00cd<\/a>, y <a href=\"https:\/\/youtu.be\/HW-6_Mtyh58\">AQU\u00cd<\/a>. Cr\u00e9ditos al Canal Punta Sabinar Escuela Infantil.<\/p>\n<p>Antes de instalarlo es <strong>muy <\/strong><strong>IMPORTANTE<\/strong> que tengas en cuenta lo siguiente:<\/p>\n<ol>\n<li><strong>Debes usar el mismo n\u00famero de tel\u00e9fono que consta en S\u00e9neca (el que facilitaste a la Secretar\u00eda del Centro).<\/strong><\/li>\n<li>Primero cambia el a\u00f1o de nacimiento, pinchando encima del a\u00f1o y aparecer\u00e1 un desplegable para elegir. A continuaci\u00f3n, selecciona el mes y d\u00eda.<\/li>\n<li>Es importante respetar las <strong>min\u00fasculas o may\u00fasculas<\/strong> del nombre de usuario y\/o contrase\u00f1as.<\/li>\n<li>El usuario es siempre el mismo, no var\u00eda.<\/li>\n<li>La primera contrase\u00f1a es temporal. Es necesario generar una personal que debe contener como m\u00e1ximo 12 caracteres, y al menos 1 may\u00fascula, 1 min\u00fascula y un s\u00edmbolo (recomendamos usar la barra diagonal o \u2018slash\u2019).<\/li>\n<\/ol>\n<p style=\"padding-left: 80px\"><em>Por ejemplo, si tu hija se llama Sara y naci\u00f3 en el 2009, puedes usar &nbsp;\u2018Sara2009\/\u2019 (sin las comillas). Recuerda, m\u00e1ximo 12 caracteres. Los nombres largos no servir\u00edan.<\/em><\/p>\n<ol start=\"6\">\n<li>Tras la nueva contrase\u00f1a, hay que introducir un PIN (o c\u00f3digo de 4 d\u00edgitos) dos veces. Se quedar\u00e1 memorizado en el sistema, solo tendr\u00e1s que usar este c\u00f3digo cada vez que quieras acceder a la aplicaci\u00f3n.<\/li>\n<li>Si el sistema te devuelve el siguiente error: <span style=\"color: #008080\"><em>\u00abNo existen datos coincidentes en el sistema. Debe dirigirse al centro de su hijo\/a o menor a su cargo para que le faciliten las credenciales de acceso\u00bb<\/em><\/span>,&nbsp; prueba a desinstalar la aplicaci\u00f3n y a instalarla de nuevo o a probar con el n\u00famero de otro familiar. Si el problema persiste, acude a la Secretar\u00eda del centro ya que probablemente falte alg\u00fan dato o haya alg\u00fan error en tu perfil administrativo en S\u00e9neca.<\/li>\n<\/ol>\n<p>&#8211;<a href=\"https:\/\/youtu.be\/AHGxV7vPYc4\">Pulsa aqu\u00ed para saber c\u00f3mo ponerte en contacto con el profesorado a trav\u00e9s de iPasen.<\/a><\/p>\n<p><a href=\"https:\/\/youtu.be\/7Go7245oB_E\">-Pulsa aqu\u00ed para saber c\u00f3mo consultar las notas\/calificaciones en iPasen.<\/a><\/p>\n<p><a href=\"https:\/\/youtu.be\/W3a7pt1hqr8\">-Pulsa aqu\u00ed para saber c\u00f3mo justificar las faltas de asistencia en iPasen.<\/a><\/p>\n<p><a href=\"https:\/\/youtu.be\/OR7r9OcG8sE\">-Pulsa aqu\u00ed para saber c\u00f3mo recuperar el acceso si ya tienes instalado iPasen.<\/a> &nbsp;En el canal del <a href=\"https:\/\/www.youtube.com\/watch?v=OR7r9OcG8sE\">Maestro Mallo<\/a>.<\/p>\n<p>Esperamos que te haya sido de utilidad.<\/p>\n<p>Edici\u00f3n 16\/06\/2021 &#8212;&#8212;&#8212;&#8212;&#8212;&#8212;&#8212;&#8212;&#8212;&#8212;&#8212;&#8212;&#8212;&#8212;&#8212;&#8212;&#8212;&#8212;&#8211;<\/p>\n<p><strong>La aplicaci\u00f3n iPasen ha sido actualizada y algunos de los problemas descritos en este post es muy probable que ya no se produzcan. No obstante, ante cualquier duda sobre la nueva versi\u00f3n recomendamos revisar la p\u00e1gina de <a href=\"https:\/\/www.juntadeandalucia.es\/educacion\/portals\/web\/ipasen\/contenidos\/-\/contenidos\/detalle\/preguntas-frecuentes-1g0d1jjh4dt8z\">preguntas frecuentes FAQ<\/a> sobre la aplicaci\u00f3n de la Junta de Andaluc\u00eda.&nbsp;<\/strong><\/p>\n<p>&nbsp;<\/p>\n<p>&nbsp;<\/p>\n<p style=\"text-align: right\"><em>Actuaci\u00f3n enmarcada dentro del Programa PROA+ 20\/21.<\/em><\/p>\n","protected":false},"excerpt":{"rendered":"<p>Con el fin de facilitar y reforzar la comunicaci\u00f3n de las familias con el centro educativo, desde el Equipo de Orientaci\u00f3n Educativa os compartimos estos tutoriales para la instalaci\u00f3n de la aplicaci\u00f3n iPasen en vuestro m\u00f3vil. Pero antes, conozcamos mejor qu\u00e9 es y en qu\u00e9 te puede ayudar esta herramienta. \u00bfQu\u00e9 es iPasen? Es la [&hellip;]<\/p>\n","protected":false},"author":8318,"featured_media":0,"comment_status":"open","ping_status":"open","sticky":false,"template":"","format":"standard","meta":{"ngg_post_thumbnail":0,"footnotes":""},"categories":[11909],"tags":[2266897,2266896,2266898,2266899,2266895,2266900],"aioseo_notices":[],"_links":{"self":[{"href":"https:\/\/blogsaverroes.juntadeandalucia.es\/ceipsannicolas\/wp-json\/wp\/v2\/posts\/3140"}],"collection":[{"href":"https:\/\/blogsaverroes.juntadeandalucia.es\/ceipsannicolas\/wp-json\/wp\/v2\/posts"}],"about":[{"href":"https:\/\/blogsaverroes.juntadeandalucia.es\/ceipsannicolas\/wp-json\/wp\/v2\/types\/post"}],"author":[{"embeddable":true,"href":"https:\/\/blogsaverroes.juntadeandalucia.es\/ceipsannicolas\/wp-json\/wp\/v2\/users\/8318"}],"replies":[{"embeddable":true,"href":"https:\/\/blogsaverroes.juntadeandalucia.es\/ceipsannicolas\/wp-json\/wp\/v2\/comments?post=3140"}],"version-history":[{"count":8,"href":"https:\/\/blogsaverroes.juntadeandalucia.es\/ceipsannicolas\/wp-json\/wp\/v2\/posts\/3140\/revisions"}],"predecessor-version":[{"id":3232,"href":"https:\/\/blogsaverroes.juntadeandalucia.es\/ceipsannicolas\/wp-json\/wp\/v2\/posts\/3140\/revisions\/3232"}],"wp:attachment":[{"href":"https:\/\/blogsaverroes.juntadeandalucia.es\/ceipsannicolas\/wp-json\/wp\/v2\/media?parent=3140"}],"wp:term":[{"taxonomy":"category","embeddable":true,"href":"https:\/\/blogsaverroes.juntadeandalucia.es\/ceipsannicolas\/wp-json\/wp\/v2\/categories?post=3140"},{"taxonomy":"post_tag","embeddable":true,"href":"https:\/\/blogsaverroes.juntadeandalucia.es\/ceipsannicolas\/wp-json\/wp\/v2\/tags?post=3140"}],"curies":[{"name":"wp","href":"https:\/\/api.w.org\/{rel}","templated":true}]}}