{"id":3249,"date":"2021-06-23T19:42:37","date_gmt":"2021-06-23T19:42:37","guid":{"rendered":"https:\/\/blogsaverroes.juntadeandalucia.es\/ceipsannicolas\/?p=3249"},"modified":"2021-06-23T19:42:37","modified_gmt":"2021-06-23T19:42:37","slug":"programa-creciendo-en-salud","status":"publish","type":"post","link":"https:\/\/blogsaverroes.juntadeandalucia.es\/ceipsannicolas\/2021\/06\/23\/programa-creciendo-en-salud\/","title":{"rendered":"PROGRAMA \u00abCRECIENDO EN SALUD\u00bb"},"content":{"rendered":"<p>El Programa \u201cCreciendo en Salud\u201d ha llegado a su fin en nuestro colegio con una gran acogida por parte del profesorado participante, del alumnado y sus familias. A trav\u00e9s del mismo, hemos fomentado h\u00e1bitos de vida saludables como es en este caso el consumo de frutas, verduras y l\u00e1cteos. Aqu\u00ed os dejamos una muestra de algunos de nuestros alumnos y alumnas recibiendo los premios por convertirse en&#8230;<\/p>\n<p>\u00a1AUT\u00c9NTICOS \u00abDEVORADORES\u00bb DE FRUTA!<\/p>\n<p>Gracias a todos y todas por vuestra participaci\u00f3n.&nbsp;<\/p>\n<p>&nbsp;<\/p>\n<p>&nbsp;<\/p>\n<p><a href=\"https:\/\/blogsaverroes.juntadeandalucia.es\/ceipsannicolas\/files\/2021\/06\/5\u00baB-1.jpeg\" rel=\"prettyPhoto[3249]\"><img loading=\"lazy\" decoding=\"async\" class=\"alignnone size-medium wp-image-3277\" src=\"https:\/\/blogsaverroes.juntadeandalucia.es\/ceipsannicolas\/files\/2021\/06\/5\u00baB-1-300x225.jpeg\" alt=\"\" width=\"300\" height=\"225\" srcset=\"https:\/\/blogsaverroes.juntadeandalucia.es\/ceipsannicolas\/files\/2021\/06\/5\u00baB-1-300x225.jpeg 300w, https:\/\/blogsaverroes.juntadeandalucia.es\/ceipsannicolas\/files\/2021\/06\/5\u00baB-1-768x576.jpeg 768w, https:\/\/blogsaverroes.juntadeandalucia.es\/ceipsannicolas\/files\/2021\/06\/5\u00baB-1.jpeg 1024w\" sizes=\"(max-width: 300px) 100vw, 300px\" \/><\/a> <a href=\"https:\/\/blogsaverroes.juntadeandalucia.es\/ceipsannicolas\/files\/2021\/06\/PULSERAS-CRECIENDO-EN-SALUD.jpeg\" rel=\"prettyPhoto[3249]\"><img loading=\"lazy\" decoding=\"async\" class=\"alignnone size-medium wp-image-3276\" src=\"https:\/\/blogsaverroes.juntadeandalucia.es\/ceipsannicolas\/files\/2021\/06\/PULSERAS-CRECIENDO-EN-SALUD-169x300.jpeg\" alt=\"\" width=\"169\" height=\"300\" srcset=\"https:\/\/blogsaverroes.juntadeandalucia.es\/ceipsannicolas\/files\/2021\/06\/PULSERAS-CRECIENDO-EN-SALUD-169x300.jpeg 169w, https:\/\/blogsaverroes.juntadeandalucia.es\/ceipsannicolas\/files\/2021\/06\/PULSERAS-CRECIENDO-EN-SALUD-577x1024.jpeg 577w, https:\/\/blogsaverroes.juntadeandalucia.es\/ceipsannicolas\/files\/2021\/06\/PULSERAS-CRECIENDO-EN-SALUD-768x1364.jpeg 768w, https:\/\/blogsaverroes.juntadeandalucia.es\/ceipsannicolas\/files\/2021\/06\/PULSERAS-CRECIENDO-EN-SALUD-865x1536.jpeg 865w, https:\/\/blogsaverroes.juntadeandalucia.es\/ceipsannicolas\/files\/2021\/06\/PULSERAS-CRECIENDO-EN-SALUD.jpeg 901w\" sizes=\"(max-width: 169px) 100vw, 169px\" \/><\/a> <a href=\"https:\/\/blogsaverroes.juntadeandalucia.es\/ceipsannicolas\/files\/2021\/06\/5\u00baA.jpeg\" rel=\"prettyPhoto[3249]\"><img loading=\"lazy\" decoding=\"async\" class=\"alignnone size-medium wp-image-3275\" src=\"https:\/\/blogsaverroes.juntadeandalucia.es\/ceipsannicolas\/files\/2021\/06\/5\u00baA-300x225.jpeg\" alt=\"\" width=\"300\" height=\"225\" srcset=\"https:\/\/blogsaverroes.juntadeandalucia.es\/ceipsannicolas\/files\/2021\/06\/5\u00baA-300x225.jpeg 300w, https:\/\/blogsaverroes.juntadeandalucia.es\/ceipsannicolas\/files\/2021\/06\/5\u00baA-768x576.jpeg 768w, https:\/\/blogsaverroes.juntadeandalucia.es\/ceipsannicolas\/files\/2021\/06\/5\u00baA.jpeg 960w\" sizes=\"(max-width: 300px) 100vw, 300px\" \/><\/a> <a href=\"https:\/\/blogsaverroes.juntadeandalucia.es\/ceipsannicolas\/files\/2021\/06\/4-A\u00d1OS-B.jpeg\" rel=\"prettyPhoto[3249]\"><img loading=\"lazy\" decoding=\"async\" class=\"alignnone size-medium wp-image-3274\" src=\"https:\/\/blogsaverroes.juntadeandalucia.es\/ceipsannicolas\/files\/2021\/06\/4-A\u00d1OS-B-300x225.jpeg\" alt=\"\" width=\"300\" height=\"225\" srcset=\"https:\/\/blogsaverroes.juntadeandalucia.es\/ceipsannicolas\/files\/2021\/06\/4-A\u00d1OS-B-300x225.jpeg 300w, https:\/\/blogsaverroes.juntadeandalucia.es\/ceipsannicolas\/files\/2021\/06\/4-A\u00d1OS-B-1024x768.jpeg 1024w, https:\/\/blogsaverroes.juntadeandalucia.es\/ceipsannicolas\/files\/2021\/06\/4-A\u00d1OS-B-768x576.jpeg 768w, https:\/\/blogsaverroes.juntadeandalucia.es\/ceipsannicolas\/files\/2021\/06\/4-A\u00d1OS-B-1536x1152.jpeg 1536w, https:\/\/blogsaverroes.juntadeandalucia.es\/ceipsannicolas\/files\/2021\/06\/4-A\u00d1OS-B.jpeg 1600w\" sizes=\"(max-width: 300px) 100vw, 300px\" \/><\/a> <a href=\"https:\/\/blogsaverroes.juntadeandalucia.es\/ceipsannicolas\/files\/2021\/06\/4-A\u00d1OS-B-..jpeg\" rel=\"prettyPhoto[3249]\"><img loading=\"lazy\" decoding=\"async\" class=\"alignnone size-medium wp-image-3273\" src=\"https:\/\/blogsaverroes.juntadeandalucia.es\/ceipsannicolas\/files\/2021\/06\/4-A\u00d1OS-B-.-300x225.jpeg\" alt=\"\" width=\"300\" height=\"225\" srcset=\"https:\/\/blogsaverroes.juntadeandalucia.es\/ceipsannicolas\/files\/2021\/06\/4-A\u00d1OS-B-.-300x225.jpeg 300w, https:\/\/blogsaverroes.juntadeandalucia.es\/ceipsannicolas\/files\/2021\/06\/4-A\u00d1OS-B-.-1024x768.jpeg 1024w, https:\/\/blogsaverroes.juntadeandalucia.es\/ceipsannicolas\/files\/2021\/06\/4-A\u00d1OS-B-.-768x576.jpeg 768w, https:\/\/blogsaverroes.juntadeandalucia.es\/ceipsannicolas\/files\/2021\/06\/4-A\u00d1OS-B-.-1536x1152.jpeg 1536w, https:\/\/blogsaverroes.juntadeandalucia.es\/ceipsannicolas\/files\/2021\/06\/4-A\u00d1OS-B-..jpeg 1600w\" sizes=\"(max-width: 300px) 100vw, 300px\" \/><\/a> <a href=\"https:\/\/blogsaverroes.juntadeandalucia.es\/ceipsannicolas\/files\/2021\/06\/4-A\u00d1OS-A.jpeg\" rel=\"prettyPhoto[3249]\"><img loading=\"lazy\" decoding=\"async\" class=\"alignnone size-medium wp-image-3272\" src=\"https:\/\/blogsaverroes.juntadeandalucia.es\/ceipsannicolas\/files\/2021\/06\/4-A\u00d1OS-A-300x225.jpeg\" alt=\"\" width=\"300\" height=\"225\" srcset=\"https:\/\/blogsaverroes.juntadeandalucia.es\/ceipsannicolas\/files\/2021\/06\/4-A\u00d1OS-A-300x225.jpeg 300w, https:\/\/blogsaverroes.juntadeandalucia.es\/ceipsannicolas\/files\/2021\/06\/4-A\u00d1OS-A-1024x768.jpeg 1024w, https:\/\/blogsaverroes.juntadeandalucia.es\/ceipsannicolas\/files\/2021\/06\/4-A\u00d1OS-A-768x576.jpeg 768w, https:\/\/blogsaverroes.juntadeandalucia.es\/ceipsannicolas\/files\/2021\/06\/4-A\u00d1OS-A-1536x1152.jpeg 1536w, https:\/\/blogsaverroes.juntadeandalucia.es\/ceipsannicolas\/files\/2021\/06\/4-A\u00d1OS-A.jpeg 1600w\" sizes=\"(max-width: 300px) 100vw, 300px\" \/><\/a> <a href=\"https:\/\/blogsaverroes.juntadeandalucia.es\/ceipsannicolas\/files\/2021\/06\/3\u00baA.jpeg\" rel=\"prettyPhoto[3249]\"><img loading=\"lazy\" decoding=\"async\" class=\"alignnone size-medium wp-image-3270\" src=\"https:\/\/blogsaverroes.juntadeandalucia.es\/ceipsannicolas\/files\/2021\/06\/3\u00baA-300x224.jpeg\" alt=\"\" width=\"300\" height=\"224\" srcset=\"https:\/\/blogsaverroes.juntadeandalucia.es\/ceipsannicolas\/files\/2021\/06\/3\u00baA-300x224.jpeg 300w, https:\/\/blogsaverroes.juntadeandalucia.es\/ceipsannicolas\/files\/2021\/06\/3\u00baA-1024x765.jpeg 1024w, https:\/\/blogsaverroes.juntadeandalucia.es\/ceipsannicolas\/files\/2021\/06\/3\u00baA-768x574.jpeg 768w, https:\/\/blogsaverroes.juntadeandalucia.es\/ceipsannicolas\/files\/2021\/06\/3\u00baA-1536x1148.jpeg 1536w, https:\/\/blogsaverroes.juntadeandalucia.es\/ceipsannicolas\/files\/2021\/06\/3\u00baA.jpeg 1600w\" sizes=\"(max-width: 300px) 100vw, 300px\" \/><\/a> <a href=\"https:\/\/blogsaverroes.juntadeandalucia.es\/ceipsannicolas\/files\/2021\/06\/3-A\u00d1OS.jpeg\" rel=\"prettyPhoto[3249]\"><img loading=\"lazy\" decoding=\"async\" class=\"alignnone size-medium wp-image-3269\" src=\"https:\/\/blogsaverroes.juntadeandalucia.es\/ceipsannicolas\/files\/2021\/06\/3-A\u00d1OS-138x300.jpeg\" alt=\"\" width=\"138\" height=\"300\" srcset=\"https:\/\/blogsaverroes.juntadeandalucia.es\/ceipsannicolas\/files\/2021\/06\/3-A\u00d1OS-138x300.jpeg 138w, https:\/\/blogsaverroes.juntadeandalucia.es\/ceipsannicolas\/files\/2021\/06\/3-A\u00d1OS-472x1024.jpeg 472w, https:\/\/blogsaverroes.juntadeandalucia.es\/ceipsannicolas\/files\/2021\/06\/3-A\u00d1OS-708x1536.jpeg 708w, https:\/\/blogsaverroes.juntadeandalucia.es\/ceipsannicolas\/files\/2021\/06\/3-A\u00d1OS.jpeg 737w\" sizes=\"(max-width: 138px) 100vw, 138px\" \/><\/a> <a href=\"https:\/\/blogsaverroes.juntadeandalucia.es\/ceipsannicolas\/files\/2021\/06\/3-A\u00d1OS-..jpeg\" rel=\"prettyPhoto[3249]\"><img loading=\"lazy\" decoding=\"async\" class=\"alignnone size-medium wp-image-3268\" src=\"https:\/\/blogsaverroes.juntadeandalucia.es\/ceipsannicolas\/files\/2021\/06\/3-A\u00d1OS-.-300x138.jpeg\" alt=\"\" width=\"300\" height=\"138\" srcset=\"https:\/\/blogsaverroes.juntadeandalucia.es\/ceipsannicolas\/files\/2021\/06\/3-A\u00d1OS-.-300x138.jpeg 300w, https:\/\/blogsaverroes.juntadeandalucia.es\/ceipsannicolas\/files\/2021\/06\/3-A\u00d1OS-.-1024x472.jpeg 1024w, https:\/\/blogsaverroes.juntadeandalucia.es\/ceipsannicolas\/files\/2021\/06\/3-A\u00d1OS-.-768x354.jpeg 768w, https:\/\/blogsaverroes.juntadeandalucia.es\/ceipsannicolas\/files\/2021\/06\/3-A\u00d1OS-.-1536x708.jpeg 1536w, https:\/\/blogsaverroes.juntadeandalucia.es\/ceipsannicolas\/files\/2021\/06\/3-A\u00d1OS-..jpeg 1600w\" sizes=\"(max-width: 300px) 100vw, 300px\" \/><\/a> <a href=\"https:\/\/blogsaverroes.juntadeandalucia.es\/ceipsannicolas\/files\/2021\/06\/2\u00baB.jpeg\" rel=\"prettyPhoto[3249]\"><img loading=\"lazy\" decoding=\"async\" class=\"alignnone size-medium wp-image-3267\" src=\"https:\/\/blogsaverroes.juntadeandalucia.es\/ceipsannicolas\/files\/2021\/06\/2\u00baB-300x225.jpeg\" alt=\"\" width=\"300\" height=\"225\" srcset=\"https:\/\/blogsaverroes.juntadeandalucia.es\/ceipsannicolas\/files\/2021\/06\/2\u00baB-300x225.jpeg 300w, https:\/\/blogsaverroes.juntadeandalucia.es\/ceipsannicolas\/files\/2021\/06\/2\u00baB-768x576.jpeg 768w, https:\/\/blogsaverroes.juntadeandalucia.es\/ceipsannicolas\/files\/2021\/06\/2\u00baB.jpeg 1024w\" sizes=\"(max-width: 300px) 100vw, 300px\" \/><\/a> <a href=\"https:\/\/blogsaverroes.juntadeandalucia.es\/ceipsannicolas\/files\/2021\/06\/2\u00baA.jpeg\" rel=\"prettyPhoto[3249]\"><img loading=\"lazy\" decoding=\"async\" class=\"alignnone size-medium wp-image-3266\" src=\"https:\/\/blogsaverroes.juntadeandalucia.es\/ceipsannicolas\/files\/2021\/06\/2\u00baA-300x225.jpeg\" alt=\"\" width=\"300\" height=\"225\" srcset=\"https:\/\/blogsaverroes.juntadeandalucia.es\/ceipsannicolas\/files\/2021\/06\/2\u00baA-300x225.jpeg 300w, https:\/\/blogsaverroes.juntadeandalucia.es\/ceipsannicolas\/files\/2021\/06\/2\u00baA-1024x768.jpeg 1024w, https:\/\/blogsaverroes.juntadeandalucia.es\/ceipsannicolas\/files\/2021\/06\/2\u00baA-768x576.jpeg 768w, https:\/\/blogsaverroes.juntadeandalucia.es\/ceipsannicolas\/files\/2021\/06\/2\u00baA-1536x1152.jpeg 1536w, https:\/\/blogsaverroes.juntadeandalucia.es\/ceipsannicolas\/files\/2021\/06\/2\u00baA.jpeg 1600w\" sizes=\"(max-width: 300px) 100vw, 300px\" \/><\/a> <a href=\"https:\/\/blogsaverroes.juntadeandalucia.es\/ceipsannicolas\/files\/2021\/06\/1\u00baB.jpeg\" rel=\"prettyPhoto[3249]\"><img loading=\"lazy\" decoding=\"async\" class=\"alignnone size-medium wp-image-3265\" src=\"https:\/\/blogsaverroes.juntadeandalucia.es\/ceipsannicolas\/files\/2021\/06\/1\u00baB-300x138.jpeg\" alt=\"\" width=\"300\" height=\"138\" srcset=\"https:\/\/blogsaverroes.juntadeandalucia.es\/ceipsannicolas\/files\/2021\/06\/1\u00baB-300x138.jpeg 300w, https:\/\/blogsaverroes.juntadeandalucia.es\/ceipsannicolas\/files\/2021\/06\/1\u00baB-1024x472.jpeg 1024w, https:\/\/blogsaverroes.juntadeandalucia.es\/ceipsannicolas\/files\/2021\/06\/1\u00baB-768x354.jpeg 768w, https:\/\/blogsaverroes.juntadeandalucia.es\/ceipsannicolas\/files\/2021\/06\/1\u00baB-1536x709.jpeg 1536w, https:\/\/blogsaverroes.juntadeandalucia.es\/ceipsannicolas\/files\/2021\/06\/1\u00baB.jpeg 1600w\" sizes=\"(max-width: 300px) 100vw, 300px\" \/><\/a><\/p>\n<p style=\"text-align: left\">&nbsp;<\/p>\n","protected":false},"excerpt":{"rendered":"<p>El Programa \u201cCreciendo en Salud\u201d ha llegado a su fin en nuestro colegio con una gran acogida por parte del profesorado participante, del alumnado y sus familias. A trav\u00e9s del mismo, hemos fomentado h\u00e1bitos de vida saludables como es en este caso el consumo de frutas, verduras y l\u00e1cteos. Aqu\u00ed os dejamos una muestra de [&hellip;]<\/p>\n","protected":false},"author":8318,"featured_media":0,"comment_status":"open","ping_status":"open","sticky":false,"template":"","format":"standard","meta":{"ngg_post_thumbnail":0,"footnotes":""},"categories":[26636,2266891],"tags":[],"aioseo_notices":[],"_links":{"self":[{"href":"https:\/\/blogsaverroes.juntadeandalucia.es\/ceipsannicolas\/wp-json\/wp\/v2\/posts\/3249"}],"collection":[{"href":"https:\/\/blogsaverroes.juntadeandalucia.es\/ceipsannicolas\/wp-json\/wp\/v2\/posts"}],"about":[{"href":"https:\/\/blogsaverroes.juntadeandalucia.es\/ceipsannicolas\/wp-json\/wp\/v2\/types\/post"}],"author":[{"embeddable":true,"href":"https:\/\/blogsaverroes.juntadeandalucia.es\/ceipsannicolas\/wp-json\/wp\/v2\/users\/8318"}],"replies":[{"embeddable":true,"href":"https:\/\/blogsaverroes.juntadeandalucia.es\/ceipsannicolas\/wp-json\/wp\/v2\/comments?post=3249"}],"version-history":[{"count":1,"href":"https:\/\/blogsaverroes.juntadeandalucia.es\/ceipsannicolas\/wp-json\/wp\/v2\/posts\/3249\/revisions"}],"predecessor-version":[{"id":3279,"href":"https:\/\/blogsaverroes.juntadeandalucia.es\/ceipsannicolas\/wp-json\/wp\/v2\/posts\/3249\/revisions\/3279"}],"wp:attachment":[{"href":"https:\/\/blogsaverroes.juntadeandalucia.es\/ceipsannicolas\/wp-json\/wp\/v2\/media?parent=3249"}],"wp:term":[{"taxonomy":"category","embeddable":true,"href":"https:\/\/blogsaverroes.juntadeandalucia.es\/ceipsannicolas\/wp-json\/wp\/v2\/categories?post=3249"},{"taxonomy":"post_tag","embeddable":true,"href":"https:\/\/blogsaverroes.juntadeandalucia.es\/ceipsannicolas\/wp-json\/wp\/v2\/tags?post=3249"}],"curies":[{"name":"wp","href":"https:\/\/api.w.org\/{rel}","templated":true}]}}