{"id":1795,"date":"2023-01-23T12:18:48","date_gmt":"2023-01-23T11:18:48","guid":{"rendered":"https:\/\/blogsaverroes.juntadeandalucia.es\/ceipsanpablosevilla\/?p=1795"},"modified":"2024-03-08T11:12:16","modified_gmt":"2024-03-08T10:12:16","slug":"1795-2","status":"publish","type":"post","link":"https:\/\/blogsaverroes.juntadeandalucia.es\/ceipsanpablosevilla\/1795-2\/","title":{"rendered":"III Edici\u00f3n del Concurso #SanPabloCoeduca 2022-2023"},"content":{"rendered":"<div><span style=\"font-size: 14pt;color: #ff00ff\"><strong>III&nbsp;Edici\u00f3n&nbsp;del&nbsp;Concurso&nbsp;#SanPabloCoeduca&nbsp;2022-2023<\/strong><\/span><\/div>\n<div>&nbsp;<\/div>\n<div>\n<p>Los centros educativos<span style=\"color: #ff00ff\"> <strong>IES San Pablo, CEIP San Pablo y CEIP Miguel Hern\u00e1ndez<\/strong><\/span> de Sevilla, dentro de nuestro Programa de Tr\u00e1nsito, consideramos necesaria la participaci\u00f3n de toda la comunidad educativa en actividades que favorezcan el fomento de la Igualdad entre mujeres y hombres y la prevenci\u00f3n de la violencia hacia las mujeres.<\/p>\n<p>El IES San Pablo convoca la<span style=\"color: #ff00ff\"> <strong>III Edici\u00f3n del Concurso #SanPabloCoeduca<\/strong><\/span>, en la modalidad de<br \/>\n<span style=\"color: #ff00ff\"><strong>Creaci\u00f3n de Imagen Gr\u00e1fica<\/strong><\/span> con motivo del<span style=\"color: #ff00ff\"><strong> 8M, D\u00eda Internacional de la Mujer.<\/strong><\/span><\/p>\n<p><span style=\"color: #ff00ff\"><strong>BASES:<\/strong><\/span><\/p>\n<p><span style=\"color: #ff00ff\"><strong>1. Objeto<\/strong><\/span><\/p>\n<p>Este concurso pretende promocionar entre nuestra comunidad educativa la <span style=\"color: #ff00ff\"><strong>Igualdad entre mujeres y hombres, as\u00ed como sensibilizar y prevenir la violencia de g\u00e9nero en todas sus manifestaciones.<\/strong><\/span><br \/>\nUna de las im\u00e1genes premiadas, en cualquiera de las categor\u00edas del concurso, ser\u00e1 utilizada en la campa\u00f1a de sensibilizaci\u00f3n que desarrollar\u00e1n estos centros con motivo del <span style=\"color: #ff00ff\"><strong>8 de marzo de 2023, D\u00eda Internacional de la Mujer.<\/strong><\/span><\/p>\n<p><span style=\"color: #ff00ff\"><strong>2. Modalidad<\/strong><\/span><\/p>\n<p>Creaci\u00f3n de Imagen Gr\u00e1fica<\/p>\n<p><span style=\"color: #ff00ff\"><strong>3. Participantes<\/strong><\/span><\/p>\n<p>Dirigido a alumnado, profesorado, personal no docente y familias de los tres centros educativos que integran el Programa de Tr\u00e1nsito.<br \/>\nCada participante podr\u00e1 presentar un m\u00e1ximo de 3 trabajos.<\/p>\n<p><span style=\"color: #ff00ff\"><strong>4. Categor\u00edas<\/strong><\/span><\/p>\n<p>Se establecen tres categor\u00edas de participaci\u00f3n:<\/p>\n<p><span style=\"color: #ff00ff\"><strong>Categor\u00eda A:<\/strong><\/span> alumnado de Primaria del CEIP Miguel Hern\u00e1ndez y del CEIP San Pablo.<br \/>\n<span style=\"color: #ff00ff\"><strong>Categor\u00eda B:<\/strong> <\/span>alumnado del IES San Pablo.<br \/>\n<span style=\"color: #ff00ff\"><strong>Categor\u00eda C:<\/strong> <\/span>profesorado, familias y personal no docente de los tres centros educativos.<\/p>\n<p><span style=\"color: #ff00ff\"><strong>5. Tem\u00e1tica<\/strong><\/span><\/p>\n<p>Los trabajos expresar\u00e1n ideas o mensajes que promuevan la<span style=\"color: #ff00ff\"> <strong>Igualdad entre mujeres y hombres<\/strong><\/span>, con motivo del<span style=\"color: #ff00ff\"><strong> 8 de marzo, D\u00eda Internacional de la Mujer.<\/strong><\/span><\/p>\n<p><span style=\"color: #ff00ff\"><strong>6. Formato y t\u00e9cnica<\/strong><\/span><\/p>\n<p>Las im\u00e1genes gr\u00e1ficas pueden ser <span style=\"color: #ff00ff\"><strong>fotograf\u00edas o dibujos<\/strong><\/span>, presentados en formato jpg, png o similares.<\/p>\n<p>Los trabajos han de ser <span style=\"color: #ff00ff\"><strong>originales e in\u00e9ditos y de autor\u00eda de las personas que los presenten<\/strong><\/span>. No se valorar\u00e1n las propuestas copiadas de otras ya existentes o bajadas de bancos de im\u00e1genes de internet.<\/p>\n<p><span style=\"color: #ff00ff\"><strong>7. Plazo de presentaci\u00f3n<\/strong><\/span><\/p>\n<p>El plazo comenzar\u00e1 el <span style=\"color: #ff00ff\"><strong>19 de enero y concluir\u00e1 el 19 de febrero de 2023.<\/strong><\/span><\/p>\n<p><span style=\"color: #ff00ff\"><strong>8. Forma de presentaci\u00f3n<\/strong><\/span><\/p>\n<p>Los trabajos se presentar\u00e1n en archivo digital a la direcci\u00f3n del correo electr\u00f3nico <span style=\"color: #ff00ff\"><strong>coeducacion@iessanpablo.es<\/strong>,<\/span> especificando en el <span style=\"color: #ff00ff\"><strong>asunto<\/strong> <\/span>del mensaje<span style=\"color: #ff00ff\"><strong> \u201cIII Edici\u00f3n Concurso #SanPabloCoeduca\u201d<\/strong><\/span> y en el cuerpo del mensaje el nombre y apellidos de la persona participante y la categor\u00eda por la que participa. El trabajo presentado en el archivo<span style=\"color: #ff00ff\"><strong> no llevar\u00e1 identificaci\u00f3n alguna.<\/strong><\/span><\/p>\n<p><span style=\"color: #ff00ff\"><strong>9. Criterios de valoraci\u00f3n<\/strong><\/span><\/p>\n<p>Visibilizaci\u00f3n de la tem\u00e1tica propuesta (hasta <span style=\"color: #ff00ff\"><strong>5<\/strong> <\/span>puntos) Originalidad y creatividad (hasta <span style=\"color: #ff00ff\"><strong>3<\/strong> <\/span>puntos)<br \/>\nCalidad (hasta <span style=\"color: #ff00ff\"><strong>2<\/strong> <\/span>puntos)<\/p>\n<p><span style=\"color: #ff00ff\"><strong>10. Jurado<\/strong><\/span><\/p>\n<p>El Jurado estar\u00e1 compuesto por un representante del alumnado, profesorado, PAS, familias y el Director (o la persona en quien delegue) del IES San Pablo, y las coordinadoras de Coeducaci\u00f3n de los tres centros educativos.<\/p>\n<p><span style=\"color: #ff00ff\"><strong>11. Premios<\/strong><\/span><\/p>\n<p>Los premios para el trabajo ganador de cada categor\u00eda, ser\u00e1n los siguientes: Vale de 50\u20ac para material escolar.<br \/>\nDiploma.<\/p>\n<p><span style=\"color: #ff00ff\"><strong>12. Entrega de premios<\/strong><\/span><\/p>\n<p>Se realizar\u00e1 en el acto con motivo del <span style=\"color: #ff00ff\"><strong>8 de marzo, D\u00eda Internacional de la Mujer.<\/strong><\/span><\/p>\n<p><span style=\"color: #ff00ff\"><strong>13. Difusi\u00f3n de los premios<\/strong><\/span><\/p>\n<p>Se har\u00e1 una referencia a los trabajos ganadores y a su autor\u00eda en la web y redes sociales de los centros participantes.<\/p>\n<p><span style=\"color: #ff00ff\"><strong>14. Aceptaci\u00f3n de las bases<\/strong><\/span><\/p>\n<p>La participaci\u00f3n en el concurso lleva impl\u00edcita la aceptaci\u00f3n de estas bases y el fallo del jurado<\/p>\n<\/div>\n","protected":false},"excerpt":{"rendered":"<p>III&nbsp;Edici\u00f3n&nbsp;del&nbsp;Concurso&nbsp;#SanPabloCoeduca&nbsp;2022-2023 &nbsp; Los centros educativos IES San Pablo, CEIP San Pablo y CEIP Miguel Hern\u00e1ndez de Sevilla, dentro de nuestro Programa de Tr\u00e1nsito, consideramos necesaria la participaci\u00f3n de toda la comunidad educativa en actividades que favorezcan el fomento de la Igualdad entre mujeres y hombres y la prevenci\u00f3n de la violencia hacia las mujeres. El [&hellip;]<\/p>\n","protected":false},"author":13548,"featured_media":1798,"comment_status":"closed","ping_status":"open","sticky":false,"template":"","format":"standard","meta":{"_et_pb_use_builder":"","_et_pb_old_content":"","_et_gb_content_width":"","ngg_post_thumbnail":0,"footnotes":""},"categories":[1],"tags":[],"aioseo_notices":[],"_links":{"self":[{"href":"https:\/\/blogsaverroes.juntadeandalucia.es\/ceipsanpablosevilla\/wp-json\/wp\/v2\/posts\/1795"}],"collection":[{"href":"https:\/\/blogsaverroes.juntadeandalucia.es\/ceipsanpablosevilla\/wp-json\/wp\/v2\/posts"}],"about":[{"href":"https:\/\/blogsaverroes.juntadeandalucia.es\/ceipsanpablosevilla\/wp-json\/wp\/v2\/types\/post"}],"author":[{"embeddable":true,"href":"https:\/\/blogsaverroes.juntadeandalucia.es\/ceipsanpablosevilla\/wp-json\/wp\/v2\/users\/13548"}],"replies":[{"embeddable":true,"href":"https:\/\/blogsaverroes.juntadeandalucia.es\/ceipsanpablosevilla\/wp-json\/wp\/v2\/comments?post=1795"}],"version-history":[{"count":5,"href":"https:\/\/blogsaverroes.juntadeandalucia.es\/ceipsanpablosevilla\/wp-json\/wp\/v2\/posts\/1795\/revisions"}],"predecessor-version":[{"id":1801,"href":"https:\/\/blogsaverroes.juntadeandalucia.es\/ceipsanpablosevilla\/wp-json\/wp\/v2\/posts\/1795\/revisions\/1801"}],"wp:featuredmedia":[{"embeddable":true,"href":"https:\/\/blogsaverroes.juntadeandalucia.es\/ceipsanpablosevilla\/wp-json\/wp\/v2\/media\/1798"}],"wp:attachment":[{"href":"https:\/\/blogsaverroes.juntadeandalucia.es\/ceipsanpablosevilla\/wp-json\/wp\/v2\/media?parent=1795"}],"wp:term":[{"taxonomy":"category","embeddable":true,"href":"https:\/\/blogsaverroes.juntadeandalucia.es\/ceipsanpablosevilla\/wp-json\/wp\/v2\/categories?post=1795"},{"taxonomy":"post_tag","embeddable":true,"href":"https:\/\/blogsaverroes.juntadeandalucia.es\/ceipsanpablosevilla\/wp-json\/wp\/v2\/tags?post=1795"}],"curies":[{"name":"wp","href":"https:\/\/api.w.org\/{rel}","templated":true}]}}