{"id":3110,"date":"2020-01-29T20:52:15","date_gmt":"2020-01-29T20:52:15","guid":{"rendered":"https:\/\/blogsaverroes.juntadeandalucia.es\/ceipsanpedrodealcantara\/?p=3110"},"modified":"2020-01-29T20:52:15","modified_gmt":"2020-01-29T20:52:15","slug":"nuevas-colecciones-en-la-biblioteca-del-colegio","status":"publish","type":"post","link":"https:\/\/blogsaverroes.juntadeandalucia.es\/ceipsanpedrodealcantara\/?p=3110","title":{"rendered":"Nuevas colecciones en la biblioteca del colegio"},"content":{"rendered":"<p>Ya est\u00e1n catalogadas por nuestro coordinador de biblioteca, D. Joaqu\u00edn Sanz Pereda, las \u00faltimas colecciones de libros. Adem\u00e1s de las adquisiciones del centro hay que agradecer la donaci\u00f3n de una familia del centro de una de las colecciones m\u00e1s demandas por el alumnado.<\/p>\n\n\t\t<style>\n\t\t\t#gallery-1 {\n\t\t\t\tmargin: auto;\n\t\t\t}\n\t\t\t#gallery-1 .gallery-item {\n\t\t\t\tfloat: left;\n\t\t\t\tmargin-top: 10px;\n\t\t\t\ttext-align: center;\n\t\t\t\twidth: 50%;\n\t\t\t}\n\t\t\t#gallery-1 img {\n\t\t\t\tborder: 2px solid #cfcfcf;\n\t\t\t}\n\t\t\t#gallery-1 .gallery-caption {\n\t\t\t\tmargin-left: 0;\n\t\t\t}\n\t\t\t\/* see gallery_shortcode() in wp-includes\/media.php *\/\n\t\t<\/style>\n\t\t<div id='gallery-1' class='gallery galleryid-3110 gallery-columns-2 gallery-size-large'><dl class='gallery-item'>\n\t\t\t<dt class='gallery-icon landscape'>\n\t\t\t\t<a href='https:\/\/blogsaverroes.juntadeandalucia.es\/ceipsanpedrodealcantara\/?attachment_id=3111'><img loading=\"lazy\" decoding=\"async\" width=\"1024\" height=\"576\" src=\"https:\/\/blogsaverroes.juntadeandalucia.es\/ceipsanpedrodealcantara\/files\/2020\/01\/IMG_5905-1024x576.jpg\" class=\"attachment-large size-large\" alt=\"\" \/><\/a>\n\t\t\t<\/dt><\/dl><dl class='gallery-item'>\n\t\t\t<dt class='gallery-icon landscape'>\n\t\t\t\t<a href='https:\/\/blogsaverroes.juntadeandalucia.es\/ceipsanpedrodealcantara\/?attachment_id=3113'><img loading=\"lazy\" decoding=\"async\" width=\"1024\" height=\"576\" src=\"https:\/\/blogsaverroes.juntadeandalucia.es\/ceipsanpedrodealcantara\/files\/2020\/01\/IMG_5906-1024x576.jpg\" class=\"attachment-large size-large\" alt=\"\" srcset=\"https:\/\/blogsaverroes.juntadeandalucia.es\/ceipsanpedrodealcantara\/files\/2020\/01\/IMG_5906-1024x576.jpg 1024w, https:\/\/blogsaverroes.juntadeandalucia.es\/ceipsanpedrodealcantara\/files\/2020\/01\/IMG_5906-300x169.jpg 300w, https:\/\/blogsaverroes.juntadeandalucia.es\/ceipsanpedrodealcantara\/files\/2020\/01\/IMG_5906-768x432.jpg 768w, https:\/\/blogsaverroes.juntadeandalucia.es\/ceipsanpedrodealcantara\/files\/2020\/01\/IMG_5906-24x13.jpg 24w, https:\/\/blogsaverroes.juntadeandalucia.es\/ceipsanpedrodealcantara\/files\/2020\/01\/IMG_5906-36x20.jpg 36w, https:\/\/blogsaverroes.juntadeandalucia.es\/ceipsanpedrodealcantara\/files\/2020\/01\/IMG_5906-48x27.jpg 48w, https:\/\/blogsaverroes.juntadeandalucia.es\/ceipsanpedrodealcantara\/files\/2020\/01\/IMG_5906.jpg 1334w\" sizes=\"(max-width: 1024px) 100vw, 1024px\" \/><\/a>\n\t\t\t<\/dt><\/dl><br style=\"clear: both\" \/><dl class='gallery-item'>\n\t\t\t<dt class='gallery-icon landscape'>\n\t\t\t\t<a href='https:\/\/blogsaverroes.juntadeandalucia.es\/ceipsanpedrodealcantara\/?attachment_id=3114'><img loading=\"lazy\" decoding=\"async\" width=\"1024\" height=\"576\" src=\"https:\/\/blogsaverroes.juntadeandalucia.es\/ceipsanpedrodealcantara\/files\/2020\/01\/IMG_5903-1024x576.jpg\" class=\"attachment-large size-large\" alt=\"\" srcset=\"https:\/\/blogsaverroes.juntadeandalucia.es\/ceipsanpedrodealcantara\/files\/2020\/01\/IMG_5903-1024x576.jpg 1024w, https:\/\/blogsaverroes.juntadeandalucia.es\/ceipsanpedrodealcantara\/files\/2020\/01\/IMG_5903-300x169.jpg 300w, https:\/\/blogsaverroes.juntadeandalucia.es\/ceipsanpedrodealcantara\/files\/2020\/01\/IMG_5903-768x432.jpg 768w, https:\/\/blogsaverroes.juntadeandalucia.es\/ceipsanpedrodealcantara\/files\/2020\/01\/IMG_5903-24x13.jpg 24w, https:\/\/blogsaverroes.juntadeandalucia.es\/ceipsanpedrodealcantara\/files\/2020\/01\/IMG_5903-36x20.jpg 36w, https:\/\/blogsaverroes.juntadeandalucia.es\/ceipsanpedrodealcantara\/files\/2020\/01\/IMG_5903-48x27.jpg 48w, https:\/\/blogsaverroes.juntadeandalucia.es\/ceipsanpedrodealcantara\/files\/2020\/01\/IMG_5903.jpg 1334w\" sizes=\"(max-width: 1024px) 100vw, 1024px\" \/><\/a>\n\t\t\t<\/dt><\/dl><dl class='gallery-item'>\n\t\t\t<dt class='gallery-icon portrait'>\n\t\t\t\t<a href='https:\/\/blogsaverroes.juntadeandalucia.es\/ceipsanpedrodealcantara\/?attachment_id=3112'><img loading=\"lazy\" decoding=\"async\" width=\"576\" height=\"1024\" src=\"https:\/\/blogsaverroes.juntadeandalucia.es\/ceipsanpedrodealcantara\/files\/2020\/01\/IMG_5904-576x1024.jpg\" class=\"attachment-large size-large\" alt=\"\" srcset=\"https:\/\/blogsaverroes.juntadeandalucia.es\/ceipsanpedrodealcantara\/files\/2020\/01\/IMG_5904-576x1024.jpg 576w, https:\/\/blogsaverroes.juntadeandalucia.es\/ceipsanpedrodealcantara\/files\/2020\/01\/IMG_5904-169x300.jpg 169w, https:\/\/blogsaverroes.juntadeandalucia.es\/ceipsanpedrodealcantara\/files\/2020\/01\/IMG_5904-13x24.jpg 13w, https:\/\/blogsaverroes.juntadeandalucia.es\/ceipsanpedrodealcantara\/files\/2020\/01\/IMG_5904-20x36.jpg 20w, https:\/\/blogsaverroes.juntadeandalucia.es\/ceipsanpedrodealcantara\/files\/2020\/01\/IMG_5904-27x48.jpg 27w, https:\/\/blogsaverroes.juntadeandalucia.es\/ceipsanpedrodealcantara\/files\/2020\/01\/IMG_5904.jpg 750w\" sizes=\"(max-width: 576px) 100vw, 576px\" \/><\/a>\n\t\t\t<\/dt><\/dl><br style=\"clear: both\" \/>\n\t\t<\/div>\n\n","protected":false},"excerpt":{"rendered":"<p>Ya est\u00e1n catalogadas por nuestro coordinador de biblioteca, D. Joaqu\u00edn Sanz Pereda, las \u00faltimas colecciones de libros. Adem\u00e1s de las adquisiciones del centro hay que agradecer la donaci\u00f3n de una familia del centro de una de las colecciones m\u00e1s demandas por el alumnado.<\/p>\n","protected":false},"author":6920,"featured_media":3113,"comment_status":"closed","ping_status":"open","sticky":false,"template":"","format":"image","meta":{"ngg_post_thumbnail":0,"footnotes":""},"categories":[213,19,526],"tags":[],"aioseo_notices":[],"_links":{"self":[{"href":"https:\/\/blogsaverroes.juntadeandalucia.es\/ceipsanpedrodealcantara\/index.php?rest_route=\/wp\/v2\/posts\/3110"}],"collection":[{"href":"https:\/\/blogsaverroes.juntadeandalucia.es\/ceipsanpedrodealcantara\/index.php?rest_route=\/wp\/v2\/posts"}],"about":[{"href":"https:\/\/blogsaverroes.juntadeandalucia.es\/ceipsanpedrodealcantara\/index.php?rest_route=\/wp\/v2\/types\/post"}],"author":[{"embeddable":true,"href":"https:\/\/blogsaverroes.juntadeandalucia.es\/ceipsanpedrodealcantara\/index.php?rest_route=\/wp\/v2\/users\/6920"}],"replies":[{"embeddable":true,"href":"https:\/\/blogsaverroes.juntadeandalucia.es\/ceipsanpedrodealcantara\/index.php?rest_route=%2Fwp%2Fv2%2Fcomments&post=3110"}],"version-history":[{"count":1,"href":"https:\/\/blogsaverroes.juntadeandalucia.es\/ceipsanpedrodealcantara\/index.php?rest_route=\/wp\/v2\/posts\/3110\/revisions"}],"predecessor-version":[{"id":3115,"href":"https:\/\/blogsaverroes.juntadeandalucia.es\/ceipsanpedrodealcantara\/index.php?rest_route=\/wp\/v2\/posts\/3110\/revisions\/3115"}],"wp:featuredmedia":[{"embeddable":true,"href":"https:\/\/blogsaverroes.juntadeandalucia.es\/ceipsanpedrodealcantara\/index.php?rest_route=\/wp\/v2\/media\/3113"}],"wp:attachment":[{"href":"https:\/\/blogsaverroes.juntadeandalucia.es\/ceipsanpedrodealcantara\/index.php?rest_route=%2Fwp%2Fv2%2Fmedia&parent=3110"}],"wp:term":[{"taxonomy":"category","embeddable":true,"href":"https:\/\/blogsaverroes.juntadeandalucia.es\/ceipsanpedrodealcantara\/index.php?rest_route=%2Fwp%2Fv2%2Fcategories&post=3110"},{"taxonomy":"post_tag","embeddable":true,"href":"https:\/\/blogsaverroes.juntadeandalucia.es\/ceipsanpedrodealcantara\/index.php?rest_route=%2Fwp%2Fv2%2Ftags&post=3110"}],"curies":[{"name":"wp","href":"https:\/\/api.w.org\/{rel}","templated":true}]}}