{"id":4695,"date":"2025-01-12T18:09:30","date_gmt":"2025-01-12T18:09:30","guid":{"rendered":"https:\/\/blogsaverroes.juntadeandalucia.es\/ceipsanpedrodealcantara\/?p=4695"},"modified":"2025-01-12T18:09:30","modified_gmt":"2025-01-12T18:09:30","slug":"experiencias-educativas-de-exito-de-la-provincia-de-malaga","status":"publish","type":"post","link":"https:\/\/blogsaverroes.juntadeandalucia.es\/ceipsanpedrodealcantara\/?p=4695","title":{"rendered":"Experiencias Educativas de \u00c9xito de la provincia de M\u00e1laga"},"content":{"rendered":"<p>Los centros de profesorado de la provincia de M\u00e1laga recogen en en un mapa diversas experiencias de \u00e9xito en distintas tem\u00e1ticas y nuestro centro ha sido reconocido, tras una evaluaci\u00f3n por parte de los centros de profesorado como uno de los centros en los que se desarrollan trabajos con el alumnado a los que se le puede distinguir dentro de la provincia de M\u00e1laga. Las experiencias que estamos desarrollando y han sido reconocidas son las&nbsp;<strong>matem\u00e1ticas manipulativas y radio y&nbsp;<\/strong><b>televisi\u00f3n.&nbsp;<\/b>Enhorabuena a todo el alumnado y a los coordinadores de estos trabajos.<\/p>\n<p>Dejamos enlaces de los trabajos realizados.<\/p>\n<p><a href=\"https:\/\/www.experienciaseducativasmalaga.com\/2024\/11\/radio-y-television-escolar-ceip-san.html\">Radio y Televisi\u00f3n en CEIP San Pedro de Alc\u00e1ntara&nbsp;<\/a><\/p>\n<p><a href=\"https:\/\/www.experienciaseducativasmalaga.com\/2022\/12\/matematicas-manipulativas.html\">Matem\u00e1ticas Manipulativas<\/a><\/p>\n<p>&nbsp;<\/p>\n\n\t\t<style>\n\t\t\t#gallery-1 {\n\t\t\t\tmargin: auto;\n\t\t\t}\n\t\t\t#gallery-1 .gallery-item {\n\t\t\t\tfloat: left;\n\t\t\t\tmargin-top: 10px;\n\t\t\t\ttext-align: center;\n\t\t\t\twidth: 33%;\n\t\t\t}\n\t\t\t#gallery-1 img {\n\t\t\t\tborder: 2px solid #cfcfcf;\n\t\t\t}\n\t\t\t#gallery-1 .gallery-caption {\n\t\t\t\tmargin-left: 0;\n\t\t\t}\n\t\t\t\/* see gallery_shortcode() in wp-includes\/media.php *\/\n\t\t<\/style>\n\t\t<div id='gallery-1' class='gallery galleryid-4695 gallery-columns-3 gallery-size-large'><dl class='gallery-item'>\n\t\t\t<dt class='gallery-icon landscape'>\n\t\t\t\t<a href='https:\/\/blogsaverroes.juntadeandalucia.es\/ceipsanpedrodealcantara\/?attachment_id=4699'><img loading=\"lazy\" decoding=\"async\" width=\"1024\" height=\"555\" src=\"https:\/\/blogsaverroes.juntadeandalucia.es\/ceipsanpedrodealcantara\/files\/2025\/01\/Captura-de-pantalla-2025-01-12-a-las-19.05.00-1024x555.png\" class=\"attachment-large size-large\" alt=\"\" srcset=\"https:\/\/blogsaverroes.juntadeandalucia.es\/ceipsanpedrodealcantara\/files\/2025\/01\/Captura-de-pantalla-2025-01-12-a-las-19.05.00-1024x555.png 1024w, https:\/\/blogsaverroes.juntadeandalucia.es\/ceipsanpedrodealcantara\/files\/2025\/01\/Captura-de-pantalla-2025-01-12-a-las-19.05.00-300x163.png 300w, https:\/\/blogsaverroes.juntadeandalucia.es\/ceipsanpedrodealcantara\/files\/2025\/01\/Captura-de-pantalla-2025-01-12-a-las-19.05.00-768x416.png 768w, https:\/\/blogsaverroes.juntadeandalucia.es\/ceipsanpedrodealcantara\/files\/2025\/01\/Captura-de-pantalla-2025-01-12-a-las-19.05.00-1536x832.png 1536w, https:\/\/blogsaverroes.juntadeandalucia.es\/ceipsanpedrodealcantara\/files\/2025\/01\/Captura-de-pantalla-2025-01-12-a-las-19.05.00-2048x1110.png 2048w, https:\/\/blogsaverroes.juntadeandalucia.es\/ceipsanpedrodealcantara\/files\/2025\/01\/Captura-de-pantalla-2025-01-12-a-las-19.05.00.png 1600w\" sizes=\"(max-width: 1024px) 100vw, 1024px\" \/><\/a>\n\t\t\t<\/dt><\/dl><dl class='gallery-item'>\n\t\t\t<dt class='gallery-icon landscape'>\n\t\t\t\t<a href='https:\/\/blogsaverroes.juntadeandalucia.es\/ceipsanpedrodealcantara\/?attachment_id=4698'><img loading=\"lazy\" decoding=\"async\" width=\"1024\" height=\"582\" src=\"https:\/\/blogsaverroes.juntadeandalucia.es\/ceipsanpedrodealcantara\/files\/2025\/01\/Captura-de-pantalla-2025-01-12-a-las-19.04.45-1024x582.png\" class=\"attachment-large size-large\" alt=\"\" srcset=\"https:\/\/blogsaverroes.juntadeandalucia.es\/ceipsanpedrodealcantara\/files\/2025\/01\/Captura-de-pantalla-2025-01-12-a-las-19.04.45-1024x582.png 1024w, https:\/\/blogsaverroes.juntadeandalucia.es\/ceipsanpedrodealcantara\/files\/2025\/01\/Captura-de-pantalla-2025-01-12-a-las-19.04.45-300x171.png 300w, https:\/\/blogsaverroes.juntadeandalucia.es\/ceipsanpedrodealcantara\/files\/2025\/01\/Captura-de-pantalla-2025-01-12-a-las-19.04.45-768x437.png 768w, https:\/\/blogsaverroes.juntadeandalucia.es\/ceipsanpedrodealcantara\/files\/2025\/01\/Captura-de-pantalla-2025-01-12-a-las-19.04.45.png 1424w\" sizes=\"(max-width: 1024px) 100vw, 1024px\" \/><\/a>\n\t\t\t<\/dt><\/dl><dl class='gallery-item'>\n\t\t\t<dt class='gallery-icon landscape'>\n\t\t\t\t<a href='https:\/\/blogsaverroes.juntadeandalucia.es\/ceipsanpedrodealcantara\/?attachment_id=4697'><img loading=\"lazy\" decoding=\"async\" width=\"1024\" height=\"718\" src=\"https:\/\/blogsaverroes.juntadeandalucia.es\/ceipsanpedrodealcantara\/files\/2025\/01\/Captura-de-pantalla-2025-01-12-a-las-19.04.35-1024x718.png\" class=\"attachment-large size-large\" alt=\"\" srcset=\"https:\/\/blogsaverroes.juntadeandalucia.es\/ceipsanpedrodealcantara\/files\/2025\/01\/Captura-de-pantalla-2025-01-12-a-las-19.04.35-1024x718.png 1024w, https:\/\/blogsaverroes.juntadeandalucia.es\/ceipsanpedrodealcantara\/files\/2025\/01\/Captura-de-pantalla-2025-01-12-a-las-19.04.35-300x210.png 300w, https:\/\/blogsaverroes.juntadeandalucia.es\/ceipsanpedrodealcantara\/files\/2025\/01\/Captura-de-pantalla-2025-01-12-a-las-19.04.35-768x538.png 768w, https:\/\/blogsaverroes.juntadeandalucia.es\/ceipsanpedrodealcantara\/files\/2025\/01\/Captura-de-pantalla-2025-01-12-a-las-19.04.35.png 1432w\" sizes=\"(max-width: 1024px) 100vw, 1024px\" \/><\/a>\n\t\t\t<\/dt><\/dl><br style=\"clear: both\" \/>\n\t\t<\/div>\n\n","protected":false},"excerpt":{"rendered":"<p>Los centros de profesorado de la provincia de M\u00e1laga recogen en en un mapa diversas experiencias de \u00e9xito en distintas tem\u00e1ticas y nuestro centro ha sido reconocido, tras una evaluaci\u00f3n por parte de los centros de profesorado como uno de los centros en los que se desarrollan trabajos con el alumnado a los que se le puede distinguir dentro de&#46;&#46;&#46;<\/p>\n","protected":false},"author":6920,"featured_media":4699,"comment_status":"closed","ping_status":"open","sticky":false,"template":"","format":"standard","meta":{"ngg_post_thumbnail":0,"footnotes":""},"categories":[19],"tags":[],"aioseo_notices":[],"_links":{"self":[{"href":"https:\/\/blogsaverroes.juntadeandalucia.es\/ceipsanpedrodealcantara\/index.php?rest_route=\/wp\/v2\/posts\/4695"}],"collection":[{"href":"https:\/\/blogsaverroes.juntadeandalucia.es\/ceipsanpedrodealcantara\/index.php?rest_route=\/wp\/v2\/posts"}],"about":[{"href":"https:\/\/blogsaverroes.juntadeandalucia.es\/ceipsanpedrodealcantara\/index.php?rest_route=\/wp\/v2\/types\/post"}],"author":[{"embeddable":true,"href":"https:\/\/blogsaverroes.juntadeandalucia.es\/ceipsanpedrodealcantara\/index.php?rest_route=\/wp\/v2\/users\/6920"}],"replies":[{"embeddable":true,"href":"https:\/\/blogsaverroes.juntadeandalucia.es\/ceipsanpedrodealcantara\/index.php?rest_route=%2Fwp%2Fv2%2Fcomments&post=4695"}],"version-history":[{"count":1,"href":"https:\/\/blogsaverroes.juntadeandalucia.es\/ceipsanpedrodealcantara\/index.php?rest_route=\/wp\/v2\/posts\/4695\/revisions"}],"predecessor-version":[{"id":4700,"href":"https:\/\/blogsaverroes.juntadeandalucia.es\/ceipsanpedrodealcantara\/index.php?rest_route=\/wp\/v2\/posts\/4695\/revisions\/4700"}],"wp:featuredmedia":[{"embeddable":true,"href":"https:\/\/blogsaverroes.juntadeandalucia.es\/ceipsanpedrodealcantara\/index.php?rest_route=\/wp\/v2\/media\/4699"}],"wp:attachment":[{"href":"https:\/\/blogsaverroes.juntadeandalucia.es\/ceipsanpedrodealcantara\/index.php?rest_route=%2Fwp%2Fv2%2Fmedia&parent=4695"}],"wp:term":[{"taxonomy":"category","embeddable":true,"href":"https:\/\/blogsaverroes.juntadeandalucia.es\/ceipsanpedrodealcantara\/index.php?rest_route=%2Fwp%2Fv2%2Fcategories&post=4695"},{"taxonomy":"post_tag","embeddable":true,"href":"https:\/\/blogsaverroes.juntadeandalucia.es\/ceipsanpedrodealcantara\/index.php?rest_route=%2Fwp%2Fv2%2Ftags&post=4695"}],"curies":[{"name":"wp","href":"https:\/\/api.w.org\/{rel}","templated":true}]}}