{"id":4784,"date":"2025-05-16T19:12:01","date_gmt":"2025-05-16T19:12:01","guid":{"rendered":"https:\/\/blogsaverroes.juntadeandalucia.es\/ceipsanpedrodealcantara\/?p=4784"},"modified":"2025-05-16T19:12:01","modified_gmt":"2025-05-16T19:12:01","slug":"ceip-san-pedro-de-alcantara-en-el-iii-congreso-internacional-de-innovacion-educativa","status":"publish","type":"post","link":"https:\/\/blogsaverroes.juntadeandalucia.es\/ceipsanpedrodealcantara\/?p=4784","title":{"rendered":"CEIP San Pedro de Alc\u00e1ntara en el III Congreso Internacional de Innovaci\u00f3n Educativa"},"content":{"rendered":"<p>Nuestro centro ha asistido al Congreso Internacional de Innovaci\u00f3n Educativa que se celebra en Granada el 16 y 17 de mayo. Nuestro colegio asiste exponiendo las experiencias de innovaci\u00f3n educativa que estamos desarrollando en el colegio referidas a la radio escolar y a las matem\u00e1ticas manipulativas dichos proyectos est\u00e1n coordinados por D. Joaqu\u00edn Sanz Pereda y D. Abimael Jim\u00e9nez Palma que han asistido al congreso exponiendo y dando a conocer &nbsp;a toda la comunidad educativa internacional nuestro colegio y nuestro pueblo.&nbsp;<\/p>\n<p>El CEIP San Pedro de Alc\u00e1ntara continua trabajando con el profesorado y las familias por el bienestar de su alumnado y con un compromiso con la educacion de nuestro alumnado.<\/p>\n\n\t\t<style>\n\t\t\t#gallery-1 {\n\t\t\t\tmargin: auto;\n\t\t\t}\n\t\t\t#gallery-1 .gallery-item {\n\t\t\t\tfloat: left;\n\t\t\t\tmargin-top: 10px;\n\t\t\t\ttext-align: center;\n\t\t\t\twidth: 50%;\n\t\t\t}\n\t\t\t#gallery-1 img {\n\t\t\t\tborder: 2px solid #cfcfcf;\n\t\t\t}\n\t\t\t#gallery-1 .gallery-caption {\n\t\t\t\tmargin-left: 0;\n\t\t\t}\n\t\t\t\/* see gallery_shortcode() in wp-includes\/media.php *\/\n\t\t<\/style>\n\t\t<div id='gallery-1' class='gallery galleryid-4784 gallery-columns-2 gallery-size-large'><dl class='gallery-item'>\n\t\t\t<dt class='gallery-icon portrait'>\n\t\t\t\t<a href='https:\/\/blogsaverroes.juntadeandalucia.es\/ceipsanpedrodealcantara\/?attachment_id=4785'><img loading=\"lazy\" decoding=\"async\" width=\"768\" height=\"1024\" src=\"https:\/\/blogsaverroes.juntadeandalucia.es\/ceipsanpedrodealcantara\/files\/2025\/05\/WhatsApp-Image-2025-05-16-at-09.12.58-768x1024.jpeg\" class=\"attachment-large size-large\" alt=\"\" srcset=\"https:\/\/blogsaverroes.juntadeandalucia.es\/ceipsanpedrodealcantara\/files\/2025\/05\/WhatsApp-Image-2025-05-16-at-09.12.58-768x1024.jpeg 768w, https:\/\/blogsaverroes.juntadeandalucia.es\/ceipsanpedrodealcantara\/files\/2025\/05\/WhatsApp-Image-2025-05-16-at-09.12.58-225x300.jpeg 225w, https:\/\/blogsaverroes.juntadeandalucia.es\/ceipsanpedrodealcantara\/files\/2025\/05\/WhatsApp-Image-2025-05-16-at-09.12.58-1152x1536.jpeg 1152w, https:\/\/blogsaverroes.juntadeandalucia.es\/ceipsanpedrodealcantara\/files\/2025\/05\/WhatsApp-Image-2025-05-16-at-09.12.58.jpeg 1200w\" sizes=\"(max-width: 768px) 100vw, 768px\" \/><\/a>\n\t\t\t<\/dt><\/dl><dl class='gallery-item'>\n\t\t\t<dt class='gallery-icon portrait'>\n\t\t\t\t<a href='https:\/\/blogsaverroes.juntadeandalucia.es\/ceipsanpedrodealcantara\/?attachment_id=4786'><img loading=\"lazy\" decoding=\"async\" width=\"461\" height=\"1024\" src=\"https:\/\/blogsaverroes.juntadeandalucia.es\/ceipsanpedrodealcantara\/files\/2025\/05\/WhatsApp-Image-2025-05-16-at-09.20.42-1-461x1024.jpeg\" class=\"attachment-large size-large\" alt=\"\" srcset=\"https:\/\/blogsaverroes.juntadeandalucia.es\/ceipsanpedrodealcantara\/files\/2025\/05\/WhatsApp-Image-2025-05-16-at-09.20.42-1-461x1024.jpeg 461w, https:\/\/blogsaverroes.juntadeandalucia.es\/ceipsanpedrodealcantara\/files\/2025\/05\/WhatsApp-Image-2025-05-16-at-09.20.42-1-135x300.jpeg 135w, https:\/\/blogsaverroes.juntadeandalucia.es\/ceipsanpedrodealcantara\/files\/2025\/05\/WhatsApp-Image-2025-05-16-at-09.20.42-1-768x1708.jpeg 768w, https:\/\/blogsaverroes.juntadeandalucia.es\/ceipsanpedrodealcantara\/files\/2025\/05\/WhatsApp-Image-2025-05-16-at-09.20.42-1-691x1536.jpeg 691w, https:\/\/blogsaverroes.juntadeandalucia.es\/ceipsanpedrodealcantara\/files\/2025\/05\/WhatsApp-Image-2025-05-16-at-09.20.42-1.jpeg 720w\" sizes=\"(max-width: 461px) 100vw, 461px\" \/><\/a>\n\t\t\t<\/dt><\/dl><br style=\"clear: both\" \/><dl class='gallery-item'>\n\t\t\t<dt class='gallery-icon landscape'>\n\t\t\t\t<a href='https:\/\/blogsaverroes.juntadeandalucia.es\/ceipsanpedrodealcantara\/?attachment_id=4787'><img loading=\"lazy\" decoding=\"async\" width=\"1024\" height=\"461\" src=\"https:\/\/blogsaverroes.juntadeandalucia.es\/ceipsanpedrodealcantara\/files\/2025\/05\/WhatsApp-Image-2025-05-16-at-09.20.42-1024x461.jpeg\" class=\"attachment-large size-large\" alt=\"\" srcset=\"https:\/\/blogsaverroes.juntadeandalucia.es\/ceipsanpedrodealcantara\/files\/2025\/05\/WhatsApp-Image-2025-05-16-at-09.20.42-1024x461.jpeg 1024w, https:\/\/blogsaverroes.juntadeandalucia.es\/ceipsanpedrodealcantara\/files\/2025\/05\/WhatsApp-Image-2025-05-16-at-09.20.42-300x135.jpeg 300w, https:\/\/blogsaverroes.juntadeandalucia.es\/ceipsanpedrodealcantara\/files\/2025\/05\/WhatsApp-Image-2025-05-16-at-09.20.42-768x345.jpeg 768w, https:\/\/blogsaverroes.juntadeandalucia.es\/ceipsanpedrodealcantara\/files\/2025\/05\/WhatsApp-Image-2025-05-16-at-09.20.42-1536x691.jpeg 1536w, https:\/\/blogsaverroes.juntadeandalucia.es\/ceipsanpedrodealcantara\/files\/2025\/05\/WhatsApp-Image-2025-05-16-at-09.20.42.jpeg 1600w\" sizes=\"(max-width: 1024px) 100vw, 1024px\" \/><\/a>\n\t\t\t<\/dt><\/dl><dl class='gallery-item'>\n\t\t\t<dt class='gallery-icon landscape'>\n\t\t\t\t<a href='https:\/\/blogsaverroes.juntadeandalucia.es\/ceipsanpedrodealcantara\/?attachment_id=4788'><img loading=\"lazy\" decoding=\"async\" width=\"1024\" height=\"576\" src=\"https:\/\/blogsaverroes.juntadeandalucia.es\/ceipsanpedrodealcantara\/files\/2025\/05\/WhatsApp-Image-2025-05-16-at-09.40.13-1024x576.jpeg\" class=\"attachment-large size-large\" alt=\"\" srcset=\"https:\/\/blogsaverroes.juntadeandalucia.es\/ceipsanpedrodealcantara\/files\/2025\/05\/WhatsApp-Image-2025-05-16-at-09.40.13-1024x576.jpeg 1024w, https:\/\/blogsaverroes.juntadeandalucia.es\/ceipsanpedrodealcantara\/files\/2025\/05\/WhatsApp-Image-2025-05-16-at-09.40.13-300x169.jpeg 300w, https:\/\/blogsaverroes.juntadeandalucia.es\/ceipsanpedrodealcantara\/files\/2025\/05\/WhatsApp-Image-2025-05-16-at-09.40.13-768x432.jpeg 768w, https:\/\/blogsaverroes.juntadeandalucia.es\/ceipsanpedrodealcantara\/files\/2025\/05\/WhatsApp-Image-2025-05-16-at-09.40.13-1536x864.jpeg 1536w, https:\/\/blogsaverroes.juntadeandalucia.es\/ceipsanpedrodealcantara\/files\/2025\/05\/WhatsApp-Image-2025-05-16-at-09.40.13.jpeg 1600w\" sizes=\"(max-width: 1024px) 100vw, 1024px\" \/><\/a>\n\t\t\t<\/dt><\/dl><br style=\"clear: both\" \/><dl class='gallery-item'>\n\t\t\t<dt class='gallery-icon landscape'>\n\t\t\t\t<a href='https:\/\/blogsaverroes.juntadeandalucia.es\/ceipsanpedrodealcantara\/?attachment_id=4789'><img loading=\"lazy\" decoding=\"async\" width=\"1024\" height=\"576\" src=\"https:\/\/blogsaverroes.juntadeandalucia.es\/ceipsanpedrodealcantara\/files\/2025\/05\/WhatsApp-Image-2025-05-16-at-09.41.11-1024x576.jpeg\" class=\"attachment-large size-large\" alt=\"\" srcset=\"https:\/\/blogsaverroes.juntadeandalucia.es\/ceipsanpedrodealcantara\/files\/2025\/05\/WhatsApp-Image-2025-05-16-at-09.41.11-1024x576.jpeg 1024w, https:\/\/blogsaverroes.juntadeandalucia.es\/ceipsanpedrodealcantara\/files\/2025\/05\/WhatsApp-Image-2025-05-16-at-09.41.11-300x169.jpeg 300w, https:\/\/blogsaverroes.juntadeandalucia.es\/ceipsanpedrodealcantara\/files\/2025\/05\/WhatsApp-Image-2025-05-16-at-09.41.11-768x432.jpeg 768w, https:\/\/blogsaverroes.juntadeandalucia.es\/ceipsanpedrodealcantara\/files\/2025\/05\/WhatsApp-Image-2025-05-16-at-09.41.11-1536x864.jpeg 1536w, https:\/\/blogsaverroes.juntadeandalucia.es\/ceipsanpedrodealcantara\/files\/2025\/05\/WhatsApp-Image-2025-05-16-at-09.41.11.jpeg 1600w\" sizes=\"(max-width: 1024px) 100vw, 1024px\" \/><\/a>\n\t\t\t<\/dt><\/dl><dl class='gallery-item'>\n\t\t\t<dt class='gallery-icon landscape'>\n\t\t\t\t<a href='https:\/\/blogsaverroes.juntadeandalucia.es\/ceipsanpedrodealcantara\/?attachment_id=4790'><img loading=\"lazy\" decoding=\"async\" width=\"1024\" height=\"461\" src=\"https:\/\/blogsaverroes.juntadeandalucia.es\/ceipsanpedrodealcantara\/files\/2025\/05\/WhatsApp-Image-2025-05-16-at-20.35.23-1024x461.jpeg\" class=\"attachment-large size-large\" alt=\"\" srcset=\"https:\/\/blogsaverroes.juntadeandalucia.es\/ceipsanpedrodealcantara\/files\/2025\/05\/WhatsApp-Image-2025-05-16-at-20.35.23-1024x461.jpeg 1024w, https:\/\/blogsaverroes.juntadeandalucia.es\/ceipsanpedrodealcantara\/files\/2025\/05\/WhatsApp-Image-2025-05-16-at-20.35.23-300x135.jpeg 300w, https:\/\/blogsaverroes.juntadeandalucia.es\/ceipsanpedrodealcantara\/files\/2025\/05\/WhatsApp-Image-2025-05-16-at-20.35.23-768x345.jpeg 768w, https:\/\/blogsaverroes.juntadeandalucia.es\/ceipsanpedrodealcantara\/files\/2025\/05\/WhatsApp-Image-2025-05-16-at-20.35.23-1536x691.jpeg 1536w, https:\/\/blogsaverroes.juntadeandalucia.es\/ceipsanpedrodealcantara\/files\/2025\/05\/WhatsApp-Image-2025-05-16-at-20.35.23.jpeg 1600w\" sizes=\"(max-width: 1024px) 100vw, 1024px\" \/><\/a>\n\t\t\t<\/dt><\/dl><br style=\"clear: both\" \/><dl class='gallery-item'>\n\t\t\t<dt class='gallery-icon landscape'>\n\t\t\t\t<a href='https:\/\/blogsaverroes.juntadeandalucia.es\/ceipsanpedrodealcantara\/?attachment_id=4792'><img loading=\"lazy\" decoding=\"async\" width=\"1024\" height=\"768\" src=\"https:\/\/blogsaverroes.juntadeandalucia.es\/ceipsanpedrodealcantara\/files\/2025\/05\/WhatsApp-Image-2025-05-16-at-11.15.18-1024x768.jpeg\" class=\"attachment-large size-large\" alt=\"\" srcset=\"https:\/\/blogsaverroes.juntadeandalucia.es\/ceipsanpedrodealcantara\/files\/2025\/05\/WhatsApp-Image-2025-05-16-at-11.15.18-1024x768.jpeg 1024w, https:\/\/blogsaverroes.juntadeandalucia.es\/ceipsanpedrodealcantara\/files\/2025\/05\/WhatsApp-Image-2025-05-16-at-11.15.18-300x225.jpeg 300w, https:\/\/blogsaverroes.juntadeandalucia.es\/ceipsanpedrodealcantara\/files\/2025\/05\/WhatsApp-Image-2025-05-16-at-11.15.18-768x576.jpeg 768w, https:\/\/blogsaverroes.juntadeandalucia.es\/ceipsanpedrodealcantara\/files\/2025\/05\/WhatsApp-Image-2025-05-16-at-11.15.18-1536x1152.jpeg 1536w, https:\/\/blogsaverroes.juntadeandalucia.es\/ceipsanpedrodealcantara\/files\/2025\/05\/WhatsApp-Image-2025-05-16-at-11.15.18.jpeg 1600w\" sizes=\"(max-width: 1024px) 100vw, 1024px\" \/><\/a>\n\t\t\t<\/dt><\/dl><dl class='gallery-item'>\n\t\t\t<dt class='gallery-icon portrait'>\n\t\t\t\t<a href='https:\/\/blogsaverroes.juntadeandalucia.es\/ceipsanpedrodealcantara\/?attachment_id=4791'><img loading=\"lazy\" decoding=\"async\" width=\"768\" height=\"1024\" src=\"https:\/\/blogsaverroes.juntadeandalucia.es\/ceipsanpedrodealcantara\/files\/2025\/05\/WhatsApp-Image-2025-05-16-at-11.15.18-1-768x1024.jpeg\" class=\"attachment-large size-large\" alt=\"\" srcset=\"https:\/\/blogsaverroes.juntadeandalucia.es\/ceipsanpedrodealcantara\/files\/2025\/05\/WhatsApp-Image-2025-05-16-at-11.15.18-1-768x1024.jpeg 768w, https:\/\/blogsaverroes.juntadeandalucia.es\/ceipsanpedrodealcantara\/files\/2025\/05\/WhatsApp-Image-2025-05-16-at-11.15.18-1-225x300.jpeg 225w, https:\/\/blogsaverroes.juntadeandalucia.es\/ceipsanpedrodealcantara\/files\/2025\/05\/WhatsApp-Image-2025-05-16-at-11.15.18-1-1152x1536.jpeg 1152w, https:\/\/blogsaverroes.juntadeandalucia.es\/ceipsanpedrodealcantara\/files\/2025\/05\/WhatsApp-Image-2025-05-16-at-11.15.18-1.jpeg 1200w\" sizes=\"(max-width: 768px) 100vw, 768px\" \/><\/a>\n\t\t\t<\/dt><\/dl><br style=\"clear: both\" \/>\n\t\t<\/div>\n\n","protected":false},"excerpt":{"rendered":"<p>Nuestro centro ha asistido al Congreso Internacional de Innovaci\u00f3n Educativa que se celebra en Granada el 16 y 17 de mayo. Nuestro colegio asiste exponiendo las experiencias de innovaci\u00f3n educativa que estamos desarrollando en el colegio referidas a la radio escolar y a las matem\u00e1ticas manipulativas dichos proyectos est\u00e1n coordinados por D. Joaqu\u00edn Sanz Pereda y D. Abimael Jim\u00e9nez Palma&#46;&#46;&#46;<\/p>\n","protected":false},"author":6920,"featured_media":4789,"comment_status":"closed","ping_status":"open","sticky":false,"template":"","format":"standard","meta":{"ngg_post_thumbnail":0,"footnotes":""},"categories":[19,526],"tags":[],"aioseo_notices":[],"_links":{"self":[{"href":"https:\/\/blogsaverroes.juntadeandalucia.es\/ceipsanpedrodealcantara\/index.php?rest_route=\/wp\/v2\/posts\/4784"}],"collection":[{"href":"https:\/\/blogsaverroes.juntadeandalucia.es\/ceipsanpedrodealcantara\/index.php?rest_route=\/wp\/v2\/posts"}],"about":[{"href":"https:\/\/blogsaverroes.juntadeandalucia.es\/ceipsanpedrodealcantara\/index.php?rest_route=\/wp\/v2\/types\/post"}],"author":[{"embeddable":true,"href":"https:\/\/blogsaverroes.juntadeandalucia.es\/ceipsanpedrodealcantara\/index.php?rest_route=\/wp\/v2\/users\/6920"}],"replies":[{"embeddable":true,"href":"https:\/\/blogsaverroes.juntadeandalucia.es\/ceipsanpedrodealcantara\/index.php?rest_route=%2Fwp%2Fv2%2Fcomments&post=4784"}],"version-history":[{"count":1,"href":"https:\/\/blogsaverroes.juntadeandalucia.es\/ceipsanpedrodealcantara\/index.php?rest_route=\/wp\/v2\/posts\/4784\/revisions"}],"predecessor-version":[{"id":4793,"href":"https:\/\/blogsaverroes.juntadeandalucia.es\/ceipsanpedrodealcantara\/index.php?rest_route=\/wp\/v2\/posts\/4784\/revisions\/4793"}],"wp:featuredmedia":[{"embeddable":true,"href":"https:\/\/blogsaverroes.juntadeandalucia.es\/ceipsanpedrodealcantara\/index.php?rest_route=\/wp\/v2\/media\/4789"}],"wp:attachment":[{"href":"https:\/\/blogsaverroes.juntadeandalucia.es\/ceipsanpedrodealcantara\/index.php?rest_route=%2Fwp%2Fv2%2Fmedia&parent=4784"}],"wp:term":[{"taxonomy":"category","embeddable":true,"href":"https:\/\/blogsaverroes.juntadeandalucia.es\/ceipsanpedrodealcantara\/index.php?rest_route=%2Fwp%2Fv2%2Fcategories&post=4784"},{"taxonomy":"post_tag","embeddable":true,"href":"https:\/\/blogsaverroes.juntadeandalucia.es\/ceipsanpedrodealcantara\/index.php?rest_route=%2Fwp%2Fv2%2Ftags&post=4784"}],"curies":[{"name":"wp","href":"https:\/\/api.w.org\/{rel}","templated":true}]}}