{"id":3068,"date":"2018-02-22T21:10:58","date_gmt":"2018-02-22T21:10:58","guid":{"rendered":"http:\/\/www.ceipsanroque.com\/?p=3068"},"modified":"2018-02-22T21:10:58","modified_gmt":"2018-02-22T21:10:58","slug":"buenas-practicas-comunica","status":"publish","type":"post","link":"https:\/\/blogsaverroes.juntadeandalucia.es\/ceipsanroquetolox\/buenas-practicas-comunica\/","title":{"rendered":"Buenas Pr\u00e1cticas COMUNICA"},"content":{"rendered":"<p>Hoy hemos recibido un premio a las buenas pr\u00e1cticas de nuestro plan COMUNICA, en el \u00e1mbito de comunicaci\u00f3n audiovisual, TV y RADIO en el CEP de M\u00e1laga, nuestro Coordinador Jos\u00e9 del Rio ha sido el encargado de realizar la ponencia.<br \/>\nESTAMOS EMPEZANDO.<\/p>\n<blockquote class=\"twitter-tweet\" data-width=\"550\" data-dnt=\"true\">\n<p lang=\"und\" dir=\"ltr\"><a href=\"https:\/\/t.co\/hUrVYIh7Y4\">https:\/\/t.co\/hUrVYIh7Y4<\/a> en <a href=\"https:\/\/twitter.com\/hashtag\/JornadasComunicaMalaga?src=hash&amp;ref_src=twsrc%5Etfw\">#JornadasComunicaMalaga<\/a> <a href=\"https:\/\/twitter.com\/cepmalaga?ref_src=twsrc%5Etfw\">@cepmalaga<\/a> <a href=\"https:\/\/twitter.com\/ComunicApro_?ref_src=twsrc%5Etfw\">@ComunicApro_<\/a> <a href=\"https:\/\/t.co\/NrXVT1rfpb\">pic.twitter.com\/NrXVT1rfpb<\/a><\/p>\n<p>&mdash; Mar\u00eda Jos\u00e9 Sanz Toro (@Mjsanztoro) <a href=\"https:\/\/twitter.com\/Mjsanztoro\/status\/966623502446022656?ref_src=twsrc%5Etfw\">February 22, 2018<\/a><\/p><\/blockquote>\n<p><script async src=\"https:\/\/platform.twitter.com\/widgets.js\" charset=\"utf-8\"><\/script><br \/>\n<a class=\"twitter-timeline\" data-width=\"1080\" data-height=\"1000\" data-dnt=\"true\" href=\"https:\/\/twitter.com\/cepmalaga?ref_src=twsrc%5Etfw\">Tweets by cepmalaga<\/a><script async src=\"https:\/\/platform.twitter.com\/widgets.js\" charset=\"utf-8\"><\/script><br \/>\n<img loading=\"lazy\" decoding=\"async\" class=\"alignnone size-medium wp-image-3322\" src=\"https:\/\/blogsaverroes.juntadeandalucia.es\/ceipsanroquetolox\/files\/2023\/05\/Captura-de-pantalla-2018-02-22-a-las-22.02.53-262x300.png\" alt=\"\" width=\"262\" height=\"300\"> <img loading=\"lazy\" decoding=\"async\" class=\"alignnone size-medium wp-image-3321\" src=\"https:\/\/blogsaverroes.juntadeandalucia.es\/ceipsanroquetolox\/files\/2023\/05\/Captura-de-pantalla-2018-02-22-a-las-22.02.33-252x300.png\" alt=\"\" width=\"252\" height=\"300\"><\/p>\n","protected":false},"excerpt":{"rendered":"<p>Hoy hemos recibido un premio a las buenas pr\u00e1cticas de nuestro plan COMUNICA, en el \u00e1mbito de comunicaci\u00f3n audiovisual, TV y RADIO en el CEP de M\u00e1laga, nuestro Coordinador Jos\u00e9 del Rio ha sido el encargado de realizar la ponencia. ESTAMOS EMPEZANDO. https:\/\/t.co\/hUrVYIh7Y4 en #JornadasComunicaMalaga @cepmalaga @ComunicApro_ pic.twitter.com\/NrXVT1rfpb &mdash; Mar\u00eda Jos\u00e9 Sanz Toro (@Mjsanztoro) February [&hellip;]<\/p>\n","protected":false},"author":17948,"featured_media":3321,"comment_status":"open","ping_status":"open","sticky":false,"template":"","format":"standard","meta":{"_et_pb_use_builder":"","_et_pb_old_content":"","_et_gb_content_width":"","ngg_post_thumbnail":0,"footnotes":""},"categories":[9],"tags":[],"aioseo_notices":[],"_links":{"self":[{"href":"https:\/\/blogsaverroes.juntadeandalucia.es\/ceipsanroquetolox\/wp-json\/wp\/v2\/posts\/3068"}],"collection":[{"href":"https:\/\/blogsaverroes.juntadeandalucia.es\/ceipsanroquetolox\/wp-json\/wp\/v2\/posts"}],"about":[{"href":"https:\/\/blogsaverroes.juntadeandalucia.es\/ceipsanroquetolox\/wp-json\/wp\/v2\/types\/post"}],"author":[{"embeddable":true,"href":"https:\/\/blogsaverroes.juntadeandalucia.es\/ceipsanroquetolox\/wp-json\/wp\/v2\/users\/17948"}],"replies":[{"embeddable":true,"href":"https:\/\/blogsaverroes.juntadeandalucia.es\/ceipsanroquetolox\/wp-json\/wp\/v2\/comments?post=3068"}],"version-history":[{"count":0,"href":"https:\/\/blogsaverroes.juntadeandalucia.es\/ceipsanroquetolox\/wp-json\/wp\/v2\/posts\/3068\/revisions"}],"wp:featuredmedia":[{"embeddable":true,"href":"https:\/\/blogsaverroes.juntadeandalucia.es\/ceipsanroquetolox\/wp-json\/"}],"wp:attachment":[{"href":"https:\/\/blogsaverroes.juntadeandalucia.es\/ceipsanroquetolox\/wp-json\/wp\/v2\/media?parent=3068"}],"wp:term":[{"taxonomy":"category","embeddable":true,"href":"https:\/\/blogsaverroes.juntadeandalucia.es\/ceipsanroquetolox\/wp-json\/wp\/v2\/categories?post=3068"},{"taxonomy":"post_tag","embeddable":true,"href":"https:\/\/blogsaverroes.juntadeandalucia.es\/ceipsanroquetolox\/wp-json\/wp\/v2\/tags?post=3068"}],"curies":[{"name":"wp","href":"https:\/\/api.w.org\/{rel}","templated":true}]}}