{"id":3124,"date":"2018-06-18T07:06:27","date_gmt":"2018-06-18T07:06:27","guid":{"rendered":"http:\/\/www.ceipsanroque.com\/?p=3124"},"modified":"2023-05-15T07:14:54","modified_gmt":"2023-05-15T06:14:54","slug":"semana-cultural-2018","status":"publish","type":"post","link":"https:\/\/blogsaverroes.juntadeandalucia.es\/ceipsanroquetolox\/semana-cultural-2018\/","title":{"rendered":"Semana Cultural 2018"},"content":{"rendered":"<p>Como cada a\u00f1o y vamos por la XXXVIII edici\u00f3n, celebramos nuestra semana cultural en el centro, aqu\u00ed ten\u00e9is todos las actividades programadas para estos d\u00edas.<\/p>\n<p><img loading=\"lazy\" decoding=\"async\" class=\"alignnone size-medium wp-image-3298\" src=\"https:\/\/blogsaverroes.juntadeandalucia.es\/ceipsanroquetolox\/files\/2023\/04\/semana-cultural3-300x225.jpg\" alt=\"\" width=\"300\" height=\"225\"> <img loading=\"lazy\" decoding=\"async\" class=\"alignnone size-medium wp-image-3297\" src=\"https:\/\/blogsaverroes.juntadeandalucia.es\/ceipsanroquetolox\/files\/2023\/04\/semana-cultural2-300x225.jpg\" alt=\"\" width=\"300\" height=\"225\"> <img loading=\"lazy\" decoding=\"async\" class=\"alignnone size-medium wp-image-3296\" src=\"https:\/\/blogsaverroes.juntadeandalucia.es\/ceipsanroquetolox\/files\/2023\/04\/semana-cultural6-300x225.jpg\" alt=\"\" width=\"300\" height=\"225\"> <img loading=\"lazy\" decoding=\"async\" class=\"alignnone size-medium wp-image-3295\" src=\"https:\/\/blogsaverroes.juntadeandalucia.es\/ceipsanroquetolox\/files\/2023\/04\/semana-cultural5-300x225.jpg\" alt=\"\" width=\"300\" height=\"225\"> <img loading=\"lazy\" decoding=\"async\" class=\"alignnone size-medium wp-image-3294\" src=\"https:\/\/blogsaverroes.juntadeandalucia.es\/ceipsanroquetolox\/files\/2023\/04\/semana-cultural1-300x225.jpg\" alt=\"\" width=\"300\" height=\"225\"> <img loading=\"lazy\" decoding=\"async\" class=\"alignnone size-medium wp-image-3293\" src=\"https:\/\/blogsaverroes.juntadeandalucia.es\/ceipsanroquetolox\/files\/2023\/04\/semana-cultural4-300x225.jpg\" alt=\"\" width=\"300\" height=\"225\"><img loading=\"lazy\" decoding=\"async\" class=\"alignnone size-medium wp-image-3431\" src=\"https:\/\/blogsaverroes.juntadeandalucia.es\/ceipsanroquetolox\/files\/2018\/06\/semana-cultural4-300x225.jpg\" alt=\"\" width=\"300\" height=\"225\"> <img loading=\"lazy\" decoding=\"async\" class=\"alignnone size-medium wp-image-3432\" src=\"https:\/\/blogsaverroes.juntadeandalucia.es\/ceipsanroquetolox\/files\/2018\/06\/semana-cultural1-300x225.jpg\" alt=\"\" width=\"300\" height=\"225\"> <img loading=\"lazy\" decoding=\"async\" class=\"alignnone size-medium wp-image-3433\" src=\"https:\/\/blogsaverroes.juntadeandalucia.es\/ceipsanroquetolox\/files\/2018\/06\/semana-cultural5-300x225.jpg\" alt=\"\" width=\"300\" height=\"225\"> <img loading=\"lazy\" decoding=\"async\" class=\"alignnone size-medium wp-image-3434\" src=\"https:\/\/blogsaverroes.juntadeandalucia.es\/ceipsanroquetolox\/files\/2018\/06\/semana-cultural6-300x225.jpg\" alt=\"\" width=\"300\" height=\"225\"> <img loading=\"lazy\" decoding=\"async\" class=\"alignnone size-medium wp-image-3435\" src=\"https:\/\/blogsaverroes.juntadeandalucia.es\/ceipsanroquetolox\/files\/2018\/06\/semana-cultural2-300x225.jpg\" alt=\"\" width=\"300\" height=\"225\"> <img loading=\"lazy\" decoding=\"async\" class=\"alignnone size-medium wp-image-3436\" src=\"https:\/\/blogsaverroes.juntadeandalucia.es\/ceipsanroquetolox\/files\/2018\/06\/semana-cultural3-300x225.jpg\" alt=\"\" width=\"300\" height=\"225\"><\/p>\n","protected":false},"excerpt":{"rendered":"<p>Como cada a\u00f1o y vamos por la XXXVIII edici\u00f3n, celebramos nuestra semana cultural en el centro, aqu\u00ed ten\u00e9is todos las actividades programadas para estos d\u00edas.<\/p>\n","protected":false},"author":17948,"featured_media":3278,"comment_status":"open","ping_status":"open","sticky":false,"template":"","format":"standard","meta":{"_et_pb_use_builder":"","_et_pb_old_content":"","_et_gb_content_width":"","ngg_post_thumbnail":0,"footnotes":""},"categories":[9],"tags":[],"aioseo_notices":[],"_links":{"self":[{"href":"https:\/\/blogsaverroes.juntadeandalucia.es\/ceipsanroquetolox\/wp-json\/wp\/v2\/posts\/3124"}],"collection":[{"href":"https:\/\/blogsaverroes.juntadeandalucia.es\/ceipsanroquetolox\/wp-json\/wp\/v2\/posts"}],"about":[{"href":"https:\/\/blogsaverroes.juntadeandalucia.es\/ceipsanroquetolox\/wp-json\/wp\/v2\/types\/post"}],"author":[{"embeddable":true,"href":"https:\/\/blogsaverroes.juntadeandalucia.es\/ceipsanroquetolox\/wp-json\/wp\/v2\/users\/17948"}],"replies":[{"embeddable":true,"href":"https:\/\/blogsaverroes.juntadeandalucia.es\/ceipsanroquetolox\/wp-json\/wp\/v2\/comments?post=3124"}],"version-history":[{"count":1,"href":"https:\/\/blogsaverroes.juntadeandalucia.es\/ceipsanroquetolox\/wp-json\/wp\/v2\/posts\/3124\/revisions"}],"predecessor-version":[{"id":3437,"href":"https:\/\/blogsaverroes.juntadeandalucia.es\/ceipsanroquetolox\/wp-json\/wp\/v2\/posts\/3124\/revisions\/3437"}],"wp:featuredmedia":[{"embeddable":true,"href":"https:\/\/blogsaverroes.juntadeandalucia.es\/ceipsanroquetolox\/wp-json\/"}],"wp:attachment":[{"href":"https:\/\/blogsaverroes.juntadeandalucia.es\/ceipsanroquetolox\/wp-json\/wp\/v2\/media?parent=3124"}],"wp:term":[{"taxonomy":"category","embeddable":true,"href":"https:\/\/blogsaverroes.juntadeandalucia.es\/ceipsanroquetolox\/wp-json\/wp\/v2\/categories?post=3124"},{"taxonomy":"post_tag","embeddable":true,"href":"https:\/\/blogsaverroes.juntadeandalucia.es\/ceipsanroquetolox\/wp-json\/wp\/v2\/tags?post=3124"}],"curies":[{"name":"wp","href":"https:\/\/api.w.org\/{rel}","templated":true}]}}