{"id":3177,"date":"2018-11-12T10:30:30","date_gmt":"2018-11-12T10:30:30","guid":{"rendered":"http:\/\/www.ceipsanroque.com\/?p=3177"},"modified":"2023-05-15T07:10:33","modified_gmt":"2023-05-15T06:10:33","slug":"terminada-la-formacion-en-centro-sobre-el-cuaderno-de-seneca","status":"publish","type":"post","link":"https:\/\/blogsaverroes.juntadeandalucia.es\/ceipsanroquetolox\/terminada-la-formacion-en-centro-sobre-el-cuaderno-de-seneca\/","title":{"rendered":"Terminada la formaci\u00f3n en centro sobre el CUADERNO DE SENECA"},"content":{"rendered":"<p>Durante tres semanas hemos estado realizando una formaci\u00f3n a trav\u00e9s del CEP sobre el CUADERNO DE SENECA, la cual sin duda nos ayudara mucho en nuestra labor diaria para la evaluaci\u00f3n y tareas administrativas.<br \/>\nEsta actividad se enmarca dentro del plan de formaci\u00f3n del profesorado a trav\u00e9s del CEP de M\u00e1laga.<\/p>\n<p><img loading=\"lazy\" decoding=\"async\" class=\"alignnone size-medium wp-image-3407\" src=\"https:\/\/blogsaverroes.juntadeandalucia.es\/ceipsanroquetolox\/files\/2018\/11\/91450b77-6153-45b2-950a-f2dcae2233fd-300x225.jpg\" alt=\"\" width=\"300\" height=\"225\"><br \/>\n<img loading=\"lazy\" decoding=\"async\" class=\"alignnone size-full wp-image-3178\" src=\"http:\/\/www.ceipsanroque.com\/wp-content\/uploads\/2018\/11\/microtaller_iSeneca.png\" alt=\"\" width=\"256\" height=\"161\"> <img loading=\"lazy\" decoding=\"async\" class=\"alignnone size-medium wp-image-3179\" src=\"http:\/\/www.ceipsanroque.com\/wp-content\/uploads\/2018\/11\/91450b77-6153-45b2-950a-f2dcae2233fd-300x225.jpg\" alt=\"\" width=\"300\" height=\"225\"><br \/>\n&nbsp;<img loading=\"lazy\" decoding=\"async\" class=\"alignnone size-medium wp-image-3266\" src=\"https:\/\/blogsaverroes.juntadeandalucia.es\/ceipsanroquetolox\/files\/2023\/04\/91450b77-6153-45b2-950a-f2dcae2233fd-300x225.jpg\" alt=\"\" width=\"300\" height=\"225\"><\/p>\n","protected":false},"excerpt":{"rendered":"<p>Durante tres semanas hemos estado realizando una formaci\u00f3n a trav\u00e9s del CEP sobre el CUADERNO DE SENECA, la cual sin duda nos ayudara mucho en nuestra labor diaria para la evaluaci\u00f3n y tareas administrativas. Esta actividad se enmarca dentro del plan de formaci\u00f3n del profesorado a trav\u00e9s del CEP de M\u00e1laga. &nbsp;<\/p>\n","protected":false},"author":17948,"featured_media":3407,"comment_status":"open","ping_status":"open","sticky":false,"template":"","format":"standard","meta":{"_et_pb_use_builder":"","_et_pb_old_content":"","_et_gb_content_width":"","ngg_post_thumbnail":0,"footnotes":""},"categories":[9],"tags":[],"aioseo_notices":[],"_links":{"self":[{"href":"https:\/\/blogsaverroes.juntadeandalucia.es\/ceipsanroquetolox\/wp-json\/wp\/v2\/posts\/3177"}],"collection":[{"href":"https:\/\/blogsaverroes.juntadeandalucia.es\/ceipsanroquetolox\/wp-json\/wp\/v2\/posts"}],"about":[{"href":"https:\/\/blogsaverroes.juntadeandalucia.es\/ceipsanroquetolox\/wp-json\/wp\/v2\/types\/post"}],"author":[{"embeddable":true,"href":"https:\/\/blogsaverroes.juntadeandalucia.es\/ceipsanroquetolox\/wp-json\/wp\/v2\/users\/17948"}],"replies":[{"embeddable":true,"href":"https:\/\/blogsaverroes.juntadeandalucia.es\/ceipsanroquetolox\/wp-json\/wp\/v2\/comments?post=3177"}],"version-history":[{"count":1,"href":"https:\/\/blogsaverroes.juntadeandalucia.es\/ceipsanroquetolox\/wp-json\/wp\/v2\/posts\/3177\/revisions"}],"predecessor-version":[{"id":3408,"href":"https:\/\/blogsaverroes.juntadeandalucia.es\/ceipsanroquetolox\/wp-json\/wp\/v2\/posts\/3177\/revisions\/3408"}],"wp:featuredmedia":[{"embeddable":true,"href":"https:\/\/blogsaverroes.juntadeandalucia.es\/ceipsanroquetolox\/wp-json\/wp\/v2\/media\/3407"}],"wp:attachment":[{"href":"https:\/\/blogsaverroes.juntadeandalucia.es\/ceipsanroquetolox\/wp-json\/wp\/v2\/media?parent=3177"}],"wp:term":[{"taxonomy":"category","embeddable":true,"href":"https:\/\/blogsaverroes.juntadeandalucia.es\/ceipsanroquetolox\/wp-json\/wp\/v2\/categories?post=3177"},{"taxonomy":"post_tag","embeddable":true,"href":"https:\/\/blogsaverroes.juntadeandalucia.es\/ceipsanroquetolox\/wp-json\/wp\/v2\/tags?post=3177"}],"curies":[{"name":"wp","href":"https:\/\/api.w.org\/{rel}","templated":true}]}}