{"id":3613,"date":"2023-06-15T08:35:17","date_gmt":"2023-06-15T07:35:17","guid":{"rendered":"https:\/\/blogsaverroes.juntadeandalucia.es\/ceipsanroquetolox\/?p=3613"},"modified":"2023-06-15T08:35:17","modified_gmt":"2023-06-15T07:35:17","slug":"semana-cultural-2023","status":"publish","type":"post","link":"https:\/\/blogsaverroes.juntadeandalucia.es\/ceipsanroquetolox\/semana-cultural-2023\/","title":{"rendered":"Semana Cultural 2023"},"content":{"rendered":"<p>Como todos los a\u00f1os y ya son 42, celebraremos nuestra semana cultural para los \u00faltimos d\u00edas del curso.<\/p>\n<p><img loading=\"lazy\" decoding=\"async\" class=\"alignnone size-large wp-image-3614\" src=\"https:\/\/blogsaverroes.juntadeandalucia.es\/ceipsanroquetolox\/files\/2023\/06\/42\u00aa-SEMANA-CULTURAL-724x1024.png\" alt=\"\" width=\"724\" height=\"1024\" srcset=\"https:\/\/blogsaverroes.juntadeandalucia.es\/ceipsanroquetolox\/files\/2023\/06\/42\u00aa-SEMANA-CULTURAL-724x1024.png 724w, https:\/\/blogsaverroes.juntadeandalucia.es\/ceipsanroquetolox\/files\/2023\/06\/42\u00aa-SEMANA-CULTURAL-212x300.png 212w, https:\/\/blogsaverroes.juntadeandalucia.es\/ceipsanroquetolox\/files\/2023\/06\/42\u00aa-SEMANA-CULTURAL-768x1086.png 768w, https:\/\/blogsaverroes.juntadeandalucia.es\/ceipsanroquetolox\/files\/2023\/06\/42\u00aa-SEMANA-CULTURAL-1086x1536.png 1086w, https:\/\/blogsaverroes.juntadeandalucia.es\/ceipsanroquetolox\/files\/2023\/06\/42\u00aa-SEMANA-CULTURAL-1448x2048.png 1448w, https:\/\/blogsaverroes.juntadeandalucia.es\/ceipsanroquetolox\/files\/2023\/06\/42\u00aa-SEMANA-CULTURAL-1080x1528.png 1080w, https:\/\/blogsaverroes.juntadeandalucia.es\/ceipsanroquetolox\/files\/2023\/06\/42\u00aa-SEMANA-CULTURAL-1280x1811.png 1280w, https:\/\/blogsaverroes.juntadeandalucia.es\/ceipsanroquetolox\/files\/2023\/06\/42\u00aa-SEMANA-CULTURAL-980x1386.png 980w, https:\/\/blogsaverroes.juntadeandalucia.es\/ceipsanroquetolox\/files\/2023\/06\/42\u00aa-SEMANA-CULTURAL-480x679.png 480w, https:\/\/blogsaverroes.juntadeandalucia.es\/ceipsanroquetolox\/files\/2023\/06\/42\u00aa-SEMANA-CULTURAL.png 1587w\" sizes=\"(max-width: 724px) 100vw, 724px\" \/><\/p>\n","protected":false},"excerpt":{"rendered":"<p>Como todos los a\u00f1os y ya son 42, celebraremos nuestra semana cultural para los \u00faltimos d\u00edas del curso.<\/p>\n","protected":false},"author":17921,"featured_media":3615,"comment_status":"closed","ping_status":"open","sticky":false,"template":"","format":"standard","meta":{"_et_pb_use_builder":"","_et_pb_old_content":"","_et_gb_content_width":"","ngg_post_thumbnail":0,"footnotes":""},"categories":[9],"tags":[],"aioseo_notices":[],"_links":{"self":[{"href":"https:\/\/blogsaverroes.juntadeandalucia.es\/ceipsanroquetolox\/wp-json\/wp\/v2\/posts\/3613"}],"collection":[{"href":"https:\/\/blogsaverroes.juntadeandalucia.es\/ceipsanroquetolox\/wp-json\/wp\/v2\/posts"}],"about":[{"href":"https:\/\/blogsaverroes.juntadeandalucia.es\/ceipsanroquetolox\/wp-json\/wp\/v2\/types\/post"}],"author":[{"embeddable":true,"href":"https:\/\/blogsaverroes.juntadeandalucia.es\/ceipsanroquetolox\/wp-json\/wp\/v2\/users\/17921"}],"replies":[{"embeddable":true,"href":"https:\/\/blogsaverroes.juntadeandalucia.es\/ceipsanroquetolox\/wp-json\/wp\/v2\/comments?post=3613"}],"version-history":[{"count":1,"href":"https:\/\/blogsaverroes.juntadeandalucia.es\/ceipsanroquetolox\/wp-json\/wp\/v2\/posts\/3613\/revisions"}],"predecessor-version":[{"id":3616,"href":"https:\/\/blogsaverroes.juntadeandalucia.es\/ceipsanroquetolox\/wp-json\/wp\/v2\/posts\/3613\/revisions\/3616"}],"wp:featuredmedia":[{"embeddable":true,"href":"https:\/\/blogsaverroes.juntadeandalucia.es\/ceipsanroquetolox\/wp-json\/wp\/v2\/media\/3615"}],"wp:attachment":[{"href":"https:\/\/blogsaverroes.juntadeandalucia.es\/ceipsanroquetolox\/wp-json\/wp\/v2\/media?parent=3613"}],"wp:term":[{"taxonomy":"category","embeddable":true,"href":"https:\/\/blogsaverroes.juntadeandalucia.es\/ceipsanroquetolox\/wp-json\/wp\/v2\/categories?post=3613"},{"taxonomy":"post_tag","embeddable":true,"href":"https:\/\/blogsaverroes.juntadeandalucia.es\/ceipsanroquetolox\/wp-json\/wp\/v2\/tags?post=3613"}],"curies":[{"name":"wp","href":"https:\/\/api.w.org\/{rel}","templated":true}]}}