{"id":3565,"date":"2021-10-20T21:00:14","date_gmt":"2021-10-20T19:00:14","guid":{"rendered":"http:\/\/blogsaverroes.juntadeandalucia.es\/ceipsansebastian\/?p=3565"},"modified":"2021-10-20T21:00:14","modified_gmt":"2021-10-20T19:00:14","slug":"concurso-relato-corto-de-terror","status":"publish","type":"post","link":"https:\/\/blogsaverroes.juntadeandalucia.es\/ceipsansebastian\/concurso-relato-corto-de-terror\/","title":{"rendered":"CONCURSO RELATO CORTO DE TERROR."},"content":{"rendered":"<p style=\"text-align: justify\">&nbsp; &nbsp; &nbsp;Con motivo de la celebraci\u00f3n del \u00ab<span style=\"color: #3366ff\"><strong>D\u00eda de la Biblioteca<\/strong><\/span>\u00ab, que es el 24 de octubre, y de <strong><span style=\"color: #3366ff\">\u00abHalloween\u00bb<\/span><\/strong>, la Biblioteca del Ceip San Sebasti\u00e1n de Fi\u00f1ana organiza un <em><strong><span style=\"color: #3366ff\">\u00abConcurso de Relato Corto de Terror\u00bb.&nbsp;<\/span><\/strong><\/em><\/p>\n<p style=\"text-align: justify\">&nbsp; &nbsp; En el cartel que ha dise\u00f1ado la se\u00f1o Carmela, que es la coordinadora de la Biblioteca del Centro, podr\u00e9is ver las bases del concurso.<strong> <span style=\"color: #3366ff\">\u00a1Animaros y participad!<\/span><\/strong><\/p>\n<p style=\"text-align: justify\"><img loading=\"lazy\" decoding=\"async\" class=\"aligncenter size-full wp-image-3566\" src=\"https:\/\/blogsaverroes.juntadeandalucia.es\/ceipsansebastian\/files\/2021\/10\/Captura.png\" alt=\"\" width=\"604\" height=\"847\" srcset=\"https:\/\/blogsaverroes.juntadeandalucia.es\/ceipsansebastian\/files\/2021\/10\/Captura.png 604w, https:\/\/blogsaverroes.juntadeandalucia.es\/ceipsansebastian\/files\/2021\/10\/Captura-214x300.png 214w\" sizes=\"(max-width: 604px) 100vw, 604px\" \/><\/p>\n","protected":false},"excerpt":{"rendered":"<p>&nbsp; &nbsp; &nbsp;Con motivo de la celebraci\u00f3n del \u00abD\u00eda de la Biblioteca\u00ab, que es el 24 de octubre, y de \u00abHalloween\u00bb, la Biblioteca del Ceip&hellip;<\/p>\n","protected":false},"author":3474,"featured_media":0,"comment_status":"open","ping_status":"open","sticky":false,"template":"","format":"standard","meta":{"ngg_post_thumbnail":0,"footnotes":""},"categories":[213,1227342],"tags":[],"aioseo_notices":[],"_links":{"self":[{"href":"https:\/\/blogsaverroes.juntadeandalucia.es\/ceipsansebastian\/wp-json\/wp\/v2\/posts\/3565"}],"collection":[{"href":"https:\/\/blogsaverroes.juntadeandalucia.es\/ceipsansebastian\/wp-json\/wp\/v2\/posts"}],"about":[{"href":"https:\/\/blogsaverroes.juntadeandalucia.es\/ceipsansebastian\/wp-json\/wp\/v2\/types\/post"}],"author":[{"embeddable":true,"href":"https:\/\/blogsaverroes.juntadeandalucia.es\/ceipsansebastian\/wp-json\/wp\/v2\/users\/3474"}],"replies":[{"embeddable":true,"href":"https:\/\/blogsaverroes.juntadeandalucia.es\/ceipsansebastian\/wp-json\/wp\/v2\/comments?post=3565"}],"version-history":[{"count":1,"href":"https:\/\/blogsaverroes.juntadeandalucia.es\/ceipsansebastian\/wp-json\/wp\/v2\/posts\/3565\/revisions"}],"predecessor-version":[{"id":3567,"href":"https:\/\/blogsaverroes.juntadeandalucia.es\/ceipsansebastian\/wp-json\/wp\/v2\/posts\/3565\/revisions\/3567"}],"wp:attachment":[{"href":"https:\/\/blogsaverroes.juntadeandalucia.es\/ceipsansebastian\/wp-json\/wp\/v2\/media?parent=3565"}],"wp:term":[{"taxonomy":"category","embeddable":true,"href":"https:\/\/blogsaverroes.juntadeandalucia.es\/ceipsansebastian\/wp-json\/wp\/v2\/categories?post=3565"},{"taxonomy":"post_tag","embeddable":true,"href":"https:\/\/blogsaverroes.juntadeandalucia.es\/ceipsansebastian\/wp-json\/wp\/v2\/tags?post=3565"}],"curies":[{"name":"wp","href":"https:\/\/api.w.org\/{rel}","templated":true}]}}