{"id":3643,"date":"2021-11-11T22:37:23","date_gmt":"2021-11-11T21:37:23","guid":{"rendered":"http:\/\/blogsaverroes.juntadeandalucia.es\/ceipsansebastian\/?p=3643"},"modified":"2021-11-11T22:37:23","modified_gmt":"2021-11-11T21:37:23","slug":"plan-director","status":"publish","type":"post","link":"https:\/\/blogsaverroes.juntadeandalucia.es\/ceipsansebastian\/plan-director\/","title":{"rendered":"PLAN DIRECTOR."},"content":{"rendered":"<div class=\"kvgmc6g5 cxmmr5t8 oygrvhab hcukyx3x c1et5uql ii04i59q\">\n<div dir=\"auto\" style=\"text-align: justify\">&nbsp; &nbsp; Uno de los programas en el que est\u00e1 inmerso nuestro Centro es el <em><strong><span style=\"color: #0000ff\">\u00abPlan de Convivencia\u00bb<\/span> <\/strong><\/em>y hoy, 4 de noviembre, se ha realizado una actividad del <strong><span style=\"color: #0000ff\">Plan Director<\/span><\/strong>. Para ello han venido dos miembros de la \u00abGuardia Civil\u00bb y han dado una charla a los alumnos del tercer ciclo.<\/div>\n<div dir=\"auto\">&nbsp;<\/div>\n<\/div>\n<div class=\"o9v6fnle cxmmr5t8 oygrvhab hcukyx3x c1et5uql ii04i59q\" style=\"text-align: justify\">\n<div dir=\"auto\">&nbsp; &nbsp; <strong><span style=\"color: #ff0000\">En 5\u00b0 de EP<\/span><\/strong>, se han centrado en el riesgo de las <strong><span style=\"color: #3366ff\">redes sociales<\/span><\/strong>. Han hecho mucho hincapi\u00e9 en que tengan cuidado con lo que comparten en las redes sociales, en la importancia de que las familias sepan en todo momento que ven sus hijos y el tiempo que le dedican, ya que pueden crear adicci\u00f3n. Y no olviden que \u00abNO DEBEN CONFIAR EN NADIE, YA QUE EL QUE EST\u00c1 AL OTRO LADO DE LA PANTALLA PUEDE SER CUALQUIERA\u00bb.<\/div>\n<div dir=\"auto\">&nbsp;<\/div>\n<\/div>\n<div class=\"o9v6fnle cxmmr5t8 oygrvhab hcukyx3x c1et5uql ii04i59q\" style=\"text-align: justify\">\n<div dir=\"auto\">&nbsp; &nbsp;<strong><span style=\"color: #ff0000\">En 6\u00b0 de EP<\/span><\/strong>, han tratado el tema del <strong><span style=\"color: #3366ff\">\u00abBullying\u00bb<\/span><\/strong>, coincidiendo con la celebraci\u00f3n del \u00abD\u00eda Internacional contra la Violencia y el Acoso Escolar\u00bb, incluido el Ciberacoso.<\/div>\n<\/div>\n<div class=\"o9v6fnle cxmmr5t8 oygrvhab hcukyx3x c1et5uql ii04i59q\" style=\"text-align: justify\">\n<div dir=\"auto\">&nbsp; &nbsp; &nbsp;Han explicado que el acoso puede ser f\u00edsico (agrediendo a alguien) y no f\u00edsico. Este \u00faltimo es el m\u00e1s habitual, el acoso es verbal y puede ser propagando rumores falsos, resaltando defectos f\u00edsicos, insultos&#8230;<\/div>\n<\/div>\n<div class=\"o9v6fnle cxmmr5t8 oygrvhab hcukyx3x c1et5uql ii04i59q\" style=\"text-align: justify\">\n<div dir=\"auto\">&nbsp; &nbsp; Hay que tener cuidado con las manipulaciones, una persona puede envenenar a otras y hacer que piensen mal sobre ella, llegando a ponerlas en su contra. Cada uno debe hacer lo que piensa, <strong><span style=\"color: #0000ff\">\u00abNO TE DEJES MANEJAR POR LOS DEM\u00c1S\u00bb.<\/span><\/strong><\/div>\n<div dir=\"auto\">&nbsp;<\/div>\n<\/div>\n<div class=\"o9v6fnle cxmmr5t8 oygrvhab hcukyx3x c1et5uql ii04i59q\" style=\"text-align: justify\">\n<div dir=\"auto\">&nbsp; &nbsp; Han dejado muy claro que el que act\u00faa de espectador tambi\u00e9n es c\u00f3mplice del acosador, hay que ponerse en la piel del otro y acabar con estos comportamientos. Los espectadores tienen la llave para acabar con el acosador o acosadora.<\/div>\n<\/div>\n<div class=\"o9v6fnle cxmmr5t8 oygrvhab hcukyx3x c1et5uql ii04i59q\">\n<h1 style=\"text-align: center\"><strong><span style=\"color: #3366ff\">\u00a1D\u00cd NO AL ACOSO, ACT\u00daA, <\/span><\/strong><\/h1>\n<h1 style=\"text-align: center\"><strong><span style=\"color: #3366ff\">NO LO PERMITAS, <\/span><\/strong><\/h1>\n<h1 style=\"text-align: center\"><strong><span style=\"color: #3366ff\">NO MIRES A OTRO LADO!<\/span><\/strong><\/h1>\n<div dir=\"auto\" style=\"text-align: justify\"><strong><span style=\"color: #ff0000\">SI NECESITAS AYUDA LLAMA AL <span style=\"text-decoration: underline\">TEL\u00c9FONO: 062<\/span><\/span><\/strong><\/div>\n<div dir=\"auto\" style=\"text-align: justify\"><strong><span style=\"color: #ff0000\">Tambi\u00e9n te puedes descargar esta <span style=\"text-decoration: underline\">APP: ALERTCOPS<\/span><\/span><\/strong><\/div>\n<\/div>\n<div dir=\"auto\">&nbsp;<\/div>\n<div dir=\"auto\">\n<div id='gallery-1' class='gallery galleryid-3643 gallery-columns-2 gallery-size-medium'><figure class='gallery-item'>\n\t\t\t<div class='gallery-icon landscape'>\n\t\t\t\t<a href='https:\/\/blogsaverroes.juntadeandalucia.es\/ceipsansebastian\/plan-director\/pd1\/'><img loading=\"lazy\" decoding=\"async\" width=\"300\" height=\"224\" src=\"https:\/\/blogsaverroes.juntadeandalucia.es\/ceipsansebastian\/files\/2021\/11\/PD1-300x224.jpg\" class=\"attachment-medium size-medium\" alt=\"\" srcset=\"https:\/\/blogsaverroes.juntadeandalucia.es\/ceipsansebastian\/files\/2021\/11\/PD1-300x224.jpg 300w, https:\/\/blogsaverroes.juntadeandalucia.es\/ceipsansebastian\/files\/2021\/11\/PD1-1024x766.jpg 1024w, https:\/\/blogsaverroes.juntadeandalucia.es\/ceipsansebastian\/files\/2021\/11\/PD1-768x575.jpg 768w, https:\/\/blogsaverroes.juntadeandalucia.es\/ceipsansebastian\/files\/2021\/11\/PD1-1536x1149.jpg 1536w, https:\/\/blogsaverroes.juntadeandalucia.es\/ceipsansebastian\/files\/2021\/11\/PD1.jpg 1600w\" sizes=\"(max-width: 300px) 100vw, 300px\" \/><\/a>\n\t\t\t<\/div><\/figure><figure class='gallery-item'>\n\t\t\t<div class='gallery-icon landscape'>\n\t\t\t\t<a href='https:\/\/blogsaverroes.juntadeandalucia.es\/ceipsansebastian\/plan-director\/pd2\/'><img loading=\"lazy\" decoding=\"async\" width=\"300\" height=\"225\" src=\"https:\/\/blogsaverroes.juntadeandalucia.es\/ceipsansebastian\/files\/2021\/11\/PD2-300x225.jpg\" class=\"attachment-medium size-medium\" alt=\"\" srcset=\"https:\/\/blogsaverroes.juntadeandalucia.es\/ceipsansebastian\/files\/2021\/11\/PD2-300x225.jpg 300w, https:\/\/blogsaverroes.juntadeandalucia.es\/ceipsansebastian\/files\/2021\/11\/PD2-1024x768.jpg 1024w, https:\/\/blogsaverroes.juntadeandalucia.es\/ceipsansebastian\/files\/2021\/11\/PD2-768x576.jpg 768w, https:\/\/blogsaverroes.juntadeandalucia.es\/ceipsansebastian\/files\/2021\/11\/PD2-1536x1152.jpg 1536w, https:\/\/blogsaverroes.juntadeandalucia.es\/ceipsansebastian\/files\/2021\/11\/PD2.jpg 1600w\" sizes=\"(max-width: 300px) 100vw, 300px\" \/><\/a>\n\t\t\t<\/div><\/figure><figure class='gallery-item'>\n\t\t\t<div class='gallery-icon landscape'>\n\t\t\t\t<a href='https:\/\/blogsaverroes.juntadeandalucia.es\/ceipsansebastian\/plan-director\/pd3\/'><img loading=\"lazy\" decoding=\"async\" width=\"300\" height=\"169\" src=\"https:\/\/blogsaverroes.juntadeandalucia.es\/ceipsansebastian\/files\/2021\/11\/PD3-300x169.jpg\" class=\"attachment-medium size-medium\" alt=\"\" srcset=\"https:\/\/blogsaverroes.juntadeandalucia.es\/ceipsansebastian\/files\/2021\/11\/PD3-300x169.jpg 300w, https:\/\/blogsaverroes.juntadeandalucia.es\/ceipsansebastian\/files\/2021\/11\/PD3-1024x576.jpg 1024w, https:\/\/blogsaverroes.juntadeandalucia.es\/ceipsansebastian\/files\/2021\/11\/PD3-768x432.jpg 768w, https:\/\/blogsaverroes.juntadeandalucia.es\/ceipsansebastian\/files\/2021\/11\/PD3-1536x864.jpg 1536w, https:\/\/blogsaverroes.juntadeandalucia.es\/ceipsansebastian\/files\/2021\/11\/PD3.jpg 2048w\" sizes=\"(max-width: 300px) 100vw, 300px\" \/><\/a>\n\t\t\t<\/div><\/figure><figure class='gallery-item'>\n\t\t\t<div class='gallery-icon landscape'>\n\t\t\t\t<a href='https:\/\/blogsaverroes.juntadeandalucia.es\/ceipsansebastian\/plan-director\/pd4\/'><img loading=\"lazy\" decoding=\"async\" width=\"300\" height=\"169\" src=\"https:\/\/blogsaverroes.juntadeandalucia.es\/ceipsansebastian\/files\/2021\/11\/PD4-300x169.jpg\" class=\"attachment-medium size-medium\" alt=\"\" srcset=\"https:\/\/blogsaverroes.juntadeandalucia.es\/ceipsansebastian\/files\/2021\/11\/PD4-300x169.jpg 300w, https:\/\/blogsaverroes.juntadeandalucia.es\/ceipsansebastian\/files\/2021\/11\/PD4-1024x578.jpg 1024w, https:\/\/blogsaverroes.juntadeandalucia.es\/ceipsansebastian\/files\/2021\/11\/PD4-768x433.jpg 768w, https:\/\/blogsaverroes.juntadeandalucia.es\/ceipsansebastian\/files\/2021\/11\/PD4-1536x866.jpg 1536w, https:\/\/blogsaverroes.juntadeandalucia.es\/ceipsansebastian\/files\/2021\/11\/PD4.jpg 2048w\" sizes=\"(max-width: 300px) 100vw, 300px\" \/><\/a>\n\t\t\t<\/div><\/figure>\n\t\t<\/div>\n\n<\/div>\n","protected":false},"excerpt":{"rendered":"<p>&nbsp; &nbsp; Uno de los programas en el que est\u00e1 inmerso nuestro Centro es el \u00abPlan de Convivencia\u00bb y hoy, 4 de noviembre, se ha&hellip;<\/p>\n","protected":false},"author":3474,"featured_media":0,"comment_status":"open","ping_status":"open","sticky":false,"template":"","format":"standard","meta":{"ngg_post_thumbnail":0,"footnotes":""},"categories":[11909],"tags":[],"aioseo_notices":[],"_links":{"self":[{"href":"https:\/\/blogsaverroes.juntadeandalucia.es\/ceipsansebastian\/wp-json\/wp\/v2\/posts\/3643"}],"collection":[{"href":"https:\/\/blogsaverroes.juntadeandalucia.es\/ceipsansebastian\/wp-json\/wp\/v2\/posts"}],"about":[{"href":"https:\/\/blogsaverroes.juntadeandalucia.es\/ceipsansebastian\/wp-json\/wp\/v2\/types\/post"}],"author":[{"embeddable":true,"href":"https:\/\/blogsaverroes.juntadeandalucia.es\/ceipsansebastian\/wp-json\/wp\/v2\/users\/3474"}],"replies":[{"embeddable":true,"href":"https:\/\/blogsaverroes.juntadeandalucia.es\/ceipsansebastian\/wp-json\/wp\/v2\/comments?post=3643"}],"version-history":[{"count":2,"href":"https:\/\/blogsaverroes.juntadeandalucia.es\/ceipsansebastian\/wp-json\/wp\/v2\/posts\/3643\/revisions"}],"predecessor-version":[{"id":3649,"href":"https:\/\/blogsaverroes.juntadeandalucia.es\/ceipsansebastian\/wp-json\/wp\/v2\/posts\/3643\/revisions\/3649"}],"wp:attachment":[{"href":"https:\/\/blogsaverroes.juntadeandalucia.es\/ceipsansebastian\/wp-json\/wp\/v2\/media?parent=3643"}],"wp:term":[{"taxonomy":"category","embeddable":true,"href":"https:\/\/blogsaverroes.juntadeandalucia.es\/ceipsansebastian\/wp-json\/wp\/v2\/categories?post=3643"},{"taxonomy":"post_tag","embeddable":true,"href":"https:\/\/blogsaverroes.juntadeandalucia.es\/ceipsansebastian\/wp-json\/wp\/v2\/tags?post=3643"}],"curies":[{"name":"wp","href":"https:\/\/api.w.org\/{rel}","templated":true}]}}