{"id":11160,"date":"2022-03-07T15:11:38","date_gmt":"2022-03-07T15:11:38","guid":{"rendered":"https:\/\/blogsaverroes.juntadeandalucia.es\/ceipsansebastiandemijas\/?p=11160"},"modified":"2022-03-08T21:03:22","modified_gmt":"2022-03-08T21:03:22","slug":"8m-2022","status":"publish","type":"post","link":"https:\/\/blogsaverroes.juntadeandalucia.es\/ceipsansebastiandemijas\/8m-2022\/","title":{"rendered":"8M 2022"},"content":{"rendered":"\t\t<div data-elementor-type=\"wp-post\" data-elementor-id=\"11160\" class=\"elementor elementor-11160\">\n\t\t\t\t\t\t<section class=\"elementor-section elementor-top-section elementor-element elementor-element-90ad8c3 elementor-section-boxed elementor-section-height-default elementor-section-height-default\" data-id=\"90ad8c3\" data-element_type=\"section\">\n\t\t\t\t\t\t<div class=\"elementor-container elementor-column-gap-default\">\n\t\t\t\t\t<div class=\"elementor-column elementor-col-100 elementor-top-column elementor-element elementor-element-7525716\" data-id=\"7525716\" data-element_type=\"column\">\n\t\t\t<div class=\"elementor-widget-wrap elementor-element-populated\">\n\t\t\t\t\t\t<div class=\"elementor-element elementor-element-5e77097 elementor-widget elementor-widget-image\" data-id=\"5e77097\" data-element_type=\"widget\" data-widget_type=\"image.default\">\n\t\t\t\t<div class=\"elementor-widget-container\">\n\t\t\t\t\t\t\t\t\t\t\t\t\t\t\t<img fetchpriority=\"high\" decoding=\"async\" width=\"768\" height=\"128\" src=\"https:\/\/blogsaverroes.juntadeandalucia.es\/ceipsansebastiandemijas\/files\/2022\/03\/Captura-de-pantalla-2022-03-07-160625-768x128.jpg\" class=\"attachment-medium_large size-medium_large wp-image-11155\" alt=\"\" srcset=\"https:\/\/blogsaverroes.juntadeandalucia.es\/ceipsansebastiandemijas\/files\/2022\/03\/Captura-de-pantalla-2022-03-07-160625-768x128.jpg 768w, https:\/\/blogsaverroes.juntadeandalucia.es\/ceipsansebastiandemijas\/files\/2022\/03\/Captura-de-pantalla-2022-03-07-160625-300x50.jpg 300w, https:\/\/blogsaverroes.juntadeandalucia.es\/ceipsansebastiandemijas\/files\/2022\/03\/Captura-de-pantalla-2022-03-07-160625.jpg 996w\" sizes=\"(max-width: 768px) 100vw, 768px\" \/>\t\t\t\t\t\t\t\t\t\t\t\t\t\t\t<\/div>\n\t\t\t\t<\/div>\n\t\t\t\t\t<\/div>\n\t\t<\/div>\n\t\t\t\t\t<\/div>\n\t\t<\/section>\n\t\t\t\t<section class=\"elementor-section elementor-top-section elementor-element elementor-element-86768d0 elementor-section-boxed elementor-section-height-default elementor-section-height-default\" data-id=\"86768d0\" data-element_type=\"section\">\n\t\t\t\t\t\t<div class=\"elementor-container elementor-column-gap-default\">\n\t\t\t\t\t<div class=\"elementor-column elementor-col-50 elementor-top-column elementor-element elementor-element-1711e73\" data-id=\"1711e73\" data-element_type=\"column\">\n\t\t\t<div class=\"elementor-widget-wrap elementor-element-populated\">\n\t\t\t\t\t\t<div class=\"elementor-element elementor-element-46053d8 animated-slow elementor-invisible elementor-widget elementor-widget-video\" data-id=\"46053d8\" data-element_type=\"widget\" data-settings=\"{&quot;youtube_url&quot;:&quot;https:\\\/\\\/youtu.be\\\/Wnhz8LejJDI&quot;,&quot;show_image_overlay&quot;:&quot;yes&quot;,&quot;image_overlay&quot;:{&quot;url&quot;:&quot;https:\\\/\\\/blogsaverroes.juntadeandalucia.es\\\/ceipsansebastiandemijas\\\/files\\\/2022\\\/03\\\/cartel-8M-2022.jpg&quot;,&quot;id&quot;:&quot;11161&quot;,&quot;size&quot;:&quot;&quot;,&quot;alt&quot;:&quot;&quot;,&quot;source&quot;:&quot;library&quot;},&quot;_animation&quot;:&quot;rollIn&quot;,&quot;_animation_delay&quot;:&quot;300&quot;,&quot;video_type&quot;:&quot;youtube&quot;,&quot;controls&quot;:&quot;yes&quot;}\" data-widget_type=\"video.default\">\n\t\t\t\t<div class=\"elementor-widget-container\">\n\t\t\t\t\t\t\t<div class=\"elementor-wrapper elementor-open-inline\">\n\t\t\t<div class=\"elementor-video\"><\/div>\t\t\t\t<div class=\"elementor-custom-embed-image-overlay\" style=\"background-image: url(https:\/\/blogsaverroes.juntadeandalucia.es\/ceipsansebastiandemijas\/files\/2022\/03\/cartel-8M-2022.jpg);\">\n\t\t\t\t\t\t\t\t\t\t\t\t\t\t\t\t<div class=\"elementor-custom-embed-play\" role=\"button\" aria-label=\"Reproducir v\u00eddeo\" tabindex=\"0\">\n\t\t\t\t\t\t\t<i aria-hidden=\"true\" class=\"eicon-play\"><\/i>\t\t\t\t\t\t<\/div>\n\t\t\t\t\t\t\t\t\t<\/div>\n\t\t\t\t\t<\/div>\n\t\t\t\t\t\t<\/div>\n\t\t\t\t<\/div>\n\t\t\t\t<div class=\"elementor-element elementor-element-c6fff62 elementor-widget elementor-widget-text-editor\" data-id=\"c6fff62\" data-element_type=\"widget\" data-widget_type=\"text-editor.default\">\n\t\t\t\t<div class=\"elementor-widget-container\">\n\t\t\t\t\t\t\t\t\t<div>Como cada a\u00f1o, celebramos en el colegio el <b>d\u00eda de la Mujer<\/b> el 8 de Marzo.<br \/><span>Este a\u00f1o las actividades que realizaremos consistir\u00e1n en los siguiente:<\/span><br \/><\/div>\n<div>&nbsp;<\/div>\n<div>Se han adquirido mascarillas violetas para las maestras y maestros y globos violetas y soportes\/varillas para anclarlos en la realizaci\u00f3n de las tareas.<\/div>\n<div>El coordinador de Igualdad, el profe Rub\u00e9n entregar\u00e1, a todos los ciclos unas fichas en la que los alumnos y alumnas deben elegir a una mujer importante en sus vidas y dibujarlas y hablar sobre ellas en clase (Infantil), escribir sus nombres y algunas caracter\u00edsticas (1\u00ba, 2\u00ba y 3\u00ba) o describir sus cualidades y lo que destacar\u00edan de ellas (4\u00ba, 5\u00ba y 6\u00ba).&nbsp;<br \/>Se adjuntan las fichas, pero Rub\u00e9n las entregar\u00e1 en mano junto a las cartulinas.<\/div>\n<div>&nbsp;<\/div>\n<div>A continuaci\u00f3n, pegaremos la ficha en la cartulina&nbsp; y las colocaremos en las varillas junto a los globos inflados (se repartir\u00e1n infladores a cada ciclo para hinchar los globos).<\/div>\n<div><br \/><\/div>\n<div>La actividad concluye con una foto del grupo\/clase con los globos y las fichas montados.<\/div>\t\t\t\t\t\t\t\t<\/div>\n\t\t\t\t<\/div>\n\t\t\t\t\t<\/div>\n\t\t<\/div>\n\t\t\t\t<div class=\"elementor-column elementor-col-50 elementor-top-column elementor-element elementor-element-2bce146\" data-id=\"2bce146\" data-element_type=\"column\">\n\t\t\t<div class=\"elementor-widget-wrap elementor-element-populated\">\n\t\t\t\t\t\t<div class=\"elementor-element elementor-element-9649167 elementor-widget elementor-widget-heading\" data-id=\"9649167\" data-element_type=\"widget\" data-widget_type=\"heading.default\">\n\t\t\t\t<div class=\"elementor-widget-container\">\n\t\t\t\t\t<h2 class=\"elementor-heading-title elementor-size-default\">Ficha Infantil<\/h2>\t\t\t\t<\/div>\n\t\t\t\t<\/div>\n\t\t\t\t<div class=\"elementor-element elementor-element-3dade30 elementor-widget elementor-widget-image\" data-id=\"3dade30\" data-element_type=\"widget\" data-widget_type=\"image.default\">\n\t\t\t\t<div class=\"elementor-widget-container\">\n\t\t\t\t\t\t\t\t\t\t\t\t\t\t\t\t<a href=\"https:\/\/blogsaverroes.juntadeandalucia.es\/ceipsansebastiandemijas\/files\/2022\/03\/8M-INFANTIL.pdf\" target=\"_blank\">\n\t\t\t\t\t\t\t<img decoding=\"async\" width=\"483\" height=\"728\" src=\"https:\/\/blogsaverroes.juntadeandalucia.es\/ceipsansebastiandemijas\/files\/2022\/03\/Captura-de-pantalla-2022-03-07-161340.jpg\" class=\"elementor-animation-pulse-grow attachment-large size-large wp-image-11164\" alt=\"\" srcset=\"https:\/\/blogsaverroes.juntadeandalucia.es\/ceipsansebastiandemijas\/files\/2022\/03\/Captura-de-pantalla-2022-03-07-161340.jpg 483w, https:\/\/blogsaverroes.juntadeandalucia.es\/ceipsansebastiandemijas\/files\/2022\/03\/Captura-de-pantalla-2022-03-07-161340-199x300.jpg 199w\" sizes=\"(max-width: 483px) 100vw, 483px\" \/>\t\t\t\t\t\t\t\t<\/a>\n\t\t\t\t\t\t\t\t\t\t\t\t\t\t\t<\/div>\n\t\t\t\t<\/div>\n\t\t\t\t<div class=\"elementor-element elementor-element-4641aa3 elementor-widget elementor-widget-heading\" data-id=\"4641aa3\" data-element_type=\"widget\" data-widget_type=\"heading.default\">\n\t\t\t\t<div class=\"elementor-widget-container\">\n\t\t\t\t\t<h2 class=\"elementor-heading-title elementor-size-default\">Ficha Primaria<\/h2>\t\t\t\t<\/div>\n\t\t\t\t<\/div>\n\t\t\t\t<div class=\"elementor-element elementor-element-8df5e8e elementor-widget elementor-widget-image\" data-id=\"8df5e8e\" data-element_type=\"widget\" data-widget_type=\"image.default\">\n\t\t\t\t<div class=\"elementor-widget-container\">\n\t\t\t\t\t\t\t\t\t\t\t\t\t\t\t\t<a href=\"https:\/\/blogsaverroes.juntadeandalucia.es\/ceipsansebastiandemijas\/files\/2022\/03\/FICHAS-8-M.pdf\" target=\"_blank\">\n\t\t\t\t\t\t\t<img decoding=\"async\" width=\"1024\" height=\"710\" src=\"https:\/\/blogsaverroes.juntadeandalucia.es\/ceipsansebastiandemijas\/files\/2022\/03\/Captura-de-pantalla-2022-03-07-161320-1024x710.jpg\" class=\"elementor-animation-pulse-grow attachment-large size-large wp-image-11165\" alt=\"\" srcset=\"https:\/\/blogsaverroes.juntadeandalucia.es\/ceipsansebastiandemijas\/files\/2022\/03\/Captura-de-pantalla-2022-03-07-161320-1024x710.jpg 1024w, https:\/\/blogsaverroes.juntadeandalucia.es\/ceipsansebastiandemijas\/files\/2022\/03\/Captura-de-pantalla-2022-03-07-161320-300x208.jpg 300w, https:\/\/blogsaverroes.juntadeandalucia.es\/ceipsansebastiandemijas\/files\/2022\/03\/Captura-de-pantalla-2022-03-07-161320-768x532.jpg 768w, https:\/\/blogsaverroes.juntadeandalucia.es\/ceipsansebastiandemijas\/files\/2022\/03\/Captura-de-pantalla-2022-03-07-161320.jpg 1042w\" sizes=\"(max-width: 1024px) 100vw, 1024px\" \/>\t\t\t\t\t\t\t\t<\/a>\n\t\t\t\t\t\t\t\t\t\t\t\t\t\t\t<\/div>\n\t\t\t\t<\/div>\n\t\t\t\t\t<\/div>\n\t\t<\/div>\n\t\t\t\t\t<\/div>\n\t\t<\/section>\n\t\t\t\t<section class=\"elementor-section elementor-top-section elementor-element elementor-element-e1f77e7 elementor-section-boxed elementor-section-height-default elementor-section-height-default\" data-id=\"e1f77e7\" data-element_type=\"section\">\n\t\t\t\t\t\t<div class=\"elementor-container elementor-column-gap-default\">\n\t\t\t\t\t<div class=\"elementor-column elementor-col-100 elementor-top-column elementor-element elementor-element-a45e4d4\" data-id=\"a45e4d4\" data-element_type=\"column\">\n\t\t\t<div class=\"elementor-widget-wrap elementor-element-populated\">\n\t\t\t\t\t\t<div class=\"elementor-element elementor-element-e79e7a6 elementor-widget elementor-widget-text-editor\" data-id=\"e79e7a6\" data-element_type=\"widget\" data-widget_type=\"text-editor.default\">\n\t\t\t\t<div class=\"elementor-widget-container\">\n\t\t\t\t\t\t\t\t\t<div><span>Paralelamente a esta actividad, el colegio ha participado en una actividad, a nivel auton\u00f3mico, para visibilizar a las mujeres referentes de nuestro entorno m\u00e1s cercano, y aparecer, posteriormente, en un mapa interactivo.&nbsp;<\/span><\/div>\t\t\t\t\t\t\t\t<\/div>\n\t\t\t\t<\/div>\n\t\t\t\t\t<\/div>\n\t\t<\/div>\n\t\t\t\t\t<\/div>\n\t\t<\/section>\n\t\t\t\t<section class=\"elementor-section elementor-top-section elementor-element elementor-element-f7096e5 elementor-section-boxed elementor-section-height-default elementor-section-height-default\" data-id=\"f7096e5\" data-element_type=\"section\">\n\t\t\t\t\t\t<div class=\"elementor-container elementor-column-gap-default\">\n\t\t\t\t\t<div class=\"elementor-column elementor-col-25 elementor-top-column elementor-element elementor-element-e337445\" data-id=\"e337445\" data-element_type=\"column\">\n\t\t\t<div class=\"elementor-widget-wrap elementor-element-populated\">\n\t\t\t\t\t\t<div class=\"elementor-element elementor-element-40888a7 elementor-widget elementor-widget-heading\" data-id=\"40888a7\" data-element_type=\"widget\" data-widget_type=\"heading.default\">\n\t\t\t\t<div class=\"elementor-widget-container\">\n\t\t\t\t\t<h2 class=\"elementor-heading-title elementor-size-default\"><a href=\"https:\/\/soundcloud.com\/ruben_cc_83\/rosa-m-badillo\" target=\"_blank\">Rosa Mar\u00eda Badillo<\/a><\/h2>\t\t\t\t<\/div>\n\t\t\t\t<\/div>\n\t\t\t\t<div class=\"elementor-element elementor-element-4aa9167 elementor-widget elementor-widget-image\" data-id=\"4aa9167\" data-element_type=\"widget\" data-widget_type=\"image.default\">\n\t\t\t\t<div class=\"elementor-widget-container\">\n\t\t\t\t\t\t\t\t\t\t\t\t\t\t\t\t<a href=\"https:\/\/soundcloud.com\/ruben_cc_83\/rosa-m-badillo\" target=\"_blank\">\n\t\t\t\t\t\t\t<img loading=\"lazy\" decoding=\"async\" width=\"415\" height=\"422\" src=\"https:\/\/blogsaverroes.juntadeandalucia.es\/ceipsansebastiandemijas\/files\/2022\/03\/Captura-de-pantalla-2022-03-07-161958.jpg\" class=\"elementor-animation-pulse-grow attachment-large size-large wp-image-11171\" alt=\"\" srcset=\"https:\/\/blogsaverroes.juntadeandalucia.es\/ceipsansebastiandemijas\/files\/2022\/03\/Captura-de-pantalla-2022-03-07-161958.jpg 415w, https:\/\/blogsaverroes.juntadeandalucia.es\/ceipsansebastiandemijas\/files\/2022\/03\/Captura-de-pantalla-2022-03-07-161958-295x300.jpg 295w\" sizes=\"(max-width: 415px) 100vw, 415px\" \/>\t\t\t\t\t\t\t\t<\/a>\n\t\t\t\t\t\t\t\t\t\t\t\t\t\t\t<\/div>\n\t\t\t\t<\/div>\n\t\t\t\t\t<\/div>\n\t\t<\/div>\n\t\t\t\t<div class=\"elementor-column elementor-col-50 elementor-top-column elementor-element elementor-element-1711520\" data-id=\"1711520\" data-element_type=\"column\">\n\t\t\t<div class=\"elementor-widget-wrap elementor-element-populated\">\n\t\t\t\t\t\t<div class=\"elementor-element elementor-element-b0f695c elementor-widget elementor-widget-text-editor\" data-id=\"b0f695c\" data-element_type=\"widget\" data-widget_type=\"text-editor.default\">\n\t\t\t\t<div class=\"elementor-widget-container\">\n\t\t\t\t\t\t\t\t\t<div>Hay muchas mujeres que podemos destacar en nuestro municipio. En esta ocasi\u00f3n destacamos a <b>Rosa Mar\u00eda Badillo.<\/b>\u00a0Podemos aprovechar una actividad que realizamos el a\u00f1o pasado relatando su biograf\u00eda, la cual pod\u00e9is consultar pinchando en su imagen.\u00a0<\/div><div>Aunque solo podemos participar aportando una biograf\u00eda, destacamos tambi\u00e9n otra figura femenina muy importante en nuestro municipio: Mireille Yaich<\/div>\t\t\t\t\t\t\t\t<\/div>\n\t\t\t\t<\/div>\n\t\t\t\t\t<\/div>\n\t\t<\/div>\n\t\t\t\t<div class=\"elementor-column elementor-col-25 elementor-top-column elementor-element elementor-element-78ab811\" data-id=\"78ab811\" data-element_type=\"column\">\n\t\t\t<div class=\"elementor-widget-wrap elementor-element-populated\">\n\t\t\t\t\t\t<div class=\"elementor-element elementor-element-df411d3 elementor-widget elementor-widget-heading\" data-id=\"df411d3\" data-element_type=\"widget\" data-widget_type=\"heading.default\">\n\t\t\t\t<div class=\"elementor-widget-container\">\n\t\t\t\t\t<h2 class=\"elementor-heading-title elementor-size-default\"><a href=\"https:\/\/soundcloud.com\/ruben_cc_83\/mireille-yaich\" target=\"_blank\">Mireille Yaich<\/a><\/h2>\t\t\t\t<\/div>\n\t\t\t\t<\/div>\n\t\t\t\t<div class=\"elementor-element elementor-element-001e20a elementor-widget elementor-widget-image\" data-id=\"001e20a\" data-element_type=\"widget\" data-widget_type=\"image.default\">\n\t\t\t\t<div class=\"elementor-widget-container\">\n\t\t\t\t\t\t\t\t\t\t\t\t\t\t\t\t<a href=\"https:\/\/soundcloud.com\/ruben_cc_83\/mireille-yaich\" target=\"_blank\">\n\t\t\t\t\t\t\t<img loading=\"lazy\" decoding=\"async\" width=\"416\" height=\"416\" src=\"https:\/\/blogsaverroes.juntadeandalucia.es\/ceipsansebastiandemijas\/files\/2022\/03\/Captura-de-pantalla-2022-03-07-162016.jpg\" class=\"elementor-animation-pulse-grow attachment-large size-large wp-image-11172\" alt=\"\" srcset=\"https:\/\/blogsaverroes.juntadeandalucia.es\/ceipsansebastiandemijas\/files\/2022\/03\/Captura-de-pantalla-2022-03-07-162016.jpg 416w, https:\/\/blogsaverroes.juntadeandalucia.es\/ceipsansebastiandemijas\/files\/2022\/03\/Captura-de-pantalla-2022-03-07-162016-300x300.jpg 300w, https:\/\/blogsaverroes.juntadeandalucia.es\/ceipsansebastiandemijas\/files\/2022\/03\/Captura-de-pantalla-2022-03-07-162016-150x150.jpg 150w\" sizes=\"(max-width: 416px) 100vw, 416px\" \/>\t\t\t\t\t\t\t\t<\/a>\n\t\t\t\t\t\t\t\t\t\t\t\t\t\t\t<\/div>\n\t\t\t\t<\/div>\n\t\t\t\t\t<\/div>\n\t\t<\/div>\n\t\t\t\t\t<\/div>\n\t\t<\/section>\n\t\t\t\t<\/div>\n\t\t","protected":false},"excerpt":{"rendered":"<p>https:\/\/youtu.be\/Wnhz8LejJDIComo cada a\u00f1o, celebramos en el colegio el d\u00eda de la Mujer el 8 de Marzo.Este a\u00f1o las actividades que realizaremos consistir\u00e1n en los siguiente: &nbsp; Se han adquirido mascarillas violetas para las maestras y maestros y globos violetas y soportes\/varillas para anclarlos en la realizaci\u00f3n de las tareas. El coordinador de Igualdad, el profe [&hellip;]<\/p>\n","protected":false},"author":8532,"featured_media":11161,"comment_status":"open","ping_status":"open","sticky":false,"template":"elementor_header_footer","format":"standard","meta":{"ngg_post_thumbnail":0,"footnotes":""},"categories":[2031341,20003,49688],"tags":[],"aioseo_notices":[],"_links":{"self":[{"href":"https:\/\/blogsaverroes.juntadeandalucia.es\/ceipsansebastiandemijas\/wp-json\/wp\/v2\/posts\/11160"}],"collection":[{"href":"https:\/\/blogsaverroes.juntadeandalucia.es\/ceipsansebastiandemijas\/wp-json\/wp\/v2\/posts"}],"about":[{"href":"https:\/\/blogsaverroes.juntadeandalucia.es\/ceipsansebastiandemijas\/wp-json\/wp\/v2\/types\/post"}],"author":[{"embeddable":true,"href":"https:\/\/blogsaverroes.juntadeandalucia.es\/ceipsansebastiandemijas\/wp-json\/wp\/v2\/users\/8532"}],"replies":[{"embeddable":true,"href":"https:\/\/blogsaverroes.juntadeandalucia.es\/ceipsansebastiandemijas\/wp-json\/wp\/v2\/comments?post=11160"}],"version-history":[{"count":41,"href":"https:\/\/blogsaverroes.juntadeandalucia.es\/ceipsansebastiandemijas\/wp-json\/wp\/v2\/posts\/11160\/revisions"}],"predecessor-version":[{"id":11233,"href":"https:\/\/blogsaverroes.juntadeandalucia.es\/ceipsansebastiandemijas\/wp-json\/wp\/v2\/posts\/11160\/revisions\/11233"}],"wp:featuredmedia":[{"embeddable":true,"href":"https:\/\/blogsaverroes.juntadeandalucia.es\/ceipsansebastiandemijas\/wp-json\/wp\/v2\/media\/11161"}],"wp:attachment":[{"href":"https:\/\/blogsaverroes.juntadeandalucia.es\/ceipsansebastiandemijas\/wp-json\/wp\/v2\/media?parent=11160"}],"wp:term":[{"taxonomy":"category","embeddable":true,"href":"https:\/\/blogsaverroes.juntadeandalucia.es\/ceipsansebastiandemijas\/wp-json\/wp\/v2\/categories?post=11160"},{"taxonomy":"post_tag","embeddable":true,"href":"https:\/\/blogsaverroes.juntadeandalucia.es\/ceipsansebastiandemijas\/wp-json\/wp\/v2\/tags?post=11160"}],"curies":[{"name":"wp","href":"https:\/\/api.w.org\/{rel}","templated":true}]}}