{"id":11276,"date":"2022-03-09T19:28:37","date_gmt":"2022-03-09T19:28:37","guid":{"rendered":"https:\/\/blogsaverroes.juntadeandalucia.es\/ceipsansebastiandemijas\/?p=11276"},"modified":"2022-03-11T10:47:33","modified_gmt":"2022-03-11T10:47:33","slug":"taller-educando-en-igualdad","status":"publish","type":"post","link":"https:\/\/blogsaverroes.juntadeandalucia.es\/ceipsansebastiandemijas\/taller-educando-en-igualdad\/","title":{"rendered":"Taller  \u00abEducando en Igualdad\u00bb"},"content":{"rendered":"\t\t<div data-elementor-type=\"wp-post\" data-elementor-id=\"11276\" class=\"elementor elementor-11276\">\n\t\t\t\t\t\t<section class=\"elementor-section elementor-top-section elementor-element elementor-element-d32d821 elementor-section-boxed elementor-section-height-default elementor-section-height-default\" data-id=\"d32d821\" data-element_type=\"section\">\n\t\t\t\t\t\t<div class=\"elementor-container elementor-column-gap-default\">\n\t\t\t\t\t<div class=\"elementor-column elementor-col-100 elementor-top-column elementor-element elementor-element-577eaae\" data-id=\"577eaae\" data-element_type=\"column\">\n\t\t\t<div class=\"elementor-widget-wrap elementor-element-populated\">\n\t\t\t\t\t\t<div class=\"elementor-element elementor-element-5f3719b elementor-widget elementor-widget-heading\" data-id=\"5f3719b\" data-element_type=\"widget\" data-widget_type=\"heading.default\">\n\t\t\t\t<div class=\"elementor-widget-container\">\n\t\t\t\t\t<h2 class=\"elementor-heading-title elementor-size-default\">Taller de emociones<\/h2>\t\t\t\t<\/div>\n\t\t\t\t<\/div>\n\t\t\t\t<div class=\"elementor-element elementor-element-95b2c12 elementor-widget elementor-widget-heading\" data-id=\"95b2c12\" data-element_type=\"widget\" data-widget_type=\"heading.default\">\n\t\t\t\t<div class=\"elementor-widget-container\">\n\t\t\t\t\t<h2 class=\"elementor-heading-title elementor-size-default\">para el alumnado de 5 a\u00f1os (Ayuntamiento de Mijas)<\/h2>\t\t\t\t<\/div>\n\t\t\t\t<\/div>\n\t\t\t\t\t<\/div>\n\t\t<\/div>\n\t\t\t\t\t<\/div>\n\t\t<\/section>\n\t\t\t\t<section class=\"elementor-section elementor-top-section elementor-element elementor-element-737121c elementor-section-boxed elementor-section-height-default elementor-section-height-default\" data-id=\"737121c\" data-element_type=\"section\">\n\t\t\t\t\t\t<div class=\"elementor-container elementor-column-gap-default\">\n\t\t\t\t\t<div class=\"elementor-column elementor-col-100 elementor-top-column elementor-element elementor-element-b6aadc4\" data-id=\"b6aadc4\" data-element_type=\"column\">\n\t\t\t<div class=\"elementor-widget-wrap elementor-element-populated\">\n\t\t\t\t\t\t<div class=\"elementor-element elementor-element-8810770 elementor-widget elementor-widget-text-editor\" data-id=\"8810770\" data-element_type=\"widget\" data-widget_type=\"text-editor.default\">\n\t\t\t\t<div class=\"elementor-widget-container\">\n\t\t\t\t\t\t\t\t\t<p>Los ni\u00f1os y ni\u00f1as de 5 a\u00f1os han recibido un taller del \u00e1rea de Igualdad y Diversidad del Ayuntamiento de Mijas. Se trata de una iniciativa de nuestro Ayuntamiento para educar en valores al alumnado.<\/p>\t\t\t\t\t\t\t\t<\/div>\n\t\t\t\t<\/div>\n\t\t\t\t<section class=\"elementor-section elementor-inner-section elementor-element elementor-element-c14f2e0 elementor-section-boxed elementor-section-height-default elementor-section-height-default\" data-id=\"c14f2e0\" data-element_type=\"section\">\n\t\t\t\t\t\t<div class=\"elementor-container elementor-column-gap-default\">\n\t\t\t\t\t<div class=\"elementor-column elementor-col-50 elementor-inner-column elementor-element elementor-element-8bfb33f\" data-id=\"8bfb33f\" data-element_type=\"column\">\n\t\t\t<div class=\"elementor-widget-wrap elementor-element-populated\">\n\t\t\t\t\t\t<div class=\"elementor-element elementor-element-9b33f70 elementor-widget elementor-widget-text-editor\" data-id=\"9b33f70\" data-element_type=\"widget\" data-widget_type=\"text-editor.default\">\n\t\t\t\t<div class=\"elementor-widget-container\">\n\t\t\t\t\t\t\t\t\t<p>En este taller a trav\u00e9s del personaje de una Brujita muy salada los ni\u00f1os y ni\u00f1as se ven inmersos en una aventura. La Bruja ha entrado a nuestra clase buscando cobertura para llamar a trav\u00e9s de un tel\u00e9fono m\u00e1s que \u00abparticular\u00bb.\u00a0<\/p><div>\u00a0<\/div>\t\t\t\t\t\t\t\t<\/div>\n\t\t\t\t<\/div>\n\t\t\t\t\t<\/div>\n\t\t<\/div>\n\t\t\t\t<div class=\"elementor-column elementor-col-50 elementor-inner-column elementor-element elementor-element-910077b\" data-id=\"910077b\" data-element_type=\"column\">\n\t\t\t<div class=\"elementor-widget-wrap elementor-element-populated\">\n\t\t\t\t\t\t<div class=\"elementor-element elementor-element-c875c5d elementor-widget elementor-widget-image\" data-id=\"c875c5d\" data-element_type=\"widget\" data-widget_type=\"image.default\">\n\t\t\t\t<div class=\"elementor-widget-container\">\n\t\t\t\t\t\t\t\t\t\t\t\t\t\t\t<img fetchpriority=\"high\" decoding=\"async\" width=\"1024\" height=\"766\" src=\"https:\/\/blogsaverroes.juntadeandalucia.es\/ceipsansebastiandemijas\/files\/2022\/03\/WhatsApp-Image-2022-03-09-at-16.48.16-1024x766.jpeg\" class=\"attachment-large size-large wp-image-11256\" alt=\"\" srcset=\"https:\/\/blogsaverroes.juntadeandalucia.es\/ceipsansebastiandemijas\/files\/2022\/03\/WhatsApp-Image-2022-03-09-at-16.48.16-1024x766.jpeg 1024w, https:\/\/blogsaverroes.juntadeandalucia.es\/ceipsansebastiandemijas\/files\/2022\/03\/WhatsApp-Image-2022-03-09-at-16.48.16-300x224.jpeg 300w, https:\/\/blogsaverroes.juntadeandalucia.es\/ceipsansebastiandemijas\/files\/2022\/03\/WhatsApp-Image-2022-03-09-at-16.48.16-768x575.jpeg 768w, https:\/\/blogsaverroes.juntadeandalucia.es\/ceipsansebastiandemijas\/files\/2022\/03\/WhatsApp-Image-2022-03-09-at-16.48.16-1536x1149.jpeg 1536w, https:\/\/blogsaverroes.juntadeandalucia.es\/ceipsansebastiandemijas\/files\/2022\/03\/WhatsApp-Image-2022-03-09-at-16.48.16.jpeg 1600w\" sizes=\"(max-width: 1024px) 100vw, 1024px\" \/>\t\t\t\t\t\t\t\t\t\t\t\t\t\t\t<\/div>\n\t\t\t\t<\/div>\n\t\t\t\t\t<\/div>\n\t\t<\/div>\n\t\t\t\t\t<\/div>\n\t\t<\/section>\n\t\t\t\t<section class=\"elementor-section elementor-inner-section elementor-element elementor-element-5ce951e elementor-section-boxed elementor-section-height-default elementor-section-height-default\" data-id=\"5ce951e\" data-element_type=\"section\">\n\t\t\t\t\t\t<div class=\"elementor-container elementor-column-gap-default\">\n\t\t\t\t\t<div class=\"elementor-column elementor-col-50 elementor-inner-column elementor-element elementor-element-381f3d3\" data-id=\"381f3d3\" data-element_type=\"column\">\n\t\t\t<div class=\"elementor-widget-wrap elementor-element-populated\">\n\t\t\t\t\t\t<div class=\"elementor-element elementor-element-668651c elementor-widget elementor-widget-image\" data-id=\"668651c\" data-element_type=\"widget\" data-widget_type=\"image.default\">\n\t\t\t\t<div class=\"elementor-widget-container\">\n\t\t\t\t\t\t\t\t\t\t\t\t\t\t\t<img decoding=\"async\" width=\"300\" height=\"224\" src=\"https:\/\/blogsaverroes.juntadeandalucia.es\/ceipsansebastiandemijas\/files\/2022\/03\/WhatsApp-Image-2022-03-09-at-16.48.15-300x224.jpeg\" class=\"attachment-medium size-medium wp-image-11257\" alt=\"\" srcset=\"https:\/\/blogsaverroes.juntadeandalucia.es\/ceipsansebastiandemijas\/files\/2022\/03\/WhatsApp-Image-2022-03-09-at-16.48.15-300x224.jpeg 300w, https:\/\/blogsaverroes.juntadeandalucia.es\/ceipsansebastiandemijas\/files\/2022\/03\/WhatsApp-Image-2022-03-09-at-16.48.15-1024x766.jpeg 1024w, https:\/\/blogsaverroes.juntadeandalucia.es\/ceipsansebastiandemijas\/files\/2022\/03\/WhatsApp-Image-2022-03-09-at-16.48.15-768x575.jpeg 768w, https:\/\/blogsaverroes.juntadeandalucia.es\/ceipsansebastiandemijas\/files\/2022\/03\/WhatsApp-Image-2022-03-09-at-16.48.15-1536x1149.jpeg 1536w, https:\/\/blogsaverroes.juntadeandalucia.es\/ceipsansebastiandemijas\/files\/2022\/03\/WhatsApp-Image-2022-03-09-at-16.48.15.jpeg 1600w\" sizes=\"(max-width: 300px) 100vw, 300px\" \/>\t\t\t\t\t\t\t\t\t\t\t\t\t\t\t<\/div>\n\t\t\t\t<\/div>\n\t\t\t\t\t<\/div>\n\t\t<\/div>\n\t\t\t\t<div class=\"elementor-column elementor-col-50 elementor-inner-column elementor-element elementor-element-f38c0b1\" data-id=\"f38c0b1\" data-element_type=\"column\">\n\t\t\t<div class=\"elementor-widget-wrap elementor-element-populated\">\n\t\t\t\t\t\t<div class=\"elementor-element elementor-element-d7f97f3 elementor-widget elementor-widget-text-editor\" data-id=\"d7f97f3\" data-element_type=\"widget\" data-widget_type=\"text-editor.default\">\n\t\t\t\t<div class=\"elementor-widget-container\">\n\t\t\t\t\t\t\t\t\t<p>Al darse cuenta que en verdad est\u00e1 en una clase, queda sorprendida y nos cuenta la historia que las emociones se han perdido y que todas las personas que est\u00e1n fuera de nuestro cole se han convertido en robots, aut\u00f3matas y sin ninguna empat\u00eda ni emoci\u00f3n.<\/p>\t\t\t\t\t\t\t\t<\/div>\n\t\t\t\t<\/div>\n\t\t\t\t\t<\/div>\n\t\t<\/div>\n\t\t\t\t\t<\/div>\n\t\t<\/section>\n\t\t\t\t<div class=\"elementor-element elementor-element-e49c7ad elementor-widget elementor-widget-text-editor\" data-id=\"e49c7ad\" data-element_type=\"widget\" data-widget_type=\"text-editor.default\">\n\t\t\t\t<div class=\"elementor-widget-container\">\n\t\t\t\t\t\t\t\t\t<p>A trav\u00e9s de una serie de actividades, historias y juegos repasamos todas las emociones importantes y qu\u00e9 es aquello que nos provoca esa emoci\u00f3n.\u00a0<\/p>\t\t\t\t\t\t\t\t<\/div>\n\t\t\t\t<\/div>\n\t\t\t\t<section class=\"elementor-section elementor-inner-section elementor-element elementor-element-049f274 elementor-section-boxed elementor-section-height-default elementor-section-height-default\" data-id=\"049f274\" data-element_type=\"section\">\n\t\t\t\t\t\t<div class=\"elementor-container elementor-column-gap-default\">\n\t\t\t\t\t<div class=\"elementor-column elementor-col-33 elementor-inner-column elementor-element elementor-element-859c949\" data-id=\"859c949\" data-element_type=\"column\">\n\t\t\t<div class=\"elementor-widget-wrap elementor-element-populated\">\n\t\t\t\t\t\t<div class=\"elementor-element elementor-element-9962327 elementor-widget elementor-widget-image\" data-id=\"9962327\" data-element_type=\"widget\" data-widget_type=\"image.default\">\n\t\t\t\t<div class=\"elementor-widget-container\">\n\t\t\t\t\t\t\t\t\t\t\t\t\t\t\t<img decoding=\"async\" width=\"769\" height=\"1024\" src=\"https:\/\/blogsaverroes.juntadeandalucia.es\/ceipsansebastiandemijas\/files\/2022\/03\/WhatsApp-Image-2022-03-09-at-16.48.59-1-769x1024.jpeg\" class=\"attachment-large size-large wp-image-11251\" alt=\"\" srcset=\"https:\/\/blogsaverroes.juntadeandalucia.es\/ceipsansebastiandemijas\/files\/2022\/03\/WhatsApp-Image-2022-03-09-at-16.48.59-1-769x1024.jpeg 769w, https:\/\/blogsaverroes.juntadeandalucia.es\/ceipsansebastiandemijas\/files\/2022\/03\/WhatsApp-Image-2022-03-09-at-16.48.59-1-225x300.jpeg 225w, https:\/\/blogsaverroes.juntadeandalucia.es\/ceipsansebastiandemijas\/files\/2022\/03\/WhatsApp-Image-2022-03-09-at-16.48.59-1-768x1023.jpeg 768w, https:\/\/blogsaverroes.juntadeandalucia.es\/ceipsansebastiandemijas\/files\/2022\/03\/WhatsApp-Image-2022-03-09-at-16.48.59-1-1153x1536.jpeg 1153w, https:\/\/blogsaverroes.juntadeandalucia.es\/ceipsansebastiandemijas\/files\/2022\/03\/WhatsApp-Image-2022-03-09-at-16.48.59-1.jpeg 1201w\" sizes=\"(max-width: 769px) 100vw, 769px\" \/>\t\t\t\t\t\t\t\t\t\t\t\t\t\t\t<\/div>\n\t\t\t\t<\/div>\n\t\t\t\t\t<\/div>\n\t\t<\/div>\n\t\t\t\t<div class=\"elementor-column elementor-col-33 elementor-inner-column elementor-element elementor-element-40910df\" data-id=\"40910df\" data-element_type=\"column\">\n\t\t\t<div class=\"elementor-widget-wrap elementor-element-populated\">\n\t\t\t\t\t\t<div class=\"elementor-element elementor-element-472ad14 elementor-widget elementor-widget-text-editor\" data-id=\"472ad14\" data-element_type=\"widget\" data-widget_type=\"text-editor.default\">\n\t\t\t\t<div class=\"elementor-widget-container\">\n\t\t\t\t\t\t\t\t\t<p>As\u00ed despu\u00e9s de una lluvia de ideas y con la ayuda de un libro m\u00e1gico, la brujita, con la magia que los ni\u00f1os y ni\u00f1as le dan, crea una p\u00f3cima y un conjuro que le devuelve a los seres humanos sus emociones.<\/p><p>Ser\u00e1n los ni\u00f1os y ni\u00f1as los encargados y encargadas de comprobar a la salida del cole si el hechizo ha funcionado.<\/p>\t\t\t\t\t\t\t\t<\/div>\n\t\t\t\t<\/div>\n\t\t\t\t\t<\/div>\n\t\t<\/div>\n\t\t\t\t<div class=\"elementor-column elementor-col-33 elementor-inner-column elementor-element elementor-element-3be8917\" data-id=\"3be8917\" data-element_type=\"column\">\n\t\t\t<div class=\"elementor-widget-wrap elementor-element-populated\">\n\t\t\t\t\t\t<div class=\"elementor-element elementor-element-bcda05f elementor-widget elementor-widget-image\" data-id=\"bcda05f\" data-element_type=\"widget\" data-widget_type=\"image.default\">\n\t\t\t\t<div class=\"elementor-widget-container\">\n\t\t\t\t\t\t\t\t\t\t\t\t\t\t\t<img loading=\"lazy\" decoding=\"async\" width=\"769\" height=\"1024\" src=\"https:\/\/blogsaverroes.juntadeandalucia.es\/ceipsansebastiandemijas\/files\/2022\/03\/WhatsApp-Image-2022-03-09-at-16.48.58-2-769x1024.jpeg\" class=\"attachment-large size-large wp-image-11254\" alt=\"\" srcset=\"https:\/\/blogsaverroes.juntadeandalucia.es\/ceipsansebastiandemijas\/files\/2022\/03\/WhatsApp-Image-2022-03-09-at-16.48.58-2-769x1024.jpeg 769w, https:\/\/blogsaverroes.juntadeandalucia.es\/ceipsansebastiandemijas\/files\/2022\/03\/WhatsApp-Image-2022-03-09-at-16.48.58-2-225x300.jpeg 225w, https:\/\/blogsaverroes.juntadeandalucia.es\/ceipsansebastiandemijas\/files\/2022\/03\/WhatsApp-Image-2022-03-09-at-16.48.58-2-768x1023.jpeg 768w, https:\/\/blogsaverroes.juntadeandalucia.es\/ceipsansebastiandemijas\/files\/2022\/03\/WhatsApp-Image-2022-03-09-at-16.48.58-2-1153x1536.jpeg 1153w, https:\/\/blogsaverroes.juntadeandalucia.es\/ceipsansebastiandemijas\/files\/2022\/03\/WhatsApp-Image-2022-03-09-at-16.48.58-2.jpeg 1201w\" sizes=\"(max-width: 769px) 100vw, 769px\" \/>\t\t\t\t\t\t\t\t\t\t\t\t\t\t\t<\/div>\n\t\t\t\t<\/div>\n\t\t\t\t\t<\/div>\n\t\t<\/div>\n\t\t\t\t\t<\/div>\n\t\t<\/section>\n\t\t\t\t<div class=\"elementor-element elementor-element-851477f elementor-widget elementor-widget-text-editor\" data-id=\"851477f\" data-element_type=\"widget\" data-widget_type=\"text-editor.default\">\n\t\t\t\t<div class=\"elementor-widget-container\">\n\t\t\t\t\t\t\t\t\t<p>Con este taller, se pretende que el alumnado tome consciencia de sus emociones y de la importancia para la vida en sociedad.<\/p>\t\t\t\t\t\t\t\t<\/div>\n\t\t\t\t<\/div>\n\t\t\t\t<div class=\"elementor-element elementor-element-0b2831d elementor-arrows-position-inside elementor-pagination-position-outside elementor-widget elementor-widget-image-carousel\" data-id=\"0b2831d\" data-element_type=\"widget\" data-settings=\"{&quot;slides_to_show&quot;:&quot;2&quot;,&quot;pause_on_hover&quot;:&quot;no&quot;,&quot;autoplay_speed&quot;:&quot;2000&quot;,&quot;navigation&quot;:&quot;both&quot;,&quot;autoplay&quot;:&quot;yes&quot;,&quot;pause_on_interaction&quot;:&quot;yes&quot;,&quot;infinite&quot;:&quot;yes&quot;,&quot;speed&quot;:500}\" data-widget_type=\"image-carousel.default\">\n\t\t\t\t<div class=\"elementor-widget-container\">\n\t\t\t\t\t\t\t<div class=\"elementor-image-carousel-wrapper swiper\" role=\"region\" aria-roledescription=\"carousel\" aria-label=\"Carrusel de im\u00e1genes\" dir=\"ltr\">\n\t\t\t<div class=\"elementor-image-carousel swiper-wrapper\" aria-live=\"off\">\n\t\t\t\t\t\t\t\t<div class=\"swiper-slide\" role=\"group\" aria-roledescription=\"slide\" aria-label=\"1 de 17\"><a data-elementor-open-lightbox=\"yes\" data-elementor-lightbox-slideshow=\"0b2831d\" data-elementor-lightbox-title=\"WhatsApp Image 2022-03-09 at 16.48.15 (1)\" data-e-action-hash=\"#elementor-action%3Aaction%3Dlightbox%26settings%3DeyJpZCI6IjExMjYxIiwidXJsIjoiaHR0cHM6XC9cL2Jsb2dzYXZlcnJvZXMuanVudGFkZWFuZGFsdWNpYS5lc1wvY2VpcHNhbnNlYmFzdGlhbmRlbWlqYXNcL2ZpbGVzXC8yMDIyXC8wM1wvV2hhdHNBcHAtSW1hZ2UtMjAyMi0wMy0wOS1hdC0xNi40OC4xNS0xLmpwZWciLCJzbGlkZXNob3ciOiIwYjI4MzFkIn0%3D\" href=\"https:\/\/blogsaverroes.juntadeandalucia.es\/ceipsansebastiandemijas\/files\/2022\/03\/WhatsApp-Image-2022-03-09-at-16.48.15-1.jpeg\" rel=\"prettyPhoto[11276]\"><figure class=\"swiper-slide-inner\"><img decoding=\"async\" class=\"swiper-slide-image\" src=\"https:\/\/blogsaverroes.juntadeandalucia.es\/ceipsansebastiandemijas\/files\/2022\/03\/WhatsApp-Image-2022-03-09-at-16.48.15-1-300x224.jpeg\" alt=\"WhatsApp Image 2022-03-09 at 16.48.15 (1)\" \/><\/figure><\/a><\/div><div class=\"swiper-slide\" role=\"group\" aria-roledescription=\"slide\" aria-label=\"2 de 17\"><a data-elementor-open-lightbox=\"yes\" data-elementor-lightbox-slideshow=\"0b2831d\" data-elementor-lightbox-title=\"WhatsApp Image 2022-03-09 at 16.48.15 (2)\" data-e-action-hash=\"#elementor-action%3Aaction%3Dlightbox%26settings%3DeyJpZCI6IjExMjYwIiwidXJsIjoiaHR0cHM6XC9cL2Jsb2dzYXZlcnJvZXMuanVudGFkZWFuZGFsdWNpYS5lc1wvY2VpcHNhbnNlYmFzdGlhbmRlbWlqYXNcL2ZpbGVzXC8yMDIyXC8wM1wvV2hhdHNBcHAtSW1hZ2UtMjAyMi0wMy0wOS1hdC0xNi40OC4xNS0yLmpwZWciLCJzbGlkZXNob3ciOiIwYjI4MzFkIn0%3D\" href=\"https:\/\/blogsaverroes.juntadeandalucia.es\/ceipsansebastiandemijas\/files\/2022\/03\/WhatsApp-Image-2022-03-09-at-16.48.15-2.jpeg\" rel=\"prettyPhoto[11276]\"><figure class=\"swiper-slide-inner\"><img decoding=\"async\" class=\"swiper-slide-image\" src=\"https:\/\/blogsaverroes.juntadeandalucia.es\/ceipsansebastiandemijas\/files\/2022\/03\/WhatsApp-Image-2022-03-09-at-16.48.15-2-224x300.jpeg\" alt=\"WhatsApp Image 2022-03-09 at 16.48.15 (2)\" \/><\/figure><\/a><\/div><div class=\"swiper-slide\" role=\"group\" aria-roledescription=\"slide\" aria-label=\"3 de 17\"><a data-elementor-open-lightbox=\"yes\" data-elementor-lightbox-slideshow=\"0b2831d\" data-elementor-lightbox-title=\"WhatsApp Image 2022-03-09 at 16.48.15 (3)\" data-e-action-hash=\"#elementor-action%3Aaction%3Dlightbox%26settings%3DeyJpZCI6IjExMjU5IiwidXJsIjoiaHR0cHM6XC9cL2Jsb2dzYXZlcnJvZXMuanVudGFkZWFuZGFsdWNpYS5lc1wvY2VpcHNhbnNlYmFzdGlhbmRlbWlqYXNcL2ZpbGVzXC8yMDIyXC8wM1wvV2hhdHNBcHAtSW1hZ2UtMjAyMi0wMy0wOS1hdC0xNi40OC4xNS0zLmpwZWciLCJzbGlkZXNob3ciOiIwYjI4MzFkIn0%3D\" href=\"https:\/\/blogsaverroes.juntadeandalucia.es\/ceipsansebastiandemijas\/files\/2022\/03\/WhatsApp-Image-2022-03-09-at-16.48.15-3.jpeg\" rel=\"prettyPhoto[11276]\"><figure class=\"swiper-slide-inner\"><img decoding=\"async\" class=\"swiper-slide-image\" src=\"https:\/\/blogsaverroes.juntadeandalucia.es\/ceipsansebastiandemijas\/files\/2022\/03\/WhatsApp-Image-2022-03-09-at-16.48.15-3-300x219.jpeg\" alt=\"WhatsApp Image 2022-03-09 at 16.48.15 (3)\" \/><\/figure><\/a><\/div><div class=\"swiper-slide\" role=\"group\" aria-roledescription=\"slide\" aria-label=\"4 de 17\"><a data-elementor-open-lightbox=\"yes\" data-elementor-lightbox-slideshow=\"0b2831d\" data-elementor-lightbox-title=\"WhatsApp Image 2022-03-09 at 16.48.15 (4)\" data-e-action-hash=\"#elementor-action%3Aaction%3Dlightbox%26settings%3DeyJpZCI6IjExMjU4IiwidXJsIjoiaHR0cHM6XC9cL2Jsb2dzYXZlcnJvZXMuanVudGFkZWFuZGFsdWNpYS5lc1wvY2VpcHNhbnNlYmFzdGlhbmRlbWlqYXNcL2ZpbGVzXC8yMDIyXC8wM1wvV2hhdHNBcHAtSW1hZ2UtMjAyMi0wMy0wOS1hdC0xNi40OC4xNS00LmpwZWciLCJzbGlkZXNob3ciOiIwYjI4MzFkIn0%3D\" href=\"https:\/\/blogsaverroes.juntadeandalucia.es\/ceipsansebastiandemijas\/files\/2022\/03\/WhatsApp-Image-2022-03-09-at-16.48.15-4.jpeg\" rel=\"prettyPhoto[11276]\"><figure class=\"swiper-slide-inner\"><img decoding=\"async\" class=\"swiper-slide-image\" src=\"https:\/\/blogsaverroes.juntadeandalucia.es\/ceipsansebastiandemijas\/files\/2022\/03\/WhatsApp-Image-2022-03-09-at-16.48.15-4-300x224.jpeg\" alt=\"WhatsApp Image 2022-03-09 at 16.48.15 (4)\" \/><\/figure><\/a><\/div><div class=\"swiper-slide\" role=\"group\" aria-roledescription=\"slide\" aria-label=\"5 de 17\"><a data-elementor-open-lightbox=\"yes\" data-elementor-lightbox-slideshow=\"0b2831d\" data-elementor-lightbox-title=\"WhatsApp Image 2022-03-09 at 16.48.15\" data-e-action-hash=\"#elementor-action%3Aaction%3Dlightbox%26settings%3DeyJpZCI6IjExMjU3IiwidXJsIjoiaHR0cHM6XC9cL2Jsb2dzYXZlcnJvZXMuanVudGFkZWFuZGFsdWNpYS5lc1wvY2VpcHNhbnNlYmFzdGlhbmRlbWlqYXNcL2ZpbGVzXC8yMDIyXC8wM1wvV2hhdHNBcHAtSW1hZ2UtMjAyMi0wMy0wOS1hdC0xNi40OC4xNS5qcGVnIiwic2xpZGVzaG93IjoiMGIyODMxZCJ9\" href=\"https:\/\/blogsaverroes.juntadeandalucia.es\/ceipsansebastiandemijas\/files\/2022\/03\/WhatsApp-Image-2022-03-09-at-16.48.15.jpeg\" rel=\"prettyPhoto[11276]\"><figure class=\"swiper-slide-inner\"><img decoding=\"async\" class=\"swiper-slide-image\" src=\"https:\/\/blogsaverroes.juntadeandalucia.es\/ceipsansebastiandemijas\/files\/2022\/03\/WhatsApp-Image-2022-03-09-at-16.48.15-300x224.jpeg\" alt=\"WhatsApp Image 2022-03-09 at 16.48.15\" \/><\/figure><\/a><\/div><div class=\"swiper-slide\" role=\"group\" aria-roledescription=\"slide\" aria-label=\"6 de 17\"><a data-elementor-open-lightbox=\"yes\" data-elementor-lightbox-slideshow=\"0b2831d\" data-elementor-lightbox-title=\"WhatsApp Image 2022-03-09 at 16.48.16\" data-e-action-hash=\"#elementor-action%3Aaction%3Dlightbox%26settings%3DeyJpZCI6IjExMjU2IiwidXJsIjoiaHR0cHM6XC9cL2Jsb2dzYXZlcnJvZXMuanVudGFkZWFuZGFsdWNpYS5lc1wvY2VpcHNhbnNlYmFzdGlhbmRlbWlqYXNcL2ZpbGVzXC8yMDIyXC8wM1wvV2hhdHNBcHAtSW1hZ2UtMjAyMi0wMy0wOS1hdC0xNi40OC4xNi5qcGVnIiwic2xpZGVzaG93IjoiMGIyODMxZCJ9\" href=\"https:\/\/blogsaverroes.juntadeandalucia.es\/ceipsansebastiandemijas\/files\/2022\/03\/WhatsApp-Image-2022-03-09-at-16.48.16.jpeg\" rel=\"prettyPhoto[11276]\"><figure class=\"swiper-slide-inner\"><img decoding=\"async\" class=\"swiper-slide-image\" src=\"https:\/\/blogsaverroes.juntadeandalucia.es\/ceipsansebastiandemijas\/files\/2022\/03\/WhatsApp-Image-2022-03-09-at-16.48.16-300x224.jpeg\" alt=\"WhatsApp Image 2022-03-09 at 16.48.16\" \/><\/figure><\/a><\/div><div class=\"swiper-slide\" role=\"group\" aria-roledescription=\"slide\" aria-label=\"7 de 17\"><a data-elementor-open-lightbox=\"yes\" data-elementor-lightbox-slideshow=\"0b2831d\" data-elementor-lightbox-title=\"WhatsApp Image 2022-03-09 at 16.48.58 (1)\" data-e-action-hash=\"#elementor-action%3Aaction%3Dlightbox%26settings%3DeyJpZCI6IjExMjU1IiwidXJsIjoiaHR0cHM6XC9cL2Jsb2dzYXZlcnJvZXMuanVudGFkZWFuZGFsdWNpYS5lc1wvY2VpcHNhbnNlYmFzdGlhbmRlbWlqYXNcL2ZpbGVzXC8yMDIyXC8wM1wvV2hhdHNBcHAtSW1hZ2UtMjAyMi0wMy0wOS1hdC0xNi40OC41OC0xLmpwZWciLCJzbGlkZXNob3ciOiIwYjI4MzFkIn0%3D\" href=\"https:\/\/blogsaverroes.juntadeandalucia.es\/ceipsansebastiandemijas\/files\/2022\/03\/WhatsApp-Image-2022-03-09-at-16.48.58-1.jpeg\" rel=\"prettyPhoto[11276]\"><figure class=\"swiper-slide-inner\"><img decoding=\"async\" class=\"swiper-slide-image\" src=\"https:\/\/blogsaverroes.juntadeandalucia.es\/ceipsansebastiandemijas\/files\/2022\/03\/WhatsApp-Image-2022-03-09-at-16.48.58-1-300x225.jpeg\" alt=\"WhatsApp Image 2022-03-09 at 16.48.58 (1)\" \/><\/figure><\/a><\/div><div class=\"swiper-slide\" role=\"group\" aria-roledescription=\"slide\" aria-label=\"8 de 17\"><a data-elementor-open-lightbox=\"yes\" data-elementor-lightbox-slideshow=\"0b2831d\" data-elementor-lightbox-title=\"WhatsApp Image 2022-03-09 at 16.48.58 (2)\" data-e-action-hash=\"#elementor-action%3Aaction%3Dlightbox%26settings%3DeyJpZCI6IjExMjU0IiwidXJsIjoiaHR0cHM6XC9cL2Jsb2dzYXZlcnJvZXMuanVudGFkZWFuZGFsdWNpYS5lc1wvY2VpcHNhbnNlYmFzdGlhbmRlbWlqYXNcL2ZpbGVzXC8yMDIyXC8wM1wvV2hhdHNBcHAtSW1hZ2UtMjAyMi0wMy0wOS1hdC0xNi40OC41OC0yLmpwZWciLCJzbGlkZXNob3ciOiIwYjI4MzFkIn0%3D\" href=\"https:\/\/blogsaverroes.juntadeandalucia.es\/ceipsansebastiandemijas\/files\/2022\/03\/WhatsApp-Image-2022-03-09-at-16.48.58-2.jpeg\" rel=\"prettyPhoto[11276]\"><figure class=\"swiper-slide-inner\"><img decoding=\"async\" class=\"swiper-slide-image\" src=\"https:\/\/blogsaverroes.juntadeandalucia.es\/ceipsansebastiandemijas\/files\/2022\/03\/WhatsApp-Image-2022-03-09-at-16.48.58-2-225x300.jpeg\" alt=\"WhatsApp Image 2022-03-09 at 16.48.58 (2)\" \/><\/figure><\/a><\/div><div class=\"swiper-slide\" role=\"group\" aria-roledescription=\"slide\" aria-label=\"9 de 17\"><a data-elementor-open-lightbox=\"yes\" data-elementor-lightbox-slideshow=\"0b2831d\" data-elementor-lightbox-title=\"WhatsApp Image 2022-03-09 at 16.48.58\" data-e-action-hash=\"#elementor-action%3Aaction%3Dlightbox%26settings%3DeyJpZCI6IjExMjUzIiwidXJsIjoiaHR0cHM6XC9cL2Jsb2dzYXZlcnJvZXMuanVudGFkZWFuZGFsdWNpYS5lc1wvY2VpcHNhbnNlYmFzdGlhbmRlbWlqYXNcL2ZpbGVzXC8yMDIyXC8wM1wvV2hhdHNBcHAtSW1hZ2UtMjAyMi0wMy0wOS1hdC0xNi40OC41OC5qcGVnIiwic2xpZGVzaG93IjoiMGIyODMxZCJ9\" href=\"https:\/\/blogsaverroes.juntadeandalucia.es\/ceipsansebastiandemijas\/files\/2022\/03\/WhatsApp-Image-2022-03-09-at-16.48.58.jpeg\" rel=\"prettyPhoto[11276]\"><figure class=\"swiper-slide-inner\"><img decoding=\"async\" class=\"swiper-slide-image\" src=\"https:\/\/blogsaverroes.juntadeandalucia.es\/ceipsansebastiandemijas\/files\/2022\/03\/WhatsApp-Image-2022-03-09-at-16.48.58-225x300.jpeg\" alt=\"WhatsApp Image 2022-03-09 at 16.48.58\" \/><\/figure><\/a><\/div><div class=\"swiper-slide\" role=\"group\" aria-roledescription=\"slide\" aria-label=\"10 de 17\"><a data-elementor-open-lightbox=\"yes\" data-elementor-lightbox-slideshow=\"0b2831d\" data-elementor-lightbox-title=\"WhatsApp Image 2022-03-09 at 16.48.59 (1)\" data-e-action-hash=\"#elementor-action%3Aaction%3Dlightbox%26settings%3DeyJpZCI6IjExMjUxIiwidXJsIjoiaHR0cHM6XC9cL2Jsb2dzYXZlcnJvZXMuanVudGFkZWFuZGFsdWNpYS5lc1wvY2VpcHNhbnNlYmFzdGlhbmRlbWlqYXNcL2ZpbGVzXC8yMDIyXC8wM1wvV2hhdHNBcHAtSW1hZ2UtMjAyMi0wMy0wOS1hdC0xNi40OC41OS0xLmpwZWciLCJzbGlkZXNob3ciOiIwYjI4MzFkIn0%3D\" href=\"https:\/\/blogsaverroes.juntadeandalucia.es\/ceipsansebastiandemijas\/files\/2022\/03\/WhatsApp-Image-2022-03-09-at-16.48.59-1.jpeg\" rel=\"prettyPhoto[11276]\"><figure class=\"swiper-slide-inner\"><img decoding=\"async\" class=\"swiper-slide-image\" src=\"https:\/\/blogsaverroes.juntadeandalucia.es\/ceipsansebastiandemijas\/files\/2022\/03\/WhatsApp-Image-2022-03-09-at-16.48.59-1-225x300.jpeg\" alt=\"WhatsApp Image 2022-03-09 at 16.48.59 (1)\" \/><\/figure><\/a><\/div><div class=\"swiper-slide\" role=\"group\" aria-roledescription=\"slide\" aria-label=\"11 de 17\"><a data-elementor-open-lightbox=\"yes\" data-elementor-lightbox-slideshow=\"0b2831d\" data-elementor-lightbox-title=\"WhatsApp Image 2022-03-09 at 16.48.59 (2)\" data-e-action-hash=\"#elementor-action%3Aaction%3Dlightbox%26settings%3DeyJpZCI6IjExMjUwIiwidXJsIjoiaHR0cHM6XC9cL2Jsb2dzYXZlcnJvZXMuanVudGFkZWFuZGFsdWNpYS5lc1wvY2VpcHNhbnNlYmFzdGlhbmRlbWlqYXNcL2ZpbGVzXC8yMDIyXC8wM1wvV2hhdHNBcHAtSW1hZ2UtMjAyMi0wMy0wOS1hdC0xNi40OC41OS0yLmpwZWciLCJzbGlkZXNob3ciOiIwYjI4MzFkIn0%3D\" href=\"https:\/\/blogsaverroes.juntadeandalucia.es\/ceipsansebastiandemijas\/files\/2022\/03\/WhatsApp-Image-2022-03-09-at-16.48.59-2.jpeg\" rel=\"prettyPhoto[11276]\"><figure class=\"swiper-slide-inner\"><img decoding=\"async\" class=\"swiper-slide-image\" src=\"https:\/\/blogsaverroes.juntadeandalucia.es\/ceipsansebastiandemijas\/files\/2022\/03\/WhatsApp-Image-2022-03-09-at-16.48.59-2-225x300.jpeg\" alt=\"WhatsApp Image 2022-03-09 at 16.48.59 (2)\" \/><\/figure><\/a><\/div><div class=\"swiper-slide\" role=\"group\" aria-roledescription=\"slide\" aria-label=\"12 de 17\"><a data-elementor-open-lightbox=\"yes\" data-elementor-lightbox-slideshow=\"0b2831d\" data-elementor-lightbox-title=\"WhatsApp Image 2022-03-09 at 16.48.59 (3)\" data-e-action-hash=\"#elementor-action%3Aaction%3Dlightbox%26settings%3DeyJpZCI6IjExMjQ5IiwidXJsIjoiaHR0cHM6XC9cL2Jsb2dzYXZlcnJvZXMuanVudGFkZWFuZGFsdWNpYS5lc1wvY2VpcHNhbnNlYmFzdGlhbmRlbWlqYXNcL2ZpbGVzXC8yMDIyXC8wM1wvV2hhdHNBcHAtSW1hZ2UtMjAyMi0wMy0wOS1hdC0xNi40OC41OS0zLmpwZWciLCJzbGlkZXNob3ciOiIwYjI4MzFkIn0%3D\" href=\"https:\/\/blogsaverroes.juntadeandalucia.es\/ceipsansebastiandemijas\/files\/2022\/03\/WhatsApp-Image-2022-03-09-at-16.48.59-3.jpeg\" rel=\"prettyPhoto[11276]\"><figure class=\"swiper-slide-inner\"><img decoding=\"async\" class=\"swiper-slide-image\" src=\"https:\/\/blogsaverroes.juntadeandalucia.es\/ceipsansebastiandemijas\/files\/2022\/03\/WhatsApp-Image-2022-03-09-at-16.48.59-3-225x300.jpeg\" alt=\"WhatsApp Image 2022-03-09 at 16.48.59 (3)\" \/><\/figure><\/a><\/div><div class=\"swiper-slide\" role=\"group\" aria-roledescription=\"slide\" aria-label=\"13 de 17\"><a data-elementor-open-lightbox=\"yes\" data-elementor-lightbox-slideshow=\"0b2831d\" data-elementor-lightbox-title=\"WhatsApp Image 2022-03-09 at 16.48.59 (4)\" data-e-action-hash=\"#elementor-action%3Aaction%3Dlightbox%26settings%3DeyJpZCI6IjExMjQ4IiwidXJsIjoiaHR0cHM6XC9cL2Jsb2dzYXZlcnJvZXMuanVudGFkZWFuZGFsdWNpYS5lc1wvY2VpcHNhbnNlYmFzdGlhbmRlbWlqYXNcL2ZpbGVzXC8yMDIyXC8wM1wvV2hhdHNBcHAtSW1hZ2UtMjAyMi0wMy0wOS1hdC0xNi40OC41OS00LmpwZWciLCJzbGlkZXNob3ciOiIwYjI4MzFkIn0%3D\" href=\"https:\/\/blogsaverroes.juntadeandalucia.es\/ceipsansebastiandemijas\/files\/2022\/03\/WhatsApp-Image-2022-03-09-at-16.48.59-4.jpeg\" rel=\"prettyPhoto[11276]\"><figure class=\"swiper-slide-inner\"><img decoding=\"async\" class=\"swiper-slide-image\" src=\"https:\/\/blogsaverroes.juntadeandalucia.es\/ceipsansebastiandemijas\/files\/2022\/03\/WhatsApp-Image-2022-03-09-at-16.48.59-4-300x225.jpeg\" alt=\"WhatsApp Image 2022-03-09 at 16.48.59 (4)\" \/><\/figure><\/a><\/div><div class=\"swiper-slide\" role=\"group\" aria-roledescription=\"slide\" aria-label=\"14 de 17\"><a data-elementor-open-lightbox=\"yes\" data-elementor-lightbox-slideshow=\"0b2831d\" data-elementor-lightbox-title=\"WhatsApp Image 2022-03-09 at 16.48.59 (5)\" data-e-action-hash=\"#elementor-action%3Aaction%3Dlightbox%26settings%3DeyJpZCI6IjExMjQ3IiwidXJsIjoiaHR0cHM6XC9cL2Jsb2dzYXZlcnJvZXMuanVudGFkZWFuZGFsdWNpYS5lc1wvY2VpcHNhbnNlYmFzdGlhbmRlbWlqYXNcL2ZpbGVzXC8yMDIyXC8wM1wvV2hhdHNBcHAtSW1hZ2UtMjAyMi0wMy0wOS1hdC0xNi40OC41OS01LmpwZWciLCJzbGlkZXNob3ciOiIwYjI4MzFkIn0%3D\" href=\"https:\/\/blogsaverroes.juntadeandalucia.es\/ceipsansebastiandemijas\/files\/2022\/03\/WhatsApp-Image-2022-03-09-at-16.48.59-5.jpeg\" rel=\"prettyPhoto[11276]\"><figure class=\"swiper-slide-inner\"><img decoding=\"async\" class=\"swiper-slide-image\" src=\"https:\/\/blogsaverroes.juntadeandalucia.es\/ceipsansebastiandemijas\/files\/2022\/03\/WhatsApp-Image-2022-03-09-at-16.48.59-5-300x225.jpeg\" alt=\"WhatsApp Image 2022-03-09 at 16.48.59 (5)\" \/><\/figure><\/a><\/div><div class=\"swiper-slide\" role=\"group\" aria-roledescription=\"slide\" aria-label=\"15 de 17\"><a data-elementor-open-lightbox=\"yes\" data-elementor-lightbox-slideshow=\"0b2831d\" data-elementor-lightbox-title=\"WhatsApp Image 2022-03-09 at 16.48.59\" data-e-action-hash=\"#elementor-action%3Aaction%3Dlightbox%26settings%3DeyJpZCI6IjExMjQ2IiwidXJsIjoiaHR0cHM6XC9cL2Jsb2dzYXZlcnJvZXMuanVudGFkZWFuZGFsdWNpYS5lc1wvY2VpcHNhbnNlYmFzdGlhbmRlbWlqYXNcL2ZpbGVzXC8yMDIyXC8wM1wvV2hhdHNBcHAtSW1hZ2UtMjAyMi0wMy0wOS1hdC0xNi40OC41OS5qcGVnIiwic2xpZGVzaG93IjoiMGIyODMxZCJ9\" href=\"https:\/\/blogsaverroes.juntadeandalucia.es\/ceipsansebastiandemijas\/files\/2022\/03\/WhatsApp-Image-2022-03-09-at-16.48.59.jpeg\" rel=\"prettyPhoto[11276]\"><figure class=\"swiper-slide-inner\"><img decoding=\"async\" class=\"swiper-slide-image\" src=\"https:\/\/blogsaverroes.juntadeandalucia.es\/ceipsansebastiandemijas\/files\/2022\/03\/WhatsApp-Image-2022-03-09-at-16.48.59-225x300.jpeg\" alt=\"WhatsApp Image 2022-03-09 at 16.48.59\" \/><\/figure><\/a><\/div><div class=\"swiper-slide\" role=\"group\" aria-roledescription=\"slide\" aria-label=\"16 de 17\"><a data-elementor-open-lightbox=\"yes\" data-elementor-lightbox-slideshow=\"0b2831d\" data-elementor-lightbox-title=\"WhatsApp Image 2022-03-09 at 16.49.00 (1)\" data-e-action-hash=\"#elementor-action%3Aaction%3Dlightbox%26settings%3DeyJpZCI6IjExMjQ1IiwidXJsIjoiaHR0cHM6XC9cL2Jsb2dzYXZlcnJvZXMuanVudGFkZWFuZGFsdWNpYS5lc1wvY2VpcHNhbnNlYmFzdGlhbmRlbWlqYXNcL2ZpbGVzXC8yMDIyXC8wM1wvV2hhdHNBcHAtSW1hZ2UtMjAyMi0wMy0wOS1hdC0xNi40OS4wMC0xLmpwZWciLCJzbGlkZXNob3ciOiIwYjI4MzFkIn0%3D\" href=\"https:\/\/blogsaverroes.juntadeandalucia.es\/ceipsansebastiandemijas\/files\/2022\/03\/WhatsApp-Image-2022-03-09-at-16.49.00-1.jpeg\" rel=\"prettyPhoto[11276]\"><figure class=\"swiper-slide-inner\"><img decoding=\"async\" class=\"swiper-slide-image\" src=\"https:\/\/blogsaverroes.juntadeandalucia.es\/ceipsansebastiandemijas\/files\/2022\/03\/WhatsApp-Image-2022-03-09-at-16.49.00-1-225x300.jpeg\" alt=\"WhatsApp Image 2022-03-09 at 16.49.00 (1)\" \/><\/figure><\/a><\/div><div class=\"swiper-slide\" role=\"group\" aria-roledescription=\"slide\" aria-label=\"17 de 17\"><a data-elementor-open-lightbox=\"yes\" data-elementor-lightbox-slideshow=\"0b2831d\" data-elementor-lightbox-title=\"WhatsApp Image 2022-03-09 at 16.49.00\" data-e-action-hash=\"#elementor-action%3Aaction%3Dlightbox%26settings%3DeyJpZCI6IjExMjQ0IiwidXJsIjoiaHR0cHM6XC9cL2Jsb2dzYXZlcnJvZXMuanVudGFkZWFuZGFsdWNpYS5lc1wvY2VpcHNhbnNlYmFzdGlhbmRlbWlqYXNcL2ZpbGVzXC8yMDIyXC8wM1wvV2hhdHNBcHAtSW1hZ2UtMjAyMi0wMy0wOS1hdC0xNi40OS4wMC5qcGVnIiwic2xpZGVzaG93IjoiMGIyODMxZCJ9\" href=\"https:\/\/blogsaverroes.juntadeandalucia.es\/ceipsansebastiandemijas\/files\/2022\/03\/WhatsApp-Image-2022-03-09-at-16.49.00.jpeg\" rel=\"prettyPhoto[11276]\"><figure class=\"swiper-slide-inner\"><img decoding=\"async\" class=\"swiper-slide-image\" src=\"https:\/\/blogsaverroes.juntadeandalucia.es\/ceipsansebastiandemijas\/files\/2022\/03\/WhatsApp-Image-2022-03-09-at-16.49.00-225x300.jpeg\" alt=\"WhatsApp Image 2022-03-09 at 16.49.00\" \/><\/figure><\/a><\/div>\t\t\t<\/div>\n\t\t\t\t\t\t\t\t\t\t\t\t<div class=\"elementor-swiper-button elementor-swiper-button-prev\" role=\"button\" tabindex=\"0\">\n\t\t\t\t\t\t<i aria-hidden=\"true\" class=\"eicon-chevron-left\"><\/i>\t\t\t\t\t<\/div>\n\t\t\t\t\t<div class=\"elementor-swiper-button elementor-swiper-button-next\" role=\"button\" tabindex=\"0\">\n\t\t\t\t\t\t<i aria-hidden=\"true\" class=\"eicon-chevron-right\"><\/i>\t\t\t\t\t<\/div>\n\t\t\t\t\n\t\t\t\t\t\t\t\t\t<div class=\"swiper-pagination\"><\/div>\n\t\t\t\t\t\t\t\t\t<\/div>\n\t\t\t\t\t\t<\/div>\n\t\t\t\t<\/div>\n\t\t\t\t\t<\/div>\n\t\t<\/div>\n\t\t\t\t\t<\/div>\n\t\t<\/section>\n\t\t\t\t<\/div>\n\t\t","protected":false},"excerpt":{"rendered":"<p>Taller de emociones para el alumnado de 5 a\u00f1os (Ayuntamiento de Mijas) Los ni\u00f1os y ni\u00f1as de 5 a\u00f1os han recibido un taller del \u00e1rea de Igualdad y Diversidad del Ayuntamiento de Mijas. Se trata de una iniciativa de nuestro Ayuntamiento para educar en valores al alumnado. En este taller a trav\u00e9s del personaje de [&hellip;]<\/p>\n","protected":false},"author":8532,"featured_media":11261,"comment_status":"open","ping_status":"open","sticky":false,"template":"elementor_header_footer","format":"standard","meta":{"ngg_post_thumbnail":0,"footnotes":""},"categories":[2031290,2031291,2031341,20003,49688],"tags":[],"aioseo_notices":[],"_links":{"self":[{"href":"https:\/\/blogsaverroes.juntadeandalucia.es\/ceipsansebastiandemijas\/wp-json\/wp\/v2\/posts\/11276"}],"collection":[{"href":"https:\/\/blogsaverroes.juntadeandalucia.es\/ceipsansebastiandemijas\/wp-json\/wp\/v2\/posts"}],"about":[{"href":"https:\/\/blogsaverroes.juntadeandalucia.es\/ceipsansebastiandemijas\/wp-json\/wp\/v2\/types\/post"}],"author":[{"embeddable":true,"href":"https:\/\/blogsaverroes.juntadeandalucia.es\/ceipsansebastiandemijas\/wp-json\/wp\/v2\/users\/8532"}],"replies":[{"embeddable":true,"href":"https:\/\/blogsaverroes.juntadeandalucia.es\/ceipsansebastiandemijas\/wp-json\/wp\/v2\/comments?post=11276"}],"version-history":[{"count":19,"href":"https:\/\/blogsaverroes.juntadeandalucia.es\/ceipsansebastiandemijas\/wp-json\/wp\/v2\/posts\/11276\/revisions"}],"predecessor-version":[{"id":11325,"href":"https:\/\/blogsaverroes.juntadeandalucia.es\/ceipsansebastiandemijas\/wp-json\/wp\/v2\/posts\/11276\/revisions\/11325"}],"wp:featuredmedia":[{"embeddable":true,"href":"https:\/\/blogsaverroes.juntadeandalucia.es\/ceipsansebastiandemijas\/wp-json\/wp\/v2\/media\/11261"}],"wp:attachment":[{"href":"https:\/\/blogsaverroes.juntadeandalucia.es\/ceipsansebastiandemijas\/wp-json\/wp\/v2\/media?parent=11276"}],"wp:term":[{"taxonomy":"category","embeddable":true,"href":"https:\/\/blogsaverroes.juntadeandalucia.es\/ceipsansebastiandemijas\/wp-json\/wp\/v2\/categories?post=11276"},{"taxonomy":"post_tag","embeddable":true,"href":"https:\/\/blogsaverroes.juntadeandalucia.es\/ceipsansebastiandemijas\/wp-json\/wp\/v2\/tags?post=11276"}],"curies":[{"name":"wp","href":"https:\/\/api.w.org\/{rel}","templated":true}]}}