{"id":16753,"date":"2023-03-17T18:44:05","date_gmt":"2023-03-17T18:44:05","guid":{"rendered":"https:\/\/blogsaverroes.juntadeandalucia.es\/ceipsansebastiandemijas\/?p=16753"},"modified":"2023-08-12T18:46:55","modified_gmt":"2023-08-12T18:46:55","slug":"jovenes-periodistas-en-mijas-comunicacion","status":"publish","type":"post","link":"https:\/\/blogsaverroes.juntadeandalucia.es\/ceipsansebastiandemijas\/jovenes-periodistas-en-mijas-comunicacion\/","title":{"rendered":"J\u00f3venes periodistas en Mijas Comunicaci\u00f3n"},"content":{"rendered":"\t\t<div data-elementor-type=\"wp-post\" data-elementor-id=\"16753\" class=\"elementor elementor-16753\">\n\t\t\t\t\t\t<section class=\"elementor-section elementor-top-section elementor-element elementor-element-02abd44 elementor-section-boxed elementor-section-height-default elementor-section-height-default\" data-id=\"02abd44\" data-element_type=\"section\">\n\t\t\t\t\t\t<div class=\"elementor-container elementor-column-gap-default\">\n\t\t\t\t\t<div class=\"elementor-column elementor-col-100 elementor-top-column elementor-element elementor-element-05f928e\" data-id=\"05f928e\" data-element_type=\"column\">\n\t\t\t<div class=\"elementor-widget-wrap elementor-element-populated\">\n\t\t\t\t\t\t<div class=\"elementor-element elementor-element-2fe9fb3 elementor-widget elementor-widget-heading\" data-id=\"2fe9fb3\" data-element_type=\"widget\" data-widget_type=\"heading.default\">\n\t\t\t\t<div class=\"elementor-widget-container\">\n\t\t\t\t\t<h2 class=\"elementor-heading-title elementor-size-default\">J\u00f3venes periodistas en<br>Mijas Comunicaci\u00f3n<\/h2>\t\t\t\t<\/div>\n\t\t\t\t<\/div>\n\t\t\t\t\t<\/div>\n\t\t<\/div>\n\t\t\t\t\t<\/div>\n\t\t<\/section>\n\t\t\t\t<section class=\"elementor-section elementor-top-section elementor-element elementor-element-36959f5 elementor-section-boxed elementor-section-height-default elementor-section-height-default\" data-id=\"36959f5\" data-element_type=\"section\">\n\t\t\t\t\t\t<div class=\"elementor-container elementor-column-gap-default\">\n\t\t\t\t\t<div class=\"elementor-column elementor-col-100 elementor-top-column elementor-element elementor-element-66410cf\" data-id=\"66410cf\" data-element_type=\"column\">\n\t\t\t<div class=\"elementor-widget-wrap elementor-element-populated\">\n\t\t\t\t\t\t<section class=\"elementor-section elementor-inner-section elementor-element elementor-element-4f257fb elementor-section-boxed elementor-section-height-default elementor-section-height-default\" data-id=\"4f257fb\" data-element_type=\"section\">\n\t\t\t\t\t\t<div class=\"elementor-container elementor-column-gap-default\">\n\t\t\t\t\t<div class=\"elementor-column elementor-col-100 elementor-inner-column elementor-element elementor-element-28fb852\" data-id=\"28fb852\" data-element_type=\"column\">\n\t\t\t<div class=\"elementor-widget-wrap elementor-element-populated\">\n\t\t\t\t\t\t<div class=\"elementor-element elementor-element-2d85fa9 elementor-widget elementor-widget-text-editor\" data-id=\"2d85fa9\" data-element_type=\"widget\" data-widget_type=\"text-editor.default\">\n\t\t\t\t<div class=\"elementor-widget-container\">\n\t\t\t\t\t\t\t\t\t<p>El pasado viernes 17 de marzo, el alumnado de 5\u00b0 visit\u00f3 <b>Mijas Comunicaci\u00f3n<\/b>.<\/p><p>Los chicos y chicas pudieron aprender de primera mano los entresijos de la tele, la radio y el peri\u00f3dico local.<\/p><p>A parte de lo bien que se lo han pasado convirti\u00e9ndose en periodistas, presentadores, locutores y realizadores por un d\u00eda, seguro que hemos despertado m\u00e1s de una vocaci\u00f3n!!<\/p>\t\t\t\t\t\t\t\t<\/div>\n\t\t\t\t<\/div>\n\t\t\t\t\t<\/div>\n\t\t<\/div>\n\t\t\t\t\t<\/div>\n\t\t<\/section>\n\t\t\t\t\t<\/div>\n\t\t<\/div>\n\t\t\t\t\t<\/div>\n\t\t<\/section>\n\t\t\t\t<section class=\"elementor-section elementor-top-section elementor-element elementor-element-198b2a3 elementor-section-boxed elementor-section-height-default elementor-section-height-default\" data-id=\"198b2a3\" data-element_type=\"section\">\n\t\t\t\t\t\t<div class=\"elementor-container elementor-column-gap-default\">\n\t\t\t\t\t<div class=\"elementor-column elementor-col-100 elementor-top-column elementor-element elementor-element-2081e02\" data-id=\"2081e02\" data-element_type=\"column\">\n\t\t\t<div class=\"elementor-widget-wrap elementor-element-populated\">\n\t\t\t\t\t\t<div class=\"elementor-element elementor-element-c29a75f elementor-widget elementor-widget-image\" data-id=\"c29a75f\" data-element_type=\"widget\" data-widget_type=\"image.default\">\n\t\t\t\t<div class=\"elementor-widget-container\">\n\t\t\t\t\t\t\t\t\t\t\t\t\t\t\t\t<a href=\"https:\/\/mijascom.com\/?a=26897\" target=\"_blank\">\n\t\t\t\t\t\t\t<img fetchpriority=\"high\" decoding=\"async\" width=\"751\" height=\"424\" src=\"https:\/\/blogsaverroes.juntadeandalucia.es\/ceipsansebastiandemijas\/files\/2023\/03\/Captura-de-pantalla-de-2023-03-20-23-36-27.png\" class=\"elementor-animation-pulse-grow attachment-large size-large wp-image-15348\" alt=\"\" srcset=\"https:\/\/blogsaverroes.juntadeandalucia.es\/ceipsansebastiandemijas\/files\/2023\/03\/Captura-de-pantalla-de-2023-03-20-23-36-27.png 751w, https:\/\/blogsaverroes.juntadeandalucia.es\/ceipsansebastiandemijas\/files\/2023\/03\/Captura-de-pantalla-de-2023-03-20-23-36-27-300x169.png 300w, https:\/\/blogsaverroes.juntadeandalucia.es\/ceipsansebastiandemijas\/files\/2023\/03\/Captura-de-pantalla-de-2023-03-20-23-36-27-24x14.png 24w, https:\/\/blogsaverroes.juntadeandalucia.es\/ceipsansebastiandemijas\/files\/2023\/03\/Captura-de-pantalla-de-2023-03-20-23-36-27-36x20.png 36w, https:\/\/blogsaverroes.juntadeandalucia.es\/ceipsansebastiandemijas\/files\/2023\/03\/Captura-de-pantalla-de-2023-03-20-23-36-27-48x27.png 48w\" sizes=\"(max-width: 751px) 100vw, 751px\" \/>\t\t\t\t\t\t\t\t<\/a>\n\t\t\t\t\t\t\t\t\t\t\t\t\t\t\t<\/div>\n\t\t\t\t<\/div>\n\t\t\t\t\t<\/div>\n\t\t<\/div>\n\t\t\t\t\t<\/div>\n\t\t<\/section>\n\t\t\t\t<section class=\"elementor-section elementor-top-section elementor-element elementor-element-4d014b2 elementor-section-boxed elementor-section-height-default elementor-section-height-default\" data-id=\"4d014b2\" data-element_type=\"section\">\n\t\t\t\t\t\t<div class=\"elementor-container elementor-column-gap-default\">\n\t\t\t\t\t<div class=\"elementor-column elementor-col-100 elementor-top-column elementor-element elementor-element-1a81cb2\" data-id=\"1a81cb2\" data-element_type=\"column\">\n\t\t\t<div class=\"elementor-widget-wrap elementor-element-populated\">\n\t\t\t\t\t\t<div class=\"elementor-element elementor-element-b8d5f47 elementor-widget elementor-widget-image-carousel\" data-id=\"b8d5f47\" data-element_type=\"widget\" data-settings=\"{&quot;navigation&quot;:&quot;none&quot;,&quot;autoplay&quot;:&quot;yes&quot;,&quot;pause_on_hover&quot;:&quot;yes&quot;,&quot;pause_on_interaction&quot;:&quot;yes&quot;,&quot;autoplay_speed&quot;:5000,&quot;infinite&quot;:&quot;yes&quot;,&quot;speed&quot;:500}\" data-widget_type=\"image-carousel.default\">\n\t\t\t\t<div class=\"elementor-widget-container\">\n\t\t\t\t\t\t\t<div class=\"elementor-image-carousel-wrapper swiper\" role=\"region\" aria-roledescription=\"carousel\" aria-label=\"Carrusel de im\u00e1genes\" dir=\"ltr\">\n\t\t\t<div class=\"elementor-image-carousel swiper-wrapper\" aria-live=\"off\">\n\t\t\t\t\t\t\t\t<div class=\"swiper-slide\" role=\"group\" aria-roledescription=\"slide\" aria-label=\"1 de 5\"><a data-elementor-open-lightbox=\"yes\" data-elementor-lightbox-slideshow=\"b8d5f47\" data-elementor-lightbox-title=\"WhatsApp Image 2023-03-16 at 19.30.33\" data-e-action-hash=\"#elementor-action%3Aaction%3Dlightbox%26settings%3DeyJpZCI6IjE1MzM5IiwidXJsIjoiaHR0cHM6XC9cL2Jsb2dzYXZlcnJvZXMuanVudGFkZWFuZGFsdWNpYS5lc1wvY2VpcHNhbnNlYmFzdGlhbmRlbWlqYXNcL2ZpbGVzXC8yMDIzXC8wM1wvV2hhdHNBcHAtSW1hZ2UtMjAyMy0wMy0xNi1hdC0xOS4zMC4zMy5qcGVnIiwic2xpZGVzaG93IjoiYjhkNWY0NyJ9\" href=\"https:\/\/blogsaverroes.juntadeandalucia.es\/ceipsansebastiandemijas\/files\/2023\/03\/WhatsApp-Image-2023-03-16-at-19.30.33.jpeg\" rel=\"prettyPhoto[16753]\"><figure class=\"swiper-slide-inner\"><img decoding=\"async\" class=\"swiper-slide-image\" src=\"https:\/\/blogsaverroes.juntadeandalucia.es\/ceipsansebastiandemijas\/files\/2023\/03\/WhatsApp-Image-2023-03-16-at-19.30.33-150x150.jpeg\" alt=\"WhatsApp Image 2023-03-16 at 19.30.33\" \/><\/figure><\/a><\/div><div class=\"swiper-slide\" role=\"group\" aria-roledescription=\"slide\" aria-label=\"2 de 5\"><a data-elementor-open-lightbox=\"yes\" data-elementor-lightbox-slideshow=\"b8d5f47\" data-elementor-lightbox-title=\"WhatsApp Image 2023-03-16 at 21.34.52\" data-e-action-hash=\"#elementor-action%3Aaction%3Dlightbox%26settings%3DeyJpZCI6IjE1MzQzIiwidXJsIjoiaHR0cHM6XC9cL2Jsb2dzYXZlcnJvZXMuanVudGFkZWFuZGFsdWNpYS5lc1wvY2VpcHNhbnNlYmFzdGlhbmRlbWlqYXNcL2ZpbGVzXC8yMDIzXC8wM1wvV2hhdHNBcHAtSW1hZ2UtMjAyMy0wMy0xNi1hdC0yMS4zNC41Mi5qcGVnIiwic2xpZGVzaG93IjoiYjhkNWY0NyJ9\" href=\"https:\/\/blogsaverroes.juntadeandalucia.es\/ceipsansebastiandemijas\/files\/2023\/03\/WhatsApp-Image-2023-03-16-at-21.34.52.jpeg\" rel=\"prettyPhoto[16753]\"><figure class=\"swiper-slide-inner\"><img decoding=\"async\" class=\"swiper-slide-image\" src=\"https:\/\/blogsaverroes.juntadeandalucia.es\/ceipsansebastiandemijas\/files\/2023\/03\/WhatsApp-Image-2023-03-16-at-21.34.52-150x150.jpeg\" alt=\"WhatsApp Image 2023-03-16 at 21.34.52\" \/><\/figure><\/a><\/div><div class=\"swiper-slide\" role=\"group\" aria-roledescription=\"slide\" aria-label=\"3 de 5\"><a data-elementor-open-lightbox=\"yes\" data-elementor-lightbox-slideshow=\"b8d5f47\" data-elementor-lightbox-title=\"WhatsApp Image 2023-03-16 at 21.34.52 (1)\" data-e-action-hash=\"#elementor-action%3Aaction%3Dlightbox%26settings%3DeyJpZCI6IjE1MzQyIiwidXJsIjoiaHR0cHM6XC9cL2Jsb2dzYXZlcnJvZXMuanVudGFkZWFuZGFsdWNpYS5lc1wvY2VpcHNhbnNlYmFzdGlhbmRlbWlqYXNcL2ZpbGVzXC8yMDIzXC8wM1wvV2hhdHNBcHAtSW1hZ2UtMjAyMy0wMy0xNi1hdC0yMS4zNC41Mi0xLmpwZWciLCJzbGlkZXNob3ciOiJiOGQ1ZjQ3In0%3D\" href=\"https:\/\/blogsaverroes.juntadeandalucia.es\/ceipsansebastiandemijas\/files\/2023\/03\/WhatsApp-Image-2023-03-16-at-21.34.52-1.jpeg\" rel=\"prettyPhoto[16753]\"><figure class=\"swiper-slide-inner\"><img decoding=\"async\" class=\"swiper-slide-image\" src=\"https:\/\/blogsaverroes.juntadeandalucia.es\/ceipsansebastiandemijas\/files\/2023\/03\/WhatsApp-Image-2023-03-16-at-21.34.52-1-150x150.jpeg\" alt=\"WhatsApp Image 2023-03-16 at 21.34.52 (1)\" \/><\/figure><\/a><\/div><div class=\"swiper-slide\" role=\"group\" aria-roledescription=\"slide\" aria-label=\"4 de 5\"><a data-elementor-open-lightbox=\"yes\" data-elementor-lightbox-slideshow=\"b8d5f47\" data-elementor-lightbox-title=\"WhatsApp Image 2023-03-16 at 21.34.51\" data-e-action-hash=\"#elementor-action%3Aaction%3Dlightbox%26settings%3DeyJpZCI6IjE1MzQxIiwidXJsIjoiaHR0cHM6XC9cL2Jsb2dzYXZlcnJvZXMuanVudGFkZWFuZGFsdWNpYS5lc1wvY2VpcHNhbnNlYmFzdGlhbmRlbWlqYXNcL2ZpbGVzXC8yMDIzXC8wM1wvV2hhdHNBcHAtSW1hZ2UtMjAyMy0wMy0xNi1hdC0yMS4zNC41MS5qcGVnIiwic2xpZGVzaG93IjoiYjhkNWY0NyJ9\" href=\"https:\/\/blogsaverroes.juntadeandalucia.es\/ceipsansebastiandemijas\/files\/2023\/03\/WhatsApp-Image-2023-03-16-at-21.34.51.jpeg\" rel=\"prettyPhoto[16753]\"><figure class=\"swiper-slide-inner\"><img decoding=\"async\" class=\"swiper-slide-image\" src=\"https:\/\/blogsaverroes.juntadeandalucia.es\/ceipsansebastiandemijas\/files\/2023\/03\/WhatsApp-Image-2023-03-16-at-21.34.51-150x150.jpeg\" alt=\"WhatsApp Image 2023-03-16 at 21.34.51\" \/><\/figure><\/a><\/div><div class=\"swiper-slide\" role=\"group\" aria-roledescription=\"slide\" aria-label=\"5 de 5\"><a data-elementor-open-lightbox=\"yes\" data-elementor-lightbox-slideshow=\"b8d5f47\" data-elementor-lightbox-title=\"WhatsApp Image 2023-03-16 at 21.33.40\" data-e-action-hash=\"#elementor-action%3Aaction%3Dlightbox%26settings%3DeyJpZCI6IjE1MzQwIiwidXJsIjoiaHR0cHM6XC9cL2Jsb2dzYXZlcnJvZXMuanVudGFkZWFuZGFsdWNpYS5lc1wvY2VpcHNhbnNlYmFzdGlhbmRlbWlqYXNcL2ZpbGVzXC8yMDIzXC8wM1wvV2hhdHNBcHAtSW1hZ2UtMjAyMy0wMy0xNi1hdC0yMS4zMy40MC5qcGVnIiwic2xpZGVzaG93IjoiYjhkNWY0NyJ9\" href=\"https:\/\/blogsaverroes.juntadeandalucia.es\/ceipsansebastiandemijas\/files\/2023\/03\/WhatsApp-Image-2023-03-16-at-21.33.40.jpeg\" rel=\"prettyPhoto[16753]\"><figure class=\"swiper-slide-inner\"><img decoding=\"async\" class=\"swiper-slide-image\" src=\"https:\/\/blogsaverroes.juntadeandalucia.es\/ceipsansebastiandemijas\/files\/2023\/03\/WhatsApp-Image-2023-03-16-at-21.33.40-150x150.jpeg\" alt=\"WhatsApp Image 2023-03-16 at 21.33.40\" \/><\/figure><\/a><\/div>\t\t\t<\/div>\n\t\t\t\t\t\t\t\n\t\t\t\t\t\t\t\t\t<\/div>\n\t\t\t\t\t\t<\/div>\n\t\t\t\t<\/div>\n\t\t\t\t\t<\/div>\n\t\t<\/div>\n\t\t\t\t\t<\/div>\n\t\t<\/section>\n\t\t\t\t<\/div>\n\t\t","protected":false},"excerpt":{"rendered":"<p>J\u00f3venes periodistas enMijas Comunicaci\u00f3n El pasado viernes 17 de marzo, el alumnado de 5\u00b0 visit\u00f3 Mijas Comunicaci\u00f3n. Los chicos y chicas pudieron aprender de primera mano los entresijos de la tele, la radio y el peri\u00f3dico local. A parte de lo bien que se lo han pasado convirti\u00e9ndose en periodistas, presentadores, locutores y realizadores por [&hellip;]<\/p>\n","protected":false},"author":8532,"featured_media":16754,"comment_status":"open","ping_status":"open","sticky":false,"template":"","format":"standard","meta":{"ngg_post_thumbnail":0,"footnotes":""},"categories":[2031357,2031303,2031304,2031305,2031339,49688,2031338],"tags":[],"aioseo_notices":[],"_links":{"self":[{"href":"https:\/\/blogsaverroes.juntadeandalucia.es\/ceipsansebastiandemijas\/wp-json\/wp\/v2\/posts\/16753"}],"collection":[{"href":"https:\/\/blogsaverroes.juntadeandalucia.es\/ceipsansebastiandemijas\/wp-json\/wp\/v2\/posts"}],"about":[{"href":"https:\/\/blogsaverroes.juntadeandalucia.es\/ceipsansebastiandemijas\/wp-json\/wp\/v2\/types\/post"}],"author":[{"embeddable":true,"href":"https:\/\/blogsaverroes.juntadeandalucia.es\/ceipsansebastiandemijas\/wp-json\/wp\/v2\/users\/8532"}],"replies":[{"embeddable":true,"href":"https:\/\/blogsaverroes.juntadeandalucia.es\/ceipsansebastiandemijas\/wp-json\/wp\/v2\/comments?post=16753"}],"version-history":[{"count":4,"href":"https:\/\/blogsaverroes.juntadeandalucia.es\/ceipsansebastiandemijas\/wp-json\/wp\/v2\/posts\/16753\/revisions"}],"predecessor-version":[{"id":16758,"href":"https:\/\/blogsaverroes.juntadeandalucia.es\/ceipsansebastiandemijas\/wp-json\/wp\/v2\/posts\/16753\/revisions\/16758"}],"wp:featuredmedia":[{"embeddable":true,"href":"https:\/\/blogsaverroes.juntadeandalucia.es\/ceipsansebastiandemijas\/wp-json\/wp\/v2\/media\/16754"}],"wp:attachment":[{"href":"https:\/\/blogsaverroes.juntadeandalucia.es\/ceipsansebastiandemijas\/wp-json\/wp\/v2\/media?parent=16753"}],"wp:term":[{"taxonomy":"category","embeddable":true,"href":"https:\/\/blogsaverroes.juntadeandalucia.es\/ceipsansebastiandemijas\/wp-json\/wp\/v2\/categories?post=16753"},{"taxonomy":"post_tag","embeddable":true,"href":"https:\/\/blogsaverroes.juntadeandalucia.es\/ceipsansebastiandemijas\/wp-json\/wp\/v2\/tags?post=16753"}],"curies":[{"name":"wp","href":"https:\/\/api.w.org\/{rel}","templated":true}]}}