{"id":16806,"date":"2023-04-01T07:36:10","date_gmt":"2023-04-01T07:36:10","guid":{"rendered":"https:\/\/blogsaverroes.juntadeandalucia.es\/ceipsansebastiandemijas\/?p=16806"},"modified":"2023-08-13T07:40:00","modified_gmt":"2023-08-13T07:40:00","slug":"tenteraras-2","status":"publish","type":"post","link":"https:\/\/blogsaverroes.juntadeandalucia.es\/ceipsansebastiandemijas\/tenteraras-2\/","title":{"rendered":"Tenterar\u00e1s 2"},"content":{"rendered":"\t\t<div data-elementor-type=\"wp-post\" data-elementor-id=\"16806\" class=\"elementor elementor-16806\">\n\t\t\t\t\t\t<section class=\"elementor-section elementor-top-section elementor-element elementor-element-d3aafe1 elementor-section-boxed elementor-section-height-default elementor-section-height-default\" data-id=\"d3aafe1\" data-element_type=\"section\">\n\t\t\t\t\t\t<div class=\"elementor-container elementor-column-gap-default\">\n\t\t\t\t\t<div class=\"elementor-column elementor-col-100 elementor-top-column elementor-element elementor-element-a87365a\" data-id=\"a87365a\" data-element_type=\"column\">\n\t\t\t<div class=\"elementor-widget-wrap elementor-element-populated\">\n\t\t\t\t\t\t<section class=\"elementor-section elementor-inner-section elementor-element elementor-element-81cdbbf elementor-section-boxed elementor-section-height-default elementor-section-height-default\" data-id=\"81cdbbf\" data-element_type=\"section\">\n\t\t\t\t\t\t<div class=\"elementor-container elementor-column-gap-default\">\n\t\t\t\t\t<div class=\"elementor-column elementor-col-50 elementor-inner-column elementor-element elementor-element-2603e61\" data-id=\"2603e61\" data-element_type=\"column\">\n\t\t\t<div class=\"elementor-widget-wrap elementor-element-populated\">\n\t\t\t\t\t\t<div class=\"elementor-element elementor-element-35416e7 elementor-widget elementor-widget-text-editor\" data-id=\"35416e7\" data-element_type=\"widget\" data-widget_type=\"text-editor.default\">\n\t\t\t\t<div class=\"elementor-widget-container\">\n\t\t\t\t\t\t\t\t\t<p>Ya tenemos el segundo n\u00famero de Tenterar\u00e1s, el peri\u00f3dico que mola m\u00e1s. Esperamos disfrut\u00e9is con su lectura. Felices vacaciones de Semana Santa!<\/p>\t\t\t\t\t\t\t\t<\/div>\n\t\t\t\t<\/div>\n\t\t\t\t\t<\/div>\n\t\t<\/div>\n\t\t\t\t<div class=\"elementor-column elementor-col-50 elementor-inner-column elementor-element elementor-element-e359c28\" data-id=\"e359c28\" data-element_type=\"column\">\n\t\t\t<div class=\"elementor-widget-wrap elementor-element-populated\">\n\t\t\t\t\t\t<div class=\"elementor-element elementor-element-517929e elementor-widget elementor-widget-image\" data-id=\"517929e\" data-element_type=\"widget\" data-widget_type=\"image.default\">\n\t\t\t\t<div class=\"elementor-widget-container\">\n\t\t\t\t\t\t\t\t\t\t\t\t\t\t\t\t<a href=\"https:\/\/www.calameo.com\/read\/0072079602f0af70163fe\" target=\"_blank\">\n\t\t\t\t\t\t\t<img decoding=\"async\" src=\"https:\/\/blogsaverroes.juntadeandalucia.es\/ceipsansebastiandemijas\/files\/elementor\/thumbs\/Captura-de-pantalla-de-2023-04-02-21-16-14-q4fo7ka5gzajz5gcrm7394qfqo2y1f87j1f5cf4xwa.png\" title=\"Captura de pantalla de 2023-04-02 21-16-14\" alt=\"Captura de pantalla de 2023-04-02 21-16-14\" class=\"elementor-animation-pulse-grow\" loading=\"lazy\" \/>\t\t\t\t\t\t\t\t<\/a>\n\t\t\t\t\t\t\t\t\t\t\t\t\t\t\t<\/div>\n\t\t\t\t<\/div>\n\t\t\t\t\t<\/div>\n\t\t<\/div>\n\t\t\t\t\t<\/div>\n\t\t<\/section>\n\t\t\t\t\t<\/div>\n\t\t<\/div>\n\t\t\t\t\t<\/div>\n\t\t<\/section>\n\t\t\t\t<\/div>\n\t\t","protected":false},"excerpt":{"rendered":"<p>Ya tenemos el segundo n\u00famero de Tenterar\u00e1s, el peri\u00f3dico que mola m\u00e1s. Esperamos disfrut\u00e9is con su lectura. Felices vacaciones de Semana Santa!<\/p>\n","protected":false},"author":8532,"featured_media":16808,"comment_status":"open","ping_status":"open","sticky":false,"template":"","format":"standard","meta":{"ngg_post_thumbnail":0,"footnotes":""},"categories":[2031341,49688,2031356],"tags":[],"aioseo_notices":[],"_links":{"self":[{"href":"https:\/\/blogsaverroes.juntadeandalucia.es\/ceipsansebastiandemijas\/wp-json\/wp\/v2\/posts\/16806"}],"collection":[{"href":"https:\/\/blogsaverroes.juntadeandalucia.es\/ceipsansebastiandemijas\/wp-json\/wp\/v2\/posts"}],"about":[{"href":"https:\/\/blogsaverroes.juntadeandalucia.es\/ceipsansebastiandemijas\/wp-json\/wp\/v2\/types\/post"}],"author":[{"embeddable":true,"href":"https:\/\/blogsaverroes.juntadeandalucia.es\/ceipsansebastiandemijas\/wp-json\/wp\/v2\/users\/8532"}],"replies":[{"embeddable":true,"href":"https:\/\/blogsaverroes.juntadeandalucia.es\/ceipsansebastiandemijas\/wp-json\/wp\/v2\/comments?post=16806"}],"version-history":[{"count":4,"href":"https:\/\/blogsaverroes.juntadeandalucia.es\/ceipsansebastiandemijas\/wp-json\/wp\/v2\/posts\/16806\/revisions"}],"predecessor-version":[{"id":16812,"href":"https:\/\/blogsaverroes.juntadeandalucia.es\/ceipsansebastiandemijas\/wp-json\/wp\/v2\/posts\/16806\/revisions\/16812"}],"wp:featuredmedia":[{"embeddable":true,"href":"https:\/\/blogsaverroes.juntadeandalucia.es\/ceipsansebastiandemijas\/wp-json\/wp\/v2\/media\/16808"}],"wp:attachment":[{"href":"https:\/\/blogsaverroes.juntadeandalucia.es\/ceipsansebastiandemijas\/wp-json\/wp\/v2\/media?parent=16806"}],"wp:term":[{"taxonomy":"category","embeddable":true,"href":"https:\/\/blogsaverroes.juntadeandalucia.es\/ceipsansebastiandemijas\/wp-json\/wp\/v2\/categories?post=16806"},{"taxonomy":"post_tag","embeddable":true,"href":"https:\/\/blogsaverroes.juntadeandalucia.es\/ceipsansebastiandemijas\/wp-json\/wp\/v2\/tags?post=16806"}],"curies":[{"name":"wp","href":"https:\/\/api.w.org\/{rel}","templated":true}]}}