{"id":18354,"date":"2023-11-27T08:06:06","date_gmt":"2023-11-27T08:06:06","guid":{"rendered":"https:\/\/blogsaverroes.juntadeandalucia.es\/ceipsansebastiandemijas\/?p=18354"},"modified":"2023-11-27T18:15:36","modified_gmt":"2023-11-27T18:15:36","slug":"empieza-el-programa-mas-deporte","status":"publish","type":"post","link":"https:\/\/blogsaverroes.juntadeandalucia.es\/ceipsansebastiandemijas\/empieza-el-programa-mas-deporte\/","title":{"rendered":"Empieza el programa: MAS DEPORTE"},"content":{"rendered":"\t\t<div data-elementor-type=\"wp-post\" data-elementor-id=\"18354\" class=\"elementor elementor-18354\">\n\t\t\t\t\t\t<section class=\"elementor-section elementor-top-section elementor-element elementor-element-a88a33e elementor-section-boxed elementor-section-height-default elementor-section-height-default\" data-id=\"a88a33e\" data-element_type=\"section\">\n\t\t\t\t\t\t<div class=\"elementor-container elementor-column-gap-default\">\n\t\t\t\t\t<div class=\"elementor-column elementor-col-100 elementor-top-column elementor-element elementor-element-91e7cb7\" data-id=\"91e7cb7\" data-element_type=\"column\">\n\t\t\t<div class=\"elementor-widget-wrap elementor-element-populated\">\n\t\t\t\t\t\t<div class=\"elementor-element elementor-element-259dc9a elementor-widget elementor-widget-heading\" data-id=\"259dc9a\" data-element_type=\"widget\" data-widget_type=\"heading.default\">\n\t\t\t\t<div class=\"elementor-widget-container\">\n\t\t\t\t\t<h2 class=\"elementor-heading-title elementor-size-default\"><a href=\"https:\/\/blogsaverroes.juntadeandalucia.es\/ceipsansebastiandemijas\/20n-dia-internacional-de-los-derechos-de-la-infancia\/\" target=\"_blank\">Empieza el programa:<br>MAS DEPORTE<\/a><\/h2>\t\t\t\t<\/div>\n\t\t\t\t<\/div>\n\t\t\t\t\t<\/div>\n\t\t<\/div>\n\t\t\t\t\t<\/div>\n\t\t<\/section>\n\t\t\t\t<section class=\"elementor-section elementor-top-section elementor-element elementor-element-3da690f elementor-section-boxed elementor-section-height-default elementor-section-height-default\" data-id=\"3da690f\" data-element_type=\"section\">\n\t\t\t\t\t\t<div class=\"elementor-container elementor-column-gap-default\">\n\t\t\t\t\t<div class=\"elementor-column elementor-col-100 elementor-top-column elementor-element elementor-element-2e6c146\" data-id=\"2e6c146\" data-element_type=\"column\">\n\t\t\t<div class=\"elementor-widget-wrap elementor-element-populated\">\n\t\t\t\t\t\t<section class=\"elementor-section elementor-inner-section elementor-element elementor-element-dcb2dab elementor-section-boxed elementor-section-height-default elementor-section-height-default\" data-id=\"dcb2dab\" data-element_type=\"section\">\n\t\t\t\t\t\t<div class=\"elementor-container elementor-column-gap-default\">\n\t\t\t\t\t<div class=\"elementor-column elementor-col-100 elementor-inner-column elementor-element elementor-element-4922de7\" data-id=\"4922de7\" data-element_type=\"column\">\n\t\t\t<div class=\"elementor-widget-wrap elementor-element-populated\">\n\t\t\t\t\t\t<div class=\"elementor-element elementor-element-55d5a38 elementor-widget elementor-widget-text-editor\" data-id=\"55d5a38\" data-element_type=\"widget\" data-widget_type=\"text-editor.default\">\n\t\t\t\t<div class=\"elementor-widget-container\">\n\t\t\t\t\t\t\t\t\t<div dir=\"auto\">\u00a1Estimadas familias!<\/div><div dir=\"auto\">Les recordamos que el <b>programa M\u00e1s Deporte<\/b> <b>comienza<\/b> el pr\u00f3ximo <b>lunes 27<\/b>.<\/div><div dir=\"auto\">Pueden <b>inscribir a sus hijos<\/b> a trav\u00e9s del enlace que les ha llegado por <b>Ipasen<\/b>\u00a0o pulsando <a href=\"https:\/\/docs.google.com\/forms\/d\/1qN-E0p4lE0_C9GgyJkA3irdNqdhgZ-9BHTX42FSPTQU\/edit?usp=drivesdk\" target=\"_blank\" rel=\"noopener\"><u><b>AQU\u00cd<\/b><\/u><\/a>.\u00a0<br \/>Si tienen alguna duda o problema pueden ponerse en contacto con la <b>responsable<\/b> del programa <b>M. \u00c1ngeles Cobos <\/b>a trav\u00e9s de <u>Ipasen<\/u> o por el siguiente <u>correo el\u00e9ctrico<\/u>: mcobrio738@g.educaand.es<\/div>\t\t\t\t\t\t\t\t<\/div>\n\t\t\t\t<\/div>\n\t\t\t\t\t<\/div>\n\t\t<\/div>\n\t\t\t\t\t<\/div>\n\t\t<\/section>\n\t\t\t\t<div class=\"elementor-element elementor-element-b079a47 elementor-widget elementor-widget-image\" data-id=\"b079a47\" data-element_type=\"widget\" data-widget_type=\"image.default\">\n\t\t\t\t<div class=\"elementor-widget-container\">\n\t\t\t\t\t\t\t\t\t\t\t\t\t\t\t\t<a href=\"https:\/\/blogsaverroes.juntadeandalucia.es\/ceipsansebastiandemijas\/files\/2023\/11\/Cartel-2023.jpg\" data-elementor-open-lightbox=\"yes\" data-elementor-lightbox-title=\"Cartel 2023\" data-e-action-hash=\"#elementor-action%3Aaction%3Dlightbox%26settings%3DeyJpZCI6IjE4MzAyIiwidXJsIjoiaHR0cHM6XC9cL2Jsb2dzYXZlcnJvZXMuanVudGFkZWFuZGFsdWNpYS5lc1wvY2VpcHNhbnNlYmFzdGlhbmRlbWlqYXNcL2ZpbGVzXC8yMDIzXC8xMVwvQ2FydGVsLTIwMjMuanBnIn0%3D\">\n\t\t\t\t\t\t\t<img fetchpriority=\"high\" decoding=\"async\" width=\"526\" height=\"813\" src=\"https:\/\/blogsaverroes.juntadeandalucia.es\/ceipsansebastiandemijas\/files\/2023\/11\/Cartel-2023.jpg\" class=\"elementor-animation-grow attachment-large size-large wp-image-18302\" alt=\"\" srcset=\"https:\/\/blogsaverroes.juntadeandalucia.es\/ceipsansebastiandemijas\/files\/2023\/11\/Cartel-2023.jpg 526w, https:\/\/blogsaverroes.juntadeandalucia.es\/ceipsansebastiandemijas\/files\/2023\/11\/Cartel-2023-194x300.jpg 194w, https:\/\/blogsaverroes.juntadeandalucia.es\/ceipsansebastiandemijas\/files\/2023\/11\/Cartel-2023-16x24.jpg 16w, https:\/\/blogsaverroes.juntadeandalucia.es\/ceipsansebastiandemijas\/files\/2023\/11\/Cartel-2023-23x36.jpg 23w, https:\/\/blogsaverroes.juntadeandalucia.es\/ceipsansebastiandemijas\/files\/2023\/11\/Cartel-2023-31x48.jpg 31w\" sizes=\"(max-width: 526px) 100vw, 526px\" \/>\t\t\t\t\t\t\t\t<\/a>\n\t\t\t\t\t\t\t\t\t\t\t\t\t\t\t<\/div>\n\t\t\t\t<\/div>\n\t\t\t\t\t<\/div>\n\t\t<\/div>\n\t\t\t\t\t<\/div>\n\t\t<\/section>\n\t\t\t\t<\/div>\n\t\t","protected":false},"excerpt":{"rendered":"<p>Empieza el programa:MAS DEPORTE \u00a1Estimadas familias!Les recordamos que el programa M\u00e1s Deporte comienza el pr\u00f3ximo lunes 27.Pueden inscribir a sus hijos a trav\u00e9s del enlace que les ha llegado por Ipasen\u00a0o pulsando AQU\u00cd.\u00a0Si tienen alguna duda o problema pueden ponerse en contacto con la responsable del programa M. \u00c1ngeles Cobos a trav\u00e9s de Ipasen o [&hellip;]<\/p>\n","protected":false},"author":18648,"featured_media":18302,"comment_status":"open","ping_status":"open","sticky":false,"template":"","format":"standard","meta":{"ngg_post_thumbnail":0,"footnotes":""},"categories":[2031341,2031339,2031317,49688],"tags":[],"aioseo_notices":[],"_links":{"self":[{"href":"https:\/\/blogsaverroes.juntadeandalucia.es\/ceipsansebastiandemijas\/wp-json\/wp\/v2\/posts\/18354"}],"collection":[{"href":"https:\/\/blogsaverroes.juntadeandalucia.es\/ceipsansebastiandemijas\/wp-json\/wp\/v2\/posts"}],"about":[{"href":"https:\/\/blogsaverroes.juntadeandalucia.es\/ceipsansebastiandemijas\/wp-json\/wp\/v2\/types\/post"}],"author":[{"embeddable":true,"href":"https:\/\/blogsaverroes.juntadeandalucia.es\/ceipsansebastiandemijas\/wp-json\/wp\/v2\/users\/18648"}],"replies":[{"embeddable":true,"href":"https:\/\/blogsaverroes.juntadeandalucia.es\/ceipsansebastiandemijas\/wp-json\/wp\/v2\/comments?post=18354"}],"version-history":[{"count":4,"href":"https:\/\/blogsaverroes.juntadeandalucia.es\/ceipsansebastiandemijas\/wp-json\/wp\/v2\/posts\/18354\/revisions"}],"predecessor-version":[{"id":18390,"href":"https:\/\/blogsaverroes.juntadeandalucia.es\/ceipsansebastiandemijas\/wp-json\/wp\/v2\/posts\/18354\/revisions\/18390"}],"wp:featuredmedia":[{"embeddable":true,"href":"https:\/\/blogsaverroes.juntadeandalucia.es\/ceipsansebastiandemijas\/wp-json\/wp\/v2\/media\/18302"}],"wp:attachment":[{"href":"https:\/\/blogsaverroes.juntadeandalucia.es\/ceipsansebastiandemijas\/wp-json\/wp\/v2\/media?parent=18354"}],"wp:term":[{"taxonomy":"category","embeddable":true,"href":"https:\/\/blogsaverroes.juntadeandalucia.es\/ceipsansebastiandemijas\/wp-json\/wp\/v2\/categories?post=18354"},{"taxonomy":"post_tag","embeddable":true,"href":"https:\/\/blogsaverroes.juntadeandalucia.es\/ceipsansebastiandemijas\/wp-json\/wp\/v2\/tags?post=18354"}],"curies":[{"name":"wp","href":"https:\/\/api.w.org\/{rel}","templated":true}]}}