{"id":21098,"date":"2024-11-21T22:09:37","date_gmt":"2024-11-21T22:09:37","guid":{"rendered":"https:\/\/blogsaverroes.juntadeandalucia.es\/ceipsansebastiandemijas\/?p=21098"},"modified":"2024-11-21T22:12:51","modified_gmt":"2024-11-21T22:12:51","slug":"dia-internacional-del-nino-y-la-nina","status":"publish","type":"post","link":"https:\/\/blogsaverroes.juntadeandalucia.es\/ceipsansebastiandemijas\/dia-internacional-del-nino-y-la-nina\/","title":{"rendered":"D\u00eda Internacional del Ni\u00f1o y la Ni\u00f1a"},"content":{"rendered":"\t\t<div data-elementor-type=\"wp-post\" data-elementor-id=\"21098\" class=\"elementor elementor-21098\">\n\t\t\t\t\t\t<section class=\"elementor-section elementor-top-section elementor-element elementor-element-68af96b elementor-section-boxed elementor-section-height-default elementor-section-height-default\" data-id=\"68af96b\" data-element_type=\"section\">\n\t\t\t\t\t\t<div class=\"elementor-container elementor-column-gap-default\">\n\t\t\t\t\t<div class=\"elementor-column elementor-col-100 elementor-top-column elementor-element elementor-element-5a0bc24\" data-id=\"5a0bc24\" data-element_type=\"column\">\n\t\t\t<div class=\"elementor-widget-wrap elementor-element-populated\">\n\t\t\t\t\t\t<div class=\"elementor-element elementor-element-e793ee5 elementor-widget elementor-widget-heading\" data-id=\"e793ee5\" data-element_type=\"widget\" data-widget_type=\"heading.default\">\n\t\t\t\t<div class=\"elementor-widget-container\">\n\t\t\t\t\t<h2 class=\"elementor-heading-title elementor-size-default\">D\u00eda de la Infancia<\/h2>\t\t\t\t<\/div>\n\t\t\t\t<\/div>\n\t\t\t\t\t<\/div>\n\t\t<\/div>\n\t\t\t\t\t<\/div>\n\t\t<\/section>\n\t\t\t\t<section class=\"elementor-section elementor-top-section elementor-element elementor-element-b62c516 elementor-section-boxed elementor-section-height-default elementor-section-height-default\" data-id=\"b62c516\" data-element_type=\"section\">\n\t\t\t\t\t\t<div class=\"elementor-container elementor-column-gap-default\">\n\t\t\t\t\t<div class=\"elementor-column elementor-col-100 elementor-top-column elementor-element elementor-element-53e784f\" data-id=\"53e784f\" data-element_type=\"column\">\n\t\t\t<div class=\"elementor-widget-wrap elementor-element-populated\">\n\t\t\t\t\t\t<section class=\"elementor-section elementor-inner-section elementor-element elementor-element-41c9e3a elementor-section-boxed elementor-section-height-default elementor-section-height-default\" data-id=\"41c9e3a\" data-element_type=\"section\">\n\t\t\t\t\t\t<div class=\"elementor-container elementor-column-gap-default\">\n\t\t\t\t\t<div class=\"elementor-column elementor-col-50 elementor-inner-column elementor-element elementor-element-aefc37b\" data-id=\"aefc37b\" data-element_type=\"column\">\n\t\t\t<div class=\"elementor-widget-wrap elementor-element-populated\">\n\t\t\t\t\t\t<div class=\"elementor-element elementor-element-966746a elementor-widget elementor-widget-text-editor\" data-id=\"966746a\" data-element_type=\"widget\" data-widget_type=\"text-editor.default\">\n\t\t\t\t<div class=\"elementor-widget-container\">\n\t\t\t\t\t\t\t\t\t<div dir=\"auto\"><span class=\"html-span xexx8yu x4uap5 x18d9i69 xkhd6sd x1hl2dhg x16tdsg8 x1vvkbs x3nfvp2 x1j61x8r x1fcty0u xdj266r xat24cr xgzva0m xhhsvwb xxymvpz xlup9mm x1kky2od\"><img decoding=\"async\" class=\"xz74otr\" src=\"https:\/\/static.xx.fbcdn.net\/images\/emoji.php\/v9\/t3f\/1\/16\/1f30d.png\" alt=\"\ud83c\udf0d\" width=\"16\" height=\"16\" \/><\/span><span class=\"html-span xexx8yu x4uap5 x18d9i69 xkhd6sd x1hl2dhg x16tdsg8 x1vvkbs x3nfvp2 x1j61x8r x1fcty0u xdj266r xat24cr xgzva0m xhhsvwb xxymvpz xlup9mm x1kky2od\"><img decoding=\"async\" class=\"xz74otr\" src=\"https:\/\/static.xx.fbcdn.net\/images\/emoji.php\/v9\/t8d\/1\/16\/1f467.png\" alt=\"\ud83d\udc67\" width=\"16\" height=\"16\" \/><\/span><span class=\"html-span xexx8yu x4uap5 x18d9i69 xkhd6sd x1hl2dhg x16tdsg8 x1vvkbs x3nfvp2 x1j61x8r x1fcty0u xdj266r xat24cr xgzva0m xhhsvwb xxymvpz xlup9mm x1kky2od\"><img decoding=\"async\" class=\"xz74otr\" src=\"https:\/\/static.xx.fbcdn.net\/images\/emoji.php\/v9\/tc\/1\/16\/1f466.png\" alt=\"\ud83d\udc66\" width=\"16\" height=\"16\" \/><\/span> Con motivo del D\u00eda Internacional del Ni\u00f1o y la Ni\u00f1a, el alumnado de 5\u00ba de primaria de Mijas se ha convertido en protagonista de un pleno muy especial. Representantes de los colegios La Cala, Mijas Pueblo y Las Lagunas debatieron sobre temas fundamentales para el futuro: el acoso escolar, el ahorro de agua y el cuidado de nuestro municipio. <span class=\"html-span xexx8yu x4uap5 x18d9i69 xkhd6sd x1hl2dhg x16tdsg8 x1vvkbs x3nfvp2 x1j61x8r x1fcty0u xdj266r xat24cr xgzva0m xhhsvwb xxymvpz xlup9mm x1kky2od\"><img loading=\"lazy\" decoding=\"async\" class=\"xz74otr\" src=\"https:\/\/static.xx.fbcdn.net\/images\/emoji.php\/v9\/t6e\/1\/16\/1f4ac.png\" alt=\"\ud83d\udcac\" width=\"16\" height=\"16\" \/><\/span><span class=\"html-span xexx8yu x4uap5 x18d9i69 xkhd6sd x1hl2dhg x16tdsg8 x1vvkbs x3nfvp2 x1j61x8r x1fcty0u xdj266r xat24cr xgzva0m xhhsvwb xxymvpz xlup9mm x1kky2od\"><img loading=\"lazy\" decoding=\"async\" class=\"xz74otr\" src=\"https:\/\/static.xx.fbcdn.net\/images\/emoji.php\/v9\/t42\/1\/16\/1f4a7.png\" alt=\"\ud83d\udca7\" width=\"16\" height=\"16\" \/><\/span><span class=\"html-span xexx8yu x4uap5 x18d9i69 xkhd6sd x1hl2dhg x16tdsg8 x1vvkbs x3nfvp2 x1j61x8r x1fcty0u xdj266r xat24cr xgzva0m xhhsvwb xxymvpz xlup9mm x1kky2od\"><img loading=\"lazy\" decoding=\"async\" class=\"xz74otr\" src=\"https:\/\/static.xx.fbcdn.net\/images\/emoji.php\/v9\/t69\/1\/16\/1f331.png\" alt=\"\ud83c\udf31\" width=\"16\" height=\"16\" \/><\/span><\/div><div dir=\"auto\">\u00a1Una experiencia \u00fanica para reflexionar, aprender y construir un mundo mejor desde la infancia! <span class=\"html-span xexx8yu x4uap5 x18d9i69 xkhd6sd x1hl2dhg x16tdsg8 x1vvkbs x3nfvp2 x1j61x8r x1fcty0u xdj266r xat24cr xgzva0m xhhsvwb xxymvpz xlup9mm x1kky2od\"><img loading=\"lazy\" decoding=\"async\" class=\"xz74otr\" src=\"https:\/\/static.xx.fbcdn.net\/images\/emoji.php\/v9\/t49\/1\/16\/1faf6.png\" alt=\"\ud83e\udef6\" width=\"16\" height=\"16\" \/><\/span> <span class=\"html-span xdj266r x11i5rnm xat24cr x1mh8g0r xexx8yu x4uap5 x18d9i69 xkhd6sd x1hl2dhg x16tdsg8 x1vvkbs\"><a class=\"x1i10hfl xjbqb8w x1ejq31n xd10rxx x1sy0etr x17r0tee x972fbf xcfux6l x1qhh985 xm0m39n x9f619 x1ypdohk xt0psk2 xe8uvvx xdj266r x11i5rnm xat24cr x1mh8g0r xexx8yu x4uap5 x18d9i69 xkhd6sd x16tdsg8 x1hl2dhg xggy1nq x1a2a7pz x1sur9pj xkrqix3 x1fey0fg x1s688f\" role=\"link\" href=\"https:\/\/www.facebook.com\/hashtag\/d%C3%ADadelni%C3%B1o?__eep__=6&amp;__cft__[0]=AZX6C5XSuANKHZHi8s0sQF-sHR_zdHUb_7u0fTemN8fkO4zb4WVXxLJRMe6O4IiyuQFEA88KIucbpmUuwc2La64LhvG_jjzeWu2iXXtNGbjCNstKTnr3K8NwlvQXcIGE2eQl0D15mzt3csGHXIWdgut0hcJJkhF5ek6eNq786LRnXg&amp;__tn__=*NK-R\">#D\u00edaDelNi\u00f1o<\/a><\/span> <span class=\"html-span xdj266r x11i5rnm xat24cr x1mh8g0r xexx8yu x4uap5 x18d9i69 xkhd6sd x1hl2dhg x16tdsg8 x1vvkbs\"><a class=\"x1i10hfl xjbqb8w x1ejq31n xd10rxx x1sy0etr x17r0tee x972fbf xcfux6l x1qhh985 xm0m39n x9f619 x1ypdohk xt0psk2 xe8uvvx xdj266r x11i5rnm xat24cr x1mh8g0r xexx8yu x4uap5 x18d9i69 xkhd6sd x16tdsg8 x1hl2dhg xggy1nq x1a2a7pz x1sur9pj xkrqix3 x1fey0fg x1s688f\" role=\"link\" href=\"https:\/\/www.facebook.com\/hashtag\/plenoinfantil?__eep__=6&amp;__cft__[0]=AZX6C5XSuANKHZHi8s0sQF-sHR_zdHUb_7u0fTemN8fkO4zb4WVXxLJRMe6O4IiyuQFEA88KIucbpmUuwc2La64LhvG_jjzeWu2iXXtNGbjCNstKTnr3K8NwlvQXcIGE2eQl0D15mzt3csGHXIWdgut0hcJJkhF5ek6eNq786LRnXg&amp;__tn__=*NK-R\">#PlenoInfantil<\/a><\/span> <span class=\"html-span xdj266r x11i5rnm xat24cr x1mh8g0r xexx8yu x4uap5 x18d9i69 xkhd6sd x1hl2dhg x16tdsg8 x1vvkbs\"><a class=\"x1i10hfl xjbqb8w x1ejq31n xd10rxx x1sy0etr x17r0tee x972fbf xcfux6l x1qhh985 xm0m39n x9f619 x1ypdohk xt0psk2 xe8uvvx xdj266r x11i5rnm xat24cr x1mh8g0r xexx8yu x4uap5 x18d9i69 xkhd6sd x16tdsg8 x1hl2dhg xggy1nq x1a2a7pz x1sur9pj xkrqix3 x1fey0fg x1s688f\" role=\"link\" href=\"https:\/\/www.facebook.com\/hashtag\/mijas?__eep__=6&amp;__cft__[0]=AZX6C5XSuANKHZHi8s0sQF-sHR_zdHUb_7u0fTemN8fkO4zb4WVXxLJRMe6O4IiyuQFEA88KIucbpmUuwc2La64LhvG_jjzeWu2iXXtNGbjCNstKTnr3K8NwlvQXcIGE2eQl0D15mzt3csGHXIWdgut0hcJJkhF5ek6eNq786LRnXg&amp;__tn__=*NK-R\">#Mijas<\/a><\/span> <span class=\"html-span xdj266r x11i5rnm xat24cr x1mh8g0r xexx8yu x4uap5 x18d9i69 xkhd6sd x1hl2dhg x16tdsg8 x1vvkbs\"><a class=\"x1i10hfl xjbqb8w x1ejq31n xd10rxx x1sy0etr x17r0tee x972fbf xcfux6l x1qhh985 xm0m39n x9f619 x1ypdohk xt0psk2 xe8uvvx xdj266r x11i5rnm xat24cr x1mh8g0r xexx8yu x4uap5 x18d9i69 xkhd6sd x16tdsg8 x1hl2dhg xggy1nq x1a2a7pz x1sur9pj xkrqix3 x1fey0fg x1s688f\" role=\"link\" href=\"https:\/\/www.facebook.com\/hashtag\/educaci%C3%B3nenacci%C3%B3n?__eep__=6&amp;__cft__[0]=AZX6C5XSuANKHZHi8s0sQF-sHR_zdHUb_7u0fTemN8fkO4zb4WVXxLJRMe6O4IiyuQFEA88KIucbpmUuwc2La64LhvG_jjzeWu2iXXtNGbjCNstKTnr3K8NwlvQXcIGE2eQl0D15mzt3csGHXIWdgut0hcJJkhF5ek6eNq786LRnXg&amp;__tn__=*NK-R\">#Educaci\u00f3nEnAcci\u00f3n<\/a><\/span><\/div>\t\t\t\t\t\t\t\t<\/div>\n\t\t\t\t<\/div>\n\t\t\t\t\t<\/div>\n\t\t<\/div>\n\t\t\t\t<div class=\"elementor-column elementor-col-50 elementor-inner-column elementor-element elementor-element-eeb408e\" data-id=\"eeb408e\" data-element_type=\"column\">\n\t\t\t<div class=\"elementor-widget-wrap elementor-element-populated\">\n\t\t\t\t\t\t<div class=\"elementor-element elementor-element-35052f6 elementor-widget elementor-widget-image\" data-id=\"35052f6\" data-element_type=\"widget\" data-widget_type=\"image.default\">\n\t\t\t\t<div class=\"elementor-widget-container\">\n\t\t\t\t\t\t\t\t\t\t\t\t\t\t\t<img loading=\"lazy\" decoding=\"async\" width=\"1024\" height=\"768\" src=\"https:\/\/blogsaverroes.juntadeandalucia.es\/ceipsansebastiandemijas\/files\/2024\/11\/Dia-de-la-Infancia-01-1024x768.jpg\" class=\"attachment-large size-large wp-image-21104\" alt=\"\" srcset=\"https:\/\/blogsaverroes.juntadeandalucia.es\/ceipsansebastiandemijas\/files\/2024\/11\/Dia-de-la-Infancia-01-1024x768.jpg 1024w, https:\/\/blogsaverroes.juntadeandalucia.es\/ceipsansebastiandemijas\/files\/2024\/11\/Dia-de-la-Infancia-01-300x225.jpg 300w, https:\/\/blogsaverroes.juntadeandalucia.es\/ceipsansebastiandemijas\/files\/2024\/11\/Dia-de-la-Infancia-01-768x576.jpg 768w, https:\/\/blogsaverroes.juntadeandalucia.es\/ceipsansebastiandemijas\/files\/2024\/11\/Dia-de-la-Infancia-01.jpg 1440w\" sizes=\"(max-width: 1024px) 100vw, 1024px\" \/>\t\t\t\t\t\t\t\t\t\t\t\t\t\t\t<\/div>\n\t\t\t\t<\/div>\n\t\t\t\t\t<\/div>\n\t\t<\/div>\n\t\t\t\t\t<\/div>\n\t\t<\/section>\n\t\t\t\t\t<\/div>\n\t\t<\/div>\n\t\t\t\t\t<\/div>\n\t\t<\/section>\n\t\t\t\t<section class=\"elementor-section elementor-top-section elementor-element elementor-element-4482755 elementor-section-boxed elementor-section-height-default elementor-section-height-default\" data-id=\"4482755\" data-element_type=\"section\">\n\t\t\t\t\t\t<div class=\"elementor-container elementor-column-gap-default\">\n\t\t\t\t\t<div class=\"elementor-column elementor-col-100 elementor-top-column elementor-element elementor-element-e4ff2f6\" data-id=\"e4ff2f6\" data-element_type=\"column\">\n\t\t\t<div class=\"elementor-widget-wrap elementor-element-populated\">\n\t\t\t\t\t\t<div class=\"elementor-element elementor-element-a120d04 elementor-arrows-position-inside elementor-pagination-position-outside elementor-widget elementor-widget-image-carousel\" data-id=\"a120d04\" data-element_type=\"widget\" data-settings=\"{&quot;navigation&quot;:&quot;both&quot;,&quot;autoplay&quot;:&quot;yes&quot;,&quot;pause_on_hover&quot;:&quot;yes&quot;,&quot;pause_on_interaction&quot;:&quot;yes&quot;,&quot;autoplay_speed&quot;:5000,&quot;infinite&quot;:&quot;yes&quot;,&quot;speed&quot;:500}\" data-widget_type=\"image-carousel.default\">\n\t\t\t\t<div class=\"elementor-widget-container\">\n\t\t\t\t\t\t\t<div class=\"elementor-image-carousel-wrapper swiper\" role=\"region\" aria-roledescription=\"carousel\" aria-label=\"Carrusel de im\u00e1genes\" dir=\"ltr\">\n\t\t\t<div class=\"elementor-image-carousel swiper-wrapper\" aria-live=\"off\">\n\t\t\t\t\t\t\t\t<div class=\"swiper-slide\" role=\"group\" aria-roledescription=\"slide\" aria-label=\"1 de 4\"><figure class=\"swiper-slide-inner\"><img decoding=\"async\" class=\"swiper-slide-image\" src=\"https:\/\/blogsaverroes.juntadeandalucia.es\/ceipsansebastiandemijas\/files\/2024\/11\/Dia-de-la-Infancia-02-300x225.jpg\" alt=\"D\u00eda de la Infancia 02\" \/><\/figure><\/div><div class=\"swiper-slide\" role=\"group\" aria-roledescription=\"slide\" aria-label=\"2 de 4\"><figure class=\"swiper-slide-inner\"><img decoding=\"async\" class=\"swiper-slide-image\" src=\"https:\/\/blogsaverroes.juntadeandalucia.es\/ceipsansebastiandemijas\/files\/2024\/11\/Dia-de-la-Infancia-03-300x225.jpg\" alt=\"D\u00eda de la Infancia 03\" \/><\/figure><\/div><div class=\"swiper-slide\" role=\"group\" aria-roledescription=\"slide\" aria-label=\"3 de 4\"><figure class=\"swiper-slide-inner\"><img decoding=\"async\" class=\"swiper-slide-image\" src=\"https:\/\/blogsaverroes.juntadeandalucia.es\/ceipsansebastiandemijas\/files\/2024\/11\/Dia-de-la-Infancia-04-300x225.jpg\" alt=\"D\u00eda de la Infancia 04\" \/><\/figure><\/div><div class=\"swiper-slide\" role=\"group\" aria-roledescription=\"slide\" aria-label=\"4 de 4\"><figure class=\"swiper-slide-inner\"><img decoding=\"async\" class=\"swiper-slide-image\" src=\"https:\/\/blogsaverroes.juntadeandalucia.es\/ceipsansebastiandemijas\/files\/2024\/11\/Dia-de-la-Infancia-05-300x225.jpg\" alt=\"D\u00eda de la Infancia 05\" \/><\/figure><\/div>\t\t\t<\/div>\n\t\t\t\t\t\t\t\t\t\t\t\t<div class=\"elementor-swiper-button elementor-swiper-button-prev\" role=\"button\" tabindex=\"0\">\n\t\t\t\t\t\t<i aria-hidden=\"true\" class=\"eicon-chevron-left\"><\/i>\t\t\t\t\t<\/div>\n\t\t\t\t\t<div class=\"elementor-swiper-button elementor-swiper-button-next\" role=\"button\" tabindex=\"0\">\n\t\t\t\t\t\t<i aria-hidden=\"true\" class=\"eicon-chevron-right\"><\/i>\t\t\t\t\t<\/div>\n\t\t\t\t\n\t\t\t\t\t\t\t\t\t<div class=\"swiper-pagination\"><\/div>\n\t\t\t\t\t\t\t\t\t<\/div>\n\t\t\t\t\t\t<\/div>\n\t\t\t\t<\/div>\n\t\t\t\t\t<\/div>\n\t\t<\/div>\n\t\t\t\t\t<\/div>\n\t\t<\/section>\n\t\t\t\t<section class=\"elementor-section elementor-top-section elementor-element elementor-element-e73b1c1 elementor-section-boxed elementor-section-height-default elementor-section-height-default\" data-id=\"e73b1c1\" data-element_type=\"section\">\n\t\t\t\t\t\t<div class=\"elementor-container elementor-column-gap-default\">\n\t\t\t\t\t<div class=\"elementor-column elementor-col-100 elementor-top-column elementor-element elementor-element-0d6d8ff\" data-id=\"0d6d8ff\" data-element_type=\"column\">\n\t\t\t<div class=\"elementor-widget-wrap elementor-element-populated\">\n\t\t\t\t\t\t<div class=\"elementor-element elementor-element-297263f elementor-widget elementor-widget-image\" data-id=\"297263f\" data-element_type=\"widget\" data-widget_type=\"image.default\">\n\t\t\t\t<div class=\"elementor-widget-container\">\n\t\t\t\t\t\t\t\t\t\t\t\t\t\t\t<img loading=\"lazy\" decoding=\"async\" width=\"1024\" height=\"768\" src=\"https:\/\/blogsaverroes.juntadeandalucia.es\/ceipsansebastiandemijas\/files\/2024\/11\/Dia-de-la-Infancia-06-1024x768.jpg\" class=\"attachment-large size-large wp-image-21099\" alt=\"\" srcset=\"https:\/\/blogsaverroes.juntadeandalucia.es\/ceipsansebastiandemijas\/files\/2024\/11\/Dia-de-la-Infancia-06-1024x768.jpg 1024w, https:\/\/blogsaverroes.juntadeandalucia.es\/ceipsansebastiandemijas\/files\/2024\/11\/Dia-de-la-Infancia-06-300x225.jpg 300w, https:\/\/blogsaverroes.juntadeandalucia.es\/ceipsansebastiandemijas\/files\/2024\/11\/Dia-de-la-Infancia-06-768x576.jpg 768w, https:\/\/blogsaverroes.juntadeandalucia.es\/ceipsansebastiandemijas\/files\/2024\/11\/Dia-de-la-Infancia-06.jpg 1440w\" sizes=\"(max-width: 1024px) 100vw, 1024px\" \/>\t\t\t\t\t\t\t\t\t\t\t\t\t\t\t<\/div>\n\t\t\t\t<\/div>\n\t\t\t\t\t<\/div>\n\t\t<\/div>\n\t\t\t\t\t<\/div>\n\t\t<\/section>\n\t\t\t\t<\/div>\n\t\t","protected":false},"excerpt":{"rendered":"<p>D\u00eda de la Infancia Con motivo del D\u00eda Internacional del Ni\u00f1o y la Ni\u00f1a, el alumnado de 5\u00ba de primaria de Mijas se ha convertido en protagonista de un pleno muy especial. Representantes de los colegios La Cala, Mijas Pueblo y Las Lagunas debatieron sobre temas fundamentales para el futuro: el acoso escolar, el ahorro [&hellip;]<\/p>\n","protected":false},"author":8532,"featured_media":21104,"comment_status":"open","ping_status":"open","sticky":false,"template":"elementor_header_footer","format":"standard","meta":{"ngg_post_thumbnail":0,"footnotes":""},"categories":[2031303,2031304,2031305,2031341,176491,49688],"tags":[],"aioseo_notices":[],"_links":{"self":[{"href":"https:\/\/blogsaverroes.juntadeandalucia.es\/ceipsansebastiandemijas\/wp-json\/wp\/v2\/posts\/21098"}],"collection":[{"href":"https:\/\/blogsaverroes.juntadeandalucia.es\/ceipsansebastiandemijas\/wp-json\/wp\/v2\/posts"}],"about":[{"href":"https:\/\/blogsaverroes.juntadeandalucia.es\/ceipsansebastiandemijas\/wp-json\/wp\/v2\/types\/post"}],"author":[{"embeddable":true,"href":"https:\/\/blogsaverroes.juntadeandalucia.es\/ceipsansebastiandemijas\/wp-json\/wp\/v2\/users\/8532"}],"replies":[{"embeddable":true,"href":"https:\/\/blogsaverroes.juntadeandalucia.es\/ceipsansebastiandemijas\/wp-json\/wp\/v2\/comments?post=21098"}],"version-history":[{"count":4,"href":"https:\/\/blogsaverroes.juntadeandalucia.es\/ceipsansebastiandemijas\/wp-json\/wp\/v2\/posts\/21098\/revisions"}],"predecessor-version":[{"id":21108,"href":"https:\/\/blogsaverroes.juntadeandalucia.es\/ceipsansebastiandemijas\/wp-json\/wp\/v2\/posts\/21098\/revisions\/21108"}],"wp:featuredmedia":[{"embeddable":true,"href":"https:\/\/blogsaverroes.juntadeandalucia.es\/ceipsansebastiandemijas\/wp-json\/wp\/v2\/media\/21104"}],"wp:attachment":[{"href":"https:\/\/blogsaverroes.juntadeandalucia.es\/ceipsansebastiandemijas\/wp-json\/wp\/v2\/media?parent=21098"}],"wp:term":[{"taxonomy":"category","embeddable":true,"href":"https:\/\/blogsaverroes.juntadeandalucia.es\/ceipsansebastiandemijas\/wp-json\/wp\/v2\/categories?post=21098"},{"taxonomy":"post_tag","embeddable":true,"href":"https:\/\/blogsaverroes.juntadeandalucia.es\/ceipsansebastiandemijas\/wp-json\/wp\/v2\/tags?post=21098"}],"curies":[{"name":"wp","href":"https:\/\/api.w.org\/{rel}","templated":true}]}}