{"id":21353,"date":"2024-12-17T17:59:40","date_gmt":"2024-12-17T17:59:40","guid":{"rendered":"https:\/\/blogsaverroes.juntadeandalucia.es\/ceipsansebastiandemijas\/?p=21353"},"modified":"2024-12-17T18:00:51","modified_gmt":"2024-12-17T18:00:51","slug":"navidana","status":"publish","type":"post","link":"https:\/\/blogsaverroes.juntadeandalucia.es\/ceipsansebastiandemijas\/navidana\/","title":{"rendered":"Navidana"},"content":{"rendered":"\t\t<div data-elementor-type=\"wp-post\" data-elementor-id=\"21353\" class=\"elementor elementor-21353\">\n\t\t\t\t\t\t<section class=\"elementor-section elementor-top-section elementor-element elementor-element-55e2f58 elementor-section-boxed elementor-section-height-default elementor-section-height-default\" data-id=\"55e2f58\" data-element_type=\"section\">\n\t\t\t\t\t\t<div class=\"elementor-container elementor-column-gap-default\">\n\t\t\t\t\t<div class=\"elementor-column elementor-col-100 elementor-top-column elementor-element elementor-element-6f0ca53\" data-id=\"6f0ca53\" data-element_type=\"column\">\n\t\t\t<div class=\"elementor-widget-wrap elementor-element-populated\">\n\t\t\t\t\t\t<div class=\"elementor-element elementor-element-da8c2bc elementor-widget elementor-widget-heading\" data-id=\"da8c2bc\" data-element_type=\"widget\" data-widget_type=\"heading.default\">\n\t\t\t\t<div class=\"elementor-widget-container\">\n\t\t\t\t\t<h2 class=\"elementor-heading-title elementor-size-default\">NaviDana<\/h2>\t\t\t\t<\/div>\n\t\t\t\t<\/div>\n\t\t\t\t\t<\/div>\n\t\t<\/div>\n\t\t\t\t\t<\/div>\n\t\t<\/section>\n\t\t\t\t<section class=\"elementor-section elementor-top-section elementor-element elementor-element-f6cf62d elementor-section-boxed elementor-section-height-default elementor-section-height-default\" data-id=\"f6cf62d\" data-element_type=\"section\">\n\t\t\t\t\t\t<div class=\"elementor-container elementor-column-gap-default\">\n\t\t\t\t\t<div class=\"elementor-column elementor-col-50 elementor-top-column elementor-element elementor-element-9ae6025\" data-id=\"9ae6025\" data-element_type=\"column\">\n\t\t\t<div class=\"elementor-widget-wrap elementor-element-populated\">\n\t\t\t\t\t\t<div class=\"elementor-element elementor-element-836cc5d elementor-widget elementor-widget-text-editor\" data-id=\"836cc5d\" data-element_type=\"widget\" data-widget_type=\"text-editor.default\">\n\t\t\t\t<div class=\"elementor-widget-container\">\n\t\t\t\t\t\t\t\t\t<p>El alumnado del CEIP San Sebasti\u00e1n de Mijas ha participado en el proyecto NAVIDANA , que nos ha llegado desde Paiporta en Valencia. Para ello han pintado 132 estrellas que servir\u00e1n para adornar y alegrar una calle de esta poblacion, que ha sufrido y sigue sufriendo los efectos de la dana. . <br \/>Se va a limpiar y adornar una calle con estrellas pintadas por ni\u00f1os y ni\u00f1as de toda Espa\u00f1a, entre ellos los de nuestro cole. La idea es colgarlas y que \u00e9ste sea un espacio bonito de paseo y diversi\u00f3n y que tambi\u00e9n ellos puedan disfrutar estos d\u00edas de la Navidad.<br \/>Seguramente muchos habeis colaborado a trav\u00e9s de organizaciones. Desde el colegio San Sebastian contribuimos a poner una nota de alegr\u00eda y color en Paiporta y nos hacemos solidarios con ellos mand\u00e1ndoles mensajes de \u00e1nimo y deseos de felicidad.<\/p><p style=\"text-align: center\"><strong>FELIZ\u00a0NAVIDAD<\/strong><\/p>\t\t\t\t\t\t\t\t<\/div>\n\t\t\t\t<\/div>\n\t\t\t\t\t<\/div>\n\t\t<\/div>\n\t\t\t\t<div class=\"elementor-column elementor-col-50 elementor-top-column elementor-element elementor-element-37f0185\" data-id=\"37f0185\" data-element_type=\"column\">\n\t\t\t<div class=\"elementor-widget-wrap elementor-element-populated\">\n\t\t\t\t\t\t<div class=\"elementor-element elementor-element-c14234e elementor-widget elementor-widget-image\" data-id=\"c14234e\" data-element_type=\"widget\" data-widget_type=\"image.default\">\n\t\t\t\t<div class=\"elementor-widget-container\">\n\t\t\t\t\t\t\t\t\t\t\t\t\t\t\t<img fetchpriority=\"high\" decoding=\"async\" width=\"1024\" height=\"802\" src=\"https:\/\/blogsaverroes.juntadeandalucia.es\/ceipsansebastiandemijas\/files\/2024\/12\/Navidana-01-v2-1024x802.png\" class=\"attachment-large size-large wp-image-21345\" alt=\"\" srcset=\"https:\/\/blogsaverroes.juntadeandalucia.es\/ceipsansebastiandemijas\/files\/2024\/12\/Navidana-01-v2-1024x802.png 1024w, https:\/\/blogsaverroes.juntadeandalucia.es\/ceipsansebastiandemijas\/files\/2024\/12\/Navidana-01-v2-300x235.png 300w, https:\/\/blogsaverroes.juntadeandalucia.es\/ceipsansebastiandemijas\/files\/2024\/12\/Navidana-01-v2-768x602.png 768w, https:\/\/blogsaverroes.juntadeandalucia.es\/ceipsansebastiandemijas\/files\/2024\/12\/Navidana-01-v2.png 1472w\" sizes=\"(max-width: 1024px) 100vw, 1024px\" \/>\t\t\t\t\t\t\t\t\t\t\t\t\t\t\t<\/div>\n\t\t\t\t<\/div>\n\t\t\t\t<div class=\"elementor-element elementor-element-9aa146d elementor-widget elementor-widget-image\" data-id=\"9aa146d\" data-element_type=\"widget\" data-widget_type=\"image.default\">\n\t\t\t\t<div class=\"elementor-widget-container\">\n\t\t\t\t\t\t\t\t\t\t\t\t\t\t\t<img decoding=\"async\" src=\"https:\/\/blogsaverroes.juntadeandalucia.es\/ceipsansebastiandemijas\/files\/elementor\/thumbs\/Navidana-02-qynh4bfz7i1p6iymf1b48xh6plqm7z07erhcc65rco.jpg\" title=\"Navidana 02\" alt=\"Navidana 02\" loading=\"lazy\" \/>\t\t\t\t\t\t\t\t\t\t\t\t\t\t\t<\/div>\n\t\t\t\t<\/div>\n\t\t\t\t\t<\/div>\n\t\t<\/div>\n\t\t\t\t\t<\/div>\n\t\t<\/section>\n\t\t\t\t<\/div>\n\t\t","protected":false},"excerpt":{"rendered":"<p>NaviDana El alumnado del CEIP San Sebasti\u00e1n de Mijas ha participado en el proyecto NAVIDANA , que nos ha llegado desde Paiporta en Valencia. Para ello han pintado 132 estrellas que servir\u00e1n para adornar y alegrar una calle de esta poblacion, que ha sufrido y sigue sufriendo los efectos de la dana. . Se va [&hellip;]<\/p>\n","protected":false},"author":8532,"featured_media":21345,"comment_status":"open","ping_status":"open","sticky":false,"template":"elementor_header_footer","format":"standard","meta":{"ngg_post_thumbnail":0,"footnotes":""},"categories":[3981,49688,2031318],"tags":[],"aioseo_notices":[],"_links":{"self":[{"href":"https:\/\/blogsaverroes.juntadeandalucia.es\/ceipsansebastiandemijas\/wp-json\/wp\/v2\/posts\/21353"}],"collection":[{"href":"https:\/\/blogsaverroes.juntadeandalucia.es\/ceipsansebastiandemijas\/wp-json\/wp\/v2\/posts"}],"about":[{"href":"https:\/\/blogsaverroes.juntadeandalucia.es\/ceipsansebastiandemijas\/wp-json\/wp\/v2\/types\/post"}],"author":[{"embeddable":true,"href":"https:\/\/blogsaverroes.juntadeandalucia.es\/ceipsansebastiandemijas\/wp-json\/wp\/v2\/users\/8532"}],"replies":[{"embeddable":true,"href":"https:\/\/blogsaverroes.juntadeandalucia.es\/ceipsansebastiandemijas\/wp-json\/wp\/v2\/comments?post=21353"}],"version-history":[{"count":4,"href":"https:\/\/blogsaverroes.juntadeandalucia.es\/ceipsansebastiandemijas\/wp-json\/wp\/v2\/posts\/21353\/revisions"}],"predecessor-version":[{"id":21357,"href":"https:\/\/blogsaverroes.juntadeandalucia.es\/ceipsansebastiandemijas\/wp-json\/wp\/v2\/posts\/21353\/revisions\/21357"}],"wp:featuredmedia":[{"embeddable":true,"href":"https:\/\/blogsaverroes.juntadeandalucia.es\/ceipsansebastiandemijas\/wp-json\/wp\/v2\/media\/21345"}],"wp:attachment":[{"href":"https:\/\/blogsaverroes.juntadeandalucia.es\/ceipsansebastiandemijas\/wp-json\/wp\/v2\/media?parent=21353"}],"wp:term":[{"taxonomy":"category","embeddable":true,"href":"https:\/\/blogsaverroes.juntadeandalucia.es\/ceipsansebastiandemijas\/wp-json\/wp\/v2\/categories?post=21353"},{"taxonomy":"post_tag","embeddable":true,"href":"https:\/\/blogsaverroes.juntadeandalucia.es\/ceipsansebastiandemijas\/wp-json\/wp\/v2\/tags?post=21353"}],"curies":[{"name":"wp","href":"https:\/\/api.w.org\/{rel}","templated":true}]}}