{"id":3623,"date":"2020-02-20T21:19:13","date_gmt":"2020-02-20T21:19:13","guid":{"rendered":"https:\/\/blogsaverroes.juntadeandalucia.es\/ceipsansebastiandemijas\/?p=3623"},"modified":"2022-02-19T14:21:08","modified_gmt":"2022-02-19T14:21:08","slug":"esto-es-carnaval","status":"publish","type":"post","link":"https:\/\/blogsaverroes.juntadeandalucia.es\/ceipsansebastiandemijas\/esto-es-carnaval\/","title":{"rendered":"\u00a1Esto es, carnaval!"},"content":{"rendered":"<p><span style=\"font-size: 12pt\">Febrero se viste de carnaval un a\u00f1o m\u00e1s en el San Sebasti\u00e1n. Wonder Woman, Capit\u00e1n Am\u00e9rica, Batman, Superman, Spiderman, Harrie Potter y hasta Rosalia se han paseado por nuestras aulas a ritmo de chirigota.<\/span><\/p>\n<p>ngg_shortcode_0_placeholder<span style=\"font-size: 12pt\">Y hablando de chirigotas, el profe Rub\u00e9n nos trae de nuevo esas letras tan divertidas y carnavalescas con sus chicos y chicas, Los Pro-Chirigoteros.<\/span><\/p>\n<p>ngg_shortcode_1_placeholder<span style=\"font-size: 12pt\">Los alumnos y alumnas de sexto se despiden del cole y se preparan para enfrentarse al futuro cantando estas divertidas coplillas.<\/span><\/p>\n<p>&nbsp;<\/p>\n<div class=\"post-video\"><iframe title=\"Los Prochirigoteros\" width=\"1165\" height=\"655\" src=\"https:\/\/www.youtube.com\/embed\/tXtvEzx2DcI?feature=oembed\" frameborder=\"0\" allow=\"accelerometer; autoplay; clipboard-write; encrypted-media; gyroscope; picture-in-picture; web-share\" referrerpolicy=\"strict-origin-when-cross-origin\" allowfullscreen><\/iframe><\/div>\n","protected":false},"excerpt":{"rendered":"<p>Febrero se viste de carnaval un a\u00f1o m\u00e1s en el San Sebasti\u00e1n. Wonder Woman, Capit\u00e1n Am\u00e9rica, Batman, Superman, Spiderman, Harrie Potter y hasta Rosalia se han paseado por nuestras aulas a ritmo de chirigota. Y hablando de chirigotas, el profe Rub\u00e9n nos trae de nuevo esas letras tan divertidas y carnavalescas con sus chicos y [&hellip;]<\/p>\n","protected":false},"author":8532,"featured_media":3654,"comment_status":"closed","ping_status":"open","sticky":false,"template":"","format":"standard","meta":{"ngg_post_thumbnail":0,"footnotes":""},"categories":[2031341,176491,173,49688],"tags":[],"aioseo_notices":[],"_links":{"self":[{"href":"https:\/\/blogsaverroes.juntadeandalucia.es\/ceipsansebastiandemijas\/wp-json\/wp\/v2\/posts\/3623"}],"collection":[{"href":"https:\/\/blogsaverroes.juntadeandalucia.es\/ceipsansebastiandemijas\/wp-json\/wp\/v2\/posts"}],"about":[{"href":"https:\/\/blogsaverroes.juntadeandalucia.es\/ceipsansebastiandemijas\/wp-json\/wp\/v2\/types\/post"}],"author":[{"embeddable":true,"href":"https:\/\/blogsaverroes.juntadeandalucia.es\/ceipsansebastiandemijas\/wp-json\/wp\/v2\/users\/8532"}],"replies":[{"embeddable":true,"href":"https:\/\/blogsaverroes.juntadeandalucia.es\/ceipsansebastiandemijas\/wp-json\/wp\/v2\/comments?post=3623"}],"version-history":[{"count":5,"href":"https:\/\/blogsaverroes.juntadeandalucia.es\/ceipsansebastiandemijas\/wp-json\/wp\/v2\/posts\/3623\/revisions"}],"predecessor-version":[{"id":3674,"href":"https:\/\/blogsaverroes.juntadeandalucia.es\/ceipsansebastiandemijas\/wp-json\/wp\/v2\/posts\/3623\/revisions\/3674"}],"wp:featuredmedia":[{"embeddable":true,"href":"https:\/\/blogsaverroes.juntadeandalucia.es\/ceipsansebastiandemijas\/wp-json\/wp\/v2\/media\/3654"}],"wp:attachment":[{"href":"https:\/\/blogsaverroes.juntadeandalucia.es\/ceipsansebastiandemijas\/wp-json\/wp\/v2\/media?parent=3623"}],"wp:term":[{"taxonomy":"category","embeddable":true,"href":"https:\/\/blogsaverroes.juntadeandalucia.es\/ceipsansebastiandemijas\/wp-json\/wp\/v2\/categories?post=3623"},{"taxonomy":"post_tag","embeddable":true,"href":"https:\/\/blogsaverroes.juntadeandalucia.es\/ceipsansebastiandemijas\/wp-json\/wp\/v2\/tags?post=3623"}],"curies":[{"name":"wp","href":"https:\/\/api.w.org\/{rel}","templated":true}]}}