{"id":3786,"date":"2020-03-13T14:53:54","date_gmt":"2020-03-13T14:53:54","guid":{"rendered":"https:\/\/blogsaverroes.juntadeandalucia.es\/ceipsansebastiandemijas\/?p=3786"},"modified":"2020-09-06T18:20:31","modified_gmt":"2020-09-06T18:20:31","slug":"aviso-a-las-familias","status":"publish","type":"post","link":"https:\/\/blogsaverroes.juntadeandalucia.es\/ceipsansebastiandemijas\/aviso-a-las-familias\/","title":{"rendered":"AVISO A LAS FAMILIAS"},"content":{"rendered":"<p><span style=\"font-size: 12pt\">Estimadas familias. <\/span><\/p>\n<p><span style=\"font-size: 12pt\">Se informa siguiendo instrucciones de la Junta de Andaluc\u00eda, de la <\/span><\/p>\n<p style=\"text-align: center\"><span style=\"font-size: 14pt\"><strong>suspensi\u00f3n de la actividad docente presencial desde el 16 al 27 de marzo<\/strong><\/span><\/p>\n<p><span style=\"font-size: 12pt\">As\u00ed mismo se va a seguir con la tarea docente a trav\u00e9s de la web del Centro:<\/span><\/p>\n<p><span style=\"font-size: 12pt\"><a href=\"https:\/\/blogsaverroes.juntadeandalucia.es\/ceipsansebastiandemijas\/\">https:\/\/blogsaverroes.juntadeandalucia.es\/ceipsansebastiandemijas\/<\/a> <\/span><\/p>\n<p><a href=\"https:\/\/blogsaverroes.juntadeandalucia.es\/ceipsansebastiandemijas\/\" target=\"_blank\" rel=\"noopener noreferrer\"><img fetchpriority=\"high\" decoding=\"async\" class=\"alignnone wp-image-3792 size-full\" src=\"https:\/\/blogsaverroes.juntadeandalucia.es\/ceipsansebastiandemijas\/files\/2020\/03\/Mancheta.jpg\" alt=\"\" width=\"1275\" height=\"330\" srcset=\"https:\/\/blogsaverroes.juntadeandalucia.es\/ceipsansebastiandemijas\/files\/2020\/03\/Mancheta.jpg 1275w, https:\/\/blogsaverroes.juntadeandalucia.es\/ceipsansebastiandemijas\/files\/2020\/03\/Mancheta-300x78.jpg 300w, https:\/\/blogsaverroes.juntadeandalucia.es\/ceipsansebastiandemijas\/files\/2020\/03\/Mancheta-768x199.jpg 768w, https:\/\/blogsaverroes.juntadeandalucia.es\/ceipsansebastiandemijas\/files\/2020\/03\/Mancheta-1024x265.jpg 1024w, https:\/\/blogsaverroes.juntadeandalucia.es\/ceipsansebastiandemijas\/files\/2020\/03\/Mancheta-24x6.jpg 24w, https:\/\/blogsaverroes.juntadeandalucia.es\/ceipsansebastiandemijas\/files\/2020\/03\/Mancheta-36x9.jpg 36w, https:\/\/blogsaverroes.juntadeandalucia.es\/ceipsansebastiandemijas\/files\/2020\/03\/Mancheta-48x12.jpg 48w\" sizes=\"(max-width: 1275px) 100vw, 1275px\" \/><\/a><\/p>\n<p><span style=\"font-size: 12pt\">Tambi\u00e9n se utilizar\u00e1 para las comunicaciones la app Ipasen, as\u00ed como los grupos de clase de la red social Whatsapp. <\/span><\/p>\n<p><span style=\"font-size: 12pt\">Agradeci\u00e9ndoles su atenci\u00f3n reciban un cordial saludo.<\/span><\/p>\n","protected":false},"excerpt":{"rendered":"<p>Estimadas familias. Se informa siguiendo instrucciones de la Junta de Andaluc\u00eda, de la suspensi\u00f3n de la actividad docente presencial desde el 16 al 27 de marzo As\u00ed mismo se va a seguir con la tarea docente a trav\u00e9s de la web del Centro: https:\/\/blogsaverroes.juntadeandalucia.es\/ceipsansebastiandemijas\/ Tambi\u00e9n se utilizar\u00e1 para las comunicaciones la app Ipasen, as\u00ed como [&hellip;]<\/p>\n","protected":false},"author":8532,"featured_media":3764,"comment_status":"closed","ping_status":"closed","sticky":false,"template":"","format":"standard","meta":{"ngg_post_thumbnail":0,"footnotes":""},"categories":[526,49688],"tags":[],"aioseo_notices":[],"_links":{"self":[{"href":"https:\/\/blogsaverroes.juntadeandalucia.es\/ceipsansebastiandemijas\/wp-json\/wp\/v2\/posts\/3786"}],"collection":[{"href":"https:\/\/blogsaverroes.juntadeandalucia.es\/ceipsansebastiandemijas\/wp-json\/wp\/v2\/posts"}],"about":[{"href":"https:\/\/blogsaverroes.juntadeandalucia.es\/ceipsansebastiandemijas\/wp-json\/wp\/v2\/types\/post"}],"author":[{"embeddable":true,"href":"https:\/\/blogsaverroes.juntadeandalucia.es\/ceipsansebastiandemijas\/wp-json\/wp\/v2\/users\/8532"}],"replies":[{"embeddable":true,"href":"https:\/\/blogsaverroes.juntadeandalucia.es\/ceipsansebastiandemijas\/wp-json\/wp\/v2\/comments?post=3786"}],"version-history":[{"count":7,"href":"https:\/\/blogsaverroes.juntadeandalucia.es\/ceipsansebastiandemijas\/wp-json\/wp\/v2\/posts\/3786\/revisions"}],"predecessor-version":[{"id":6479,"href":"https:\/\/blogsaverroes.juntadeandalucia.es\/ceipsansebastiandemijas\/wp-json\/wp\/v2\/posts\/3786\/revisions\/6479"}],"wp:featuredmedia":[{"embeddable":true,"href":"https:\/\/blogsaverroes.juntadeandalucia.es\/ceipsansebastiandemijas\/wp-json\/wp\/v2\/media\/3764"}],"wp:attachment":[{"href":"https:\/\/blogsaverroes.juntadeandalucia.es\/ceipsansebastiandemijas\/wp-json\/wp\/v2\/media?parent=3786"}],"wp:term":[{"taxonomy":"category","embeddable":true,"href":"https:\/\/blogsaverroes.juntadeandalucia.es\/ceipsansebastiandemijas\/wp-json\/wp\/v2\/categories?post=3786"},{"taxonomy":"post_tag","embeddable":true,"href":"https:\/\/blogsaverroes.juntadeandalucia.es\/ceipsansebastiandemijas\/wp-json\/wp\/v2\/tags?post=3786"}],"curies":[{"name":"wp","href":"https:\/\/api.w.org\/{rel}","templated":true}]}}