{"id":3948,"date":"2020-03-14T11:06:40","date_gmt":"2020-03-14T11:06:40","guid":{"rendered":"https:\/\/blogsaverroes.juntadeandalucia.es\/ceipsansebastiandemijas\/?p=3948"},"modified":"2020-03-14T11:06:40","modified_gmt":"2020-03-14T11:06:40","slug":"educacion-a-distancia","status":"publish","type":"post","link":"https:\/\/blogsaverroes.juntadeandalucia.es\/ceipsansebastiandemijas\/educacion-a-distancia\/","title":{"rendered":"Educaci\u00f3n a distancia"},"content":{"rendered":"<p><span style=\"font-size: 14pt\">El pr\u00f3ximo lunes, y debido al famoso Coronavir\u00fas, comenzamos una nueva modalidad de educaci\u00f3n:<\/span><\/p>\n<p style=\"text-align: center\"><span style=\"font-size: 16pt\"><strong>La educaci\u00f3n a distancia<\/strong><\/span><\/p>\n<p><span style=\"font-size: 14pt\">En nuestra web podr\u00e9is encontrar los mensajes y contenidos de vuestras maestras y maestros para los pr\u00f3ximos d\u00edas.<\/span><\/p>\n<p><span style=\"font-size: 14pt\">En el men\u00fa superior, y seleccionando vuestros cursos, acceder\u00e9is a las diversas actividades y ejercicios que se ir\u00e1n colgando para estas, esperemos, dos semanas.<\/span><\/p>\nngg_shortcode_0_placeholder\n<p style=\"text-align: center\"><span style=\"font-size: 16pt\">Adem\u00e1s de est\u00e1s actividades no te olvides de leer todos los d\u00edas <\/span><\/p>\n<p style=\"text-align: center\"><span style=\"font-size: 16pt\">(y ayudar en casa, jugar y descansar)<\/span><\/p>\n<p style=\"text-align: center\"><span style=\"font-size: 16pt\">\u00a1Nos vemos pronto!<\/span><\/p>\n","protected":false},"excerpt":{"rendered":"<p>El pr\u00f3ximo lunes, y debido al famoso Coronavir\u00fas, comenzamos una nueva modalidad de educaci\u00f3n: La educaci\u00f3n a distancia En nuestra web podr\u00e9is encontrar los mensajes y contenidos de vuestras maestras y maestros para los pr\u00f3ximos d\u00edas. En el men\u00fa superior, y seleccionando vuestros cursos, acceder\u00e9is a las diversas actividades y ejercicios que se ir\u00e1n colgando [&hellip;]<\/p>\n","protected":false},"author":8532,"featured_media":3952,"comment_status":"closed","ping_status":"closed","sticky":false,"template":"","format":"standard","meta":{"ngg_post_thumbnail":0,"footnotes":""},"categories":[526,49688],"tags":[],"aioseo_notices":[],"_links":{"self":[{"href":"https:\/\/blogsaverroes.juntadeandalucia.es\/ceipsansebastiandemijas\/wp-json\/wp\/v2\/posts\/3948"}],"collection":[{"href":"https:\/\/blogsaverroes.juntadeandalucia.es\/ceipsansebastiandemijas\/wp-json\/wp\/v2\/posts"}],"about":[{"href":"https:\/\/blogsaverroes.juntadeandalucia.es\/ceipsansebastiandemijas\/wp-json\/wp\/v2\/types\/post"}],"author":[{"embeddable":true,"href":"https:\/\/blogsaverroes.juntadeandalucia.es\/ceipsansebastiandemijas\/wp-json\/wp\/v2\/users\/8532"}],"replies":[{"embeddable":true,"href":"https:\/\/blogsaverroes.juntadeandalucia.es\/ceipsansebastiandemijas\/wp-json\/wp\/v2\/comments?post=3948"}],"version-history":[{"count":2,"href":"https:\/\/blogsaverroes.juntadeandalucia.es\/ceipsansebastiandemijas\/wp-json\/wp\/v2\/posts\/3948\/revisions"}],"predecessor-version":[{"id":3961,"href":"https:\/\/blogsaverroes.juntadeandalucia.es\/ceipsansebastiandemijas\/wp-json\/wp\/v2\/posts\/3948\/revisions\/3961"}],"wp:featuredmedia":[{"embeddable":true,"href":"https:\/\/blogsaverroes.juntadeandalucia.es\/ceipsansebastiandemijas\/wp-json\/wp\/v2\/media\/3952"}],"wp:attachment":[{"href":"https:\/\/blogsaverroes.juntadeandalucia.es\/ceipsansebastiandemijas\/wp-json\/wp\/v2\/media?parent=3948"}],"wp:term":[{"taxonomy":"category","embeddable":true,"href":"https:\/\/blogsaverroes.juntadeandalucia.es\/ceipsansebastiandemijas\/wp-json\/wp\/v2\/categories?post=3948"},{"taxonomy":"post_tag","embeddable":true,"href":"https:\/\/blogsaverroes.juntadeandalucia.es\/ceipsansebastiandemijas\/wp-json\/wp\/v2\/tags?post=3948"}],"curies":[{"name":"wp","href":"https:\/\/api.w.org\/{rel}","templated":true}]}}