{"id":4278,"date":"2020-03-16T06:34:25","date_gmt":"2020-03-16T06:34:25","guid":{"rendered":"https:\/\/blogsaverroes.juntadeandalucia.es\/ceipsansebastiandemijas\/?p=4278"},"modified":"2020-03-16T07:13:48","modified_gmt":"2020-03-16T07:13:48","slug":"bienvenidos-astronautas","status":"publish","type":"post","link":"https:\/\/blogsaverroes.juntadeandalucia.es\/ceipsansebastiandemijas\/bienvenidos-astronautas\/","title":{"rendered":"\u00a1Bienvenidos astronautas!"},"content":{"rendered":"<p>\u00a1Buenos d\u00edas!<\/p>\n<p>Todo ni\u00f1o\/a alguna vez so\u00f1\u00f3 con que se acabara el cole, pues vuestro deseo se ha cumplido, aunque sea por unos d\u00edas. Y aunque no nos guste mucho estar encerrado, es toda una experiencia. Pensad que somos como los astronautas que no pueden salir de su nave espacial y aun as\u00ed descubren nuevos mundos. Nosotros iremos juntos en este viaje y aprenderemos muchas cosas. No estamos de vacaciones, y por tanto, tenemos que seguir trabajando y aprendiendo, aunque seguro que os parece m\u00e1s divertido.<\/p>\n<p>No olvid\u00e9is de lo m\u00e1s importante, hay que alegrarse de las peque\u00f1as cosas que nos brinda la vida, y sobre todo, disfrutar en familia.<\/p>\n<p>&nbsp;<\/p>\n<p><strong>Instrucciones para nuestro viaje espacial<\/strong><\/p>\n<p>Durante este tiempo que estaremos aislados, vamos a intentar no perder el ritmo. Cada d\u00eda trabajaremos en funci\u00f3n a nuestro horario en La Tierra.<\/p>\n<p>Queridos tripulantes, tengo que deciros que somos diferentes comandantes, las responsables de esta misi\u00f3n y cada una dar\u00e1 sus instrucciones, las cuales deber\u00e9is seguir para cumplir con dicha misi\u00f3n. A la vuelta de nuestro viaje, veremos todo vuestro trabajo. Deb\u00e9is realizar toda la tarea que se os indique (ya sea en vuestro libro o en una hoja). Si no ten\u00e9is vuestros cuadernos (ya que todo no hemos podido llevarlo con nosotros en este viaje, pod\u00e9is hacerlo en una hoja (solo por una cara) y pegarlo en la libreta una vez que lleguemos a La Tierra. Cualquier duda o problema, no dud\u00e9is en contactar con la comandante Alicia.<\/p>\n<p>&nbsp;<\/p>\n<p>Pd. \u00bfSab\u00e9is que es lo mejor de nuestra nueva clase? \u00a1Que podemos estar trabajando en pijama!<\/p>\n<p>&nbsp;<\/p>\n<p><a href=\"https:\/\/blogsaverroes.juntadeandalucia.es\/ceipsansebastiandemijas\/files\/2020\/03\/astronauta.jpg\" rel=\"prettyPhoto[4278]\"><img fetchpriority=\"high\" decoding=\"async\" class=\"size-medium wp-image-4279 aligncenter\" src=\"https:\/\/blogsaverroes.juntadeandalucia.es\/ceipsansebastiandemijas\/files\/2020\/03\/astronauta-300x200.jpg\" alt=\"\" width=\"300\" height=\"200\" srcset=\"https:\/\/blogsaverroes.juntadeandalucia.es\/ceipsansebastiandemijas\/files\/2020\/03\/astronauta-300x200.jpg 300w, https:\/\/blogsaverroes.juntadeandalucia.es\/ceipsansebastiandemijas\/files\/2020\/03\/astronauta-768x512.jpg 768w, https:\/\/blogsaverroes.juntadeandalucia.es\/ceipsansebastiandemijas\/files\/2020\/03\/astronauta-24x16.jpg 24w, https:\/\/blogsaverroes.juntadeandalucia.es\/ceipsansebastiandemijas\/files\/2020\/03\/astronauta-36x24.jpg 36w, https:\/\/blogsaverroes.juntadeandalucia.es\/ceipsansebastiandemijas\/files\/2020\/03\/astronauta-48x32.jpg 48w, https:\/\/blogsaverroes.juntadeandalucia.es\/ceipsansebastiandemijas\/files\/2020\/03\/astronauta.jpg 800w\" sizes=\"(max-width: 300px) 100vw, 300px\" \/><\/a><\/p>\n<p>&nbsp;<\/p>\n","protected":false},"excerpt":{"rendered":"<p>\u00a1Buenos d\u00edas! Todo ni\u00f1o\/a alguna vez so\u00f1\u00f3 con que se acabara el cole, pues vuestro deseo se ha cumplido, aunque sea por unos d\u00edas. Y aunque no nos guste mucho estar encerrado, es toda una experiencia. Pensad que somos como los astronautas que no pueden salir de su nave espacial y aun as\u00ed descubren nuevos [&hellip;]<\/p>\n","protected":false},"author":8743,"featured_media":4279,"comment_status":"open","ping_status":"open","sticky":false,"template":"","format":"standard","meta":{"ngg_post_thumbnail":0,"footnotes":""},"categories":[2031296],"tags":[],"aioseo_notices":[],"_links":{"self":[{"href":"https:\/\/blogsaverroes.juntadeandalucia.es\/ceipsansebastiandemijas\/wp-json\/wp\/v2\/posts\/4278"}],"collection":[{"href":"https:\/\/blogsaverroes.juntadeandalucia.es\/ceipsansebastiandemijas\/wp-json\/wp\/v2\/posts"}],"about":[{"href":"https:\/\/blogsaverroes.juntadeandalucia.es\/ceipsansebastiandemijas\/wp-json\/wp\/v2\/types\/post"}],"author":[{"embeddable":true,"href":"https:\/\/blogsaverroes.juntadeandalucia.es\/ceipsansebastiandemijas\/wp-json\/wp\/v2\/users\/8743"}],"replies":[{"embeddable":true,"href":"https:\/\/blogsaverroes.juntadeandalucia.es\/ceipsansebastiandemijas\/wp-json\/wp\/v2\/comments?post=4278"}],"version-history":[{"count":4,"href":"https:\/\/blogsaverroes.juntadeandalucia.es\/ceipsansebastiandemijas\/wp-json\/wp\/v2\/posts\/4278\/revisions"}],"predecessor-version":[{"id":4286,"href":"https:\/\/blogsaverroes.juntadeandalucia.es\/ceipsansebastiandemijas\/wp-json\/wp\/v2\/posts\/4278\/revisions\/4286"}],"wp:featuredmedia":[{"embeddable":true,"href":"https:\/\/blogsaverroes.juntadeandalucia.es\/ceipsansebastiandemijas\/wp-json\/wp\/v2\/media\/4279"}],"wp:attachment":[{"href":"https:\/\/blogsaverroes.juntadeandalucia.es\/ceipsansebastiandemijas\/wp-json\/wp\/v2\/media?parent=4278"}],"wp:term":[{"taxonomy":"category","embeddable":true,"href":"https:\/\/blogsaverroes.juntadeandalucia.es\/ceipsansebastiandemijas\/wp-json\/wp\/v2\/categories?post=4278"},{"taxonomy":"post_tag","embeddable":true,"href":"https:\/\/blogsaverroes.juntadeandalucia.es\/ceipsansebastiandemijas\/wp-json\/wp\/v2\/tags?post=4278"}],"curies":[{"name":"wp","href":"https:\/\/api.w.org\/{rel}","templated":true}]}}