{"id":4692,"date":"2020-03-17T21:20:29","date_gmt":"2020-03-17T21:20:29","guid":{"rendered":"https:\/\/blogsaverroes.juntadeandalucia.es\/ceipsansebastiandemijas\/?p=4692"},"modified":"2020-03-17T23:24:18","modified_gmt":"2020-03-17T23:24:18","slug":"actividades-de-reli-para-infantil-de-5-anos","status":"publish","type":"post","link":"https:\/\/blogsaverroes.juntadeandalucia.es\/ceipsansebastiandemijas\/actividades-de-reli-para-infantil-de-5-anos\/","title":{"rendered":"5 a\u00f1os.- Actividades de reli para Infantil"},"content":{"rendered":"<p>&nbsp;<\/p>\n<p><span style=\"font-size: 16pt\">Hola chicos y chicas. <\/span><\/p>\n<p><span style=\"font-size: 16pt\">Estas im\u00e1genes son de la Semana Santa de Mijas, tu pueblo.<\/span><a href=\"https:\/\/blogsaverroes.juntadeandalucia.es\/ceipsansebastiandemijas\/files\/2020\/03\/samana-santa-mijas-4.jpg\" rel=\"prettyPhoto[4692]\"><img fetchpriority=\"high\" decoding=\"async\" class=\"alignnone size-full wp-image-4697\" src=\"https:\/\/blogsaverroes.juntadeandalucia.es\/ceipsansebastiandemijas\/files\/2020\/03\/samana-santa-mijas-4.jpg\" alt=\"\" width=\"250\" height=\"201\" srcset=\"https:\/\/blogsaverroes.juntadeandalucia.es\/ceipsansebastiandemijas\/files\/2020\/03\/samana-santa-mijas-4.jpg 250w, https:\/\/blogsaverroes.juntadeandalucia.es\/ceipsansebastiandemijas\/files\/2020\/03\/samana-santa-mijas-4-24x19.jpg 24w, https:\/\/blogsaverroes.juntadeandalucia.es\/ceipsansebastiandemijas\/files\/2020\/03\/samana-santa-mijas-4-36x29.jpg 36w, https:\/\/blogsaverroes.juntadeandalucia.es\/ceipsansebastiandemijas\/files\/2020\/03\/samana-santa-mijas-4-48x39.jpg 48w\" sizes=\"(max-width: 250px) 100vw, 250px\" \/><\/a> <a href=\"https:\/\/blogsaverroes.juntadeandalucia.es\/ceipsansebastiandemijas\/files\/2020\/03\/semana-santa-mijas-1.jpg\" rel=\"prettyPhoto[4692]\"><img decoding=\"async\" class=\"alignnone size-medium wp-image-4698\" src=\"https:\/\/blogsaverroes.juntadeandalucia.es\/ceipsansebastiandemijas\/files\/2020\/03\/semana-santa-mijas-1.jpg\" alt=\"\" width=\"287\" height=\"176\" srcset=\"https:\/\/blogsaverroes.juntadeandalucia.es\/ceipsansebastiandemijas\/files\/2020\/03\/semana-santa-mijas-1.jpg 287w, https:\/\/blogsaverroes.juntadeandalucia.es\/ceipsansebastiandemijas\/files\/2020\/03\/semana-santa-mijas-1-24x15.jpg 24w, https:\/\/blogsaverroes.juntadeandalucia.es\/ceipsansebastiandemijas\/files\/2020\/03\/semana-santa-mijas-1-36x22.jpg 36w, https:\/\/blogsaverroes.juntadeandalucia.es\/ceipsansebastiandemijas\/files\/2020\/03\/semana-santa-mijas-1-48x29.jpg 48w\" sizes=\"(max-width: 287px) 100vw, 287px\" \/><\/a> <a href=\"https:\/\/blogsaverroes.juntadeandalucia.es\/ceipsansebastiandemijas\/files\/2020\/03\/semana-santa-mijas-2.jpg\" rel=\"prettyPhoto[4692]\"><img decoding=\"async\" class=\"alignnone size-full wp-image-4699\" src=\"https:\/\/blogsaverroes.juntadeandalucia.es\/ceipsansebastiandemijas\/files\/2020\/03\/semana-santa-mijas-2.jpg\" alt=\"\" width=\"189\" height=\"267\" srcset=\"https:\/\/blogsaverroes.juntadeandalucia.es\/ceipsansebastiandemijas\/files\/2020\/03\/semana-santa-mijas-2.jpg 189w, https:\/\/blogsaverroes.juntadeandalucia.es\/ceipsansebastiandemijas\/files\/2020\/03\/semana-santa-mijas-2-17x24.jpg 17w, https:\/\/blogsaverroes.juntadeandalucia.es\/ceipsansebastiandemijas\/files\/2020\/03\/semana-santa-mijas-2-25x36.jpg 25w, https:\/\/blogsaverroes.juntadeandalucia.es\/ceipsansebastiandemijas\/files\/2020\/03\/semana-santa-mijas-2-34x48.jpg 34w\" sizes=\"(max-width: 189px) 100vw, 189px\" \/><\/a> <a href=\"https:\/\/blogsaverroes.juntadeandalucia.es\/ceipsansebastiandemijas\/files\/2020\/03\/semana-santa-mijas-3.jpg\" rel=\"prettyPhoto[4692]\"><img loading=\"lazy\" decoding=\"async\" class=\"alignnone size-full wp-image-4700\" src=\"https:\/\/blogsaverroes.juntadeandalucia.es\/ceipsansebastiandemijas\/files\/2020\/03\/semana-santa-mijas-3.jpg\" alt=\"\" width=\"262\" height=\"192\" srcset=\"https:\/\/blogsaverroes.juntadeandalucia.es\/ceipsansebastiandemijas\/files\/2020\/03\/semana-santa-mijas-3.jpg 262w, https:\/\/blogsaverroes.juntadeandalucia.es\/ceipsansebastiandemijas\/files\/2020\/03\/semana-santa-mijas-3-24x18.jpg 24w, https:\/\/blogsaverroes.juntadeandalucia.es\/ceipsansebastiandemijas\/files\/2020\/03\/semana-santa-mijas-3-36x26.jpg 36w, https:\/\/blogsaverroes.juntadeandalucia.es\/ceipsansebastiandemijas\/files\/2020\/03\/semana-santa-mijas-3-48x35.jpg 48w\" sizes=\"(max-width: 262px) 100vw, 262px\" \/><\/a><\/p>\n<p>&nbsp;<\/p>\n<p><span style=\"font-size: 16pt\">Y ahora un v\u00eddeo<\/span><\/p>\n<p>&nbsp;<\/p>\n<p><span style=\"font-size: 14pt\"><strong>Investiga los nombres de las im\u00e1genes. \u00bfSabes que calles va recorriendo la procesi\u00f3n en el video?<\/strong><\/span><\/p>\n<p>&nbsp;<\/p>\n<p><a href=\"https:\/\/youtu.be\/y0kFJcwv7l8\">https:\/\/youtu.be\/y0kFJcwv7l8<\/a><\/p>\n<p><span style=\"font-size: 14pt\">\u00bfQuieres hacer\u00a0 un nazareno ? Intenta descargarlo. Puedes colorear, recortar y pegar.<\/span><\/p>\n<p>&nbsp;<\/p>\n<p><a href=\"https:\/\/blogsaverroes.juntadeandalucia.es\/ceipsansebastiandemijas\/files\/2020\/03\/nazareno-BLANCO-Y-NEGRO-RECORTAR.gif\" rel=\"prettyPhoto[4692]\"><img loading=\"lazy\" decoding=\"async\" class=\"alignnone size-medium wp-image-4701\" src=\"https:\/\/blogsaverroes.juntadeandalucia.es\/ceipsansebastiandemijas\/files\/2020\/03\/nazareno-BLANCO-Y-NEGRO-RECORTAR-300x214.gif\" alt=\"\" width=\"300\" height=\"214\" srcset=\"https:\/\/blogsaverroes.juntadeandalucia.es\/ceipsansebastiandemijas\/files\/2020\/03\/nazareno-BLANCO-Y-NEGRO-RECORTAR-300x214.gif 300w, https:\/\/blogsaverroes.juntadeandalucia.es\/ceipsansebastiandemijas\/files\/2020\/03\/nazareno-BLANCO-Y-NEGRO-RECORTAR-768x549.gif 768w, https:\/\/blogsaverroes.juntadeandalucia.es\/ceipsansebastiandemijas\/files\/2020\/03\/nazareno-BLANCO-Y-NEGRO-RECORTAR-1024x732.gif 1024w, https:\/\/blogsaverroes.juntadeandalucia.es\/ceipsansebastiandemijas\/files\/2020\/03\/nazareno-BLANCO-Y-NEGRO-RECORTAR-24x17.gif 24w, https:\/\/blogsaverroes.juntadeandalucia.es\/ceipsansebastiandemijas\/files\/2020\/03\/nazareno-BLANCO-Y-NEGRO-RECORTAR-36x26.gif 36w, https:\/\/blogsaverroes.juntadeandalucia.es\/ceipsansebastiandemijas\/files\/2020\/03\/nazareno-BLANCO-Y-NEGRO-RECORTAR-48x34.gif 48w\" sizes=\"(max-width: 300px) 100vw, 300px\" \/><\/a><a href=\"https:\/\/www.google.com\/url?sa=i&amp;url=http%3A%2F%2Fwww.dibujalia.com%2Fdibujos-nazareno-recortable-3236.htm&amp;psig=AOvVaw2QIN3KKP1e6LhlluowjHWH&amp;ust=1584565780917000&amp;source=images&amp;cd=vfe&amp;ved=0CAIQjRxqFwoTCLCHyN61ougCFQAAAAAdAAAAABAJ\">https:\/\/www.google.com\/url?sa=i&amp;url=http%3A%2F%2Fwww.dibujalia.com%2Fdibujos-nazareno-recortable-3236.htm&amp;psig=AOvVaw2QIN3KKP1e6LhlluowjHWH&amp;ust=1584565780917000&amp;source=images&amp;cd=vfe&amp;ved=0CAIQjRxqFwoTCLCHyN61ougCFQAAAAAdAAAAABAJ<\/a><\/p>\n<p>&nbsp;<\/p>\n<p><span style=\"font-size: 18.6667px\">Un beso muy fuerte. Que lo pas\u00e9is bien.<\/span><\/p>\n","protected":false},"excerpt":{"rendered":"<p>&nbsp; Hola chicos y chicas. Estas im\u00e1genes son de la Semana Santa de Mijas, tu pueblo. &nbsp; Y ahora un v\u00eddeo &nbsp; Investiga los nombres de las im\u00e1genes. \u00bfSabes que calles va recorriendo la procesi\u00f3n en el video? &nbsp; \u00bfQuieres hacer\u00a0 un nazareno ? Intenta descargarlo. Puedes colorear, recortar y pegar. &nbsp; https:\/\/www.google.com\/url?sa=i&amp;url=http%3A%2F%2Fwww.dibujalia.com%2Fdibujos-nazareno-recortable-3236.htm&amp;psig=AOvVaw2QIN3KKP1e6LhlluowjHWH&amp;ust=1584565780917000&amp;source=images&amp;cd=vfe&amp;ved=0CAIQjRxqFwoTCLCHyN61ougCFQAAAAAdAAAAABAJ &nbsp; Un [&hellip;]<\/p>\n","protected":false},"author":8823,"featured_media":4651,"comment_status":"open","ping_status":"open","sticky":false,"template":"","format":"standard","meta":{"ngg_post_thumbnail":0,"footnotes":""},"categories":[2031290,2031291],"tags":[],"aioseo_notices":[],"_links":{"self":[{"href":"https:\/\/blogsaverroes.juntadeandalucia.es\/ceipsansebastiandemijas\/wp-json\/wp\/v2\/posts\/4692"}],"collection":[{"href":"https:\/\/blogsaverroes.juntadeandalucia.es\/ceipsansebastiandemijas\/wp-json\/wp\/v2\/posts"}],"about":[{"href":"https:\/\/blogsaverroes.juntadeandalucia.es\/ceipsansebastiandemijas\/wp-json\/wp\/v2\/types\/post"}],"author":[{"embeddable":true,"href":"https:\/\/blogsaverroes.juntadeandalucia.es\/ceipsansebastiandemijas\/wp-json\/wp\/v2\/users\/8823"}],"replies":[{"embeddable":true,"href":"https:\/\/blogsaverroes.juntadeandalucia.es\/ceipsansebastiandemijas\/wp-json\/wp\/v2\/comments?post=4692"}],"version-history":[{"count":2,"href":"https:\/\/blogsaverroes.juntadeandalucia.es\/ceipsansebastiandemijas\/wp-json\/wp\/v2\/posts\/4692\/revisions"}],"predecessor-version":[{"id":4714,"href":"https:\/\/blogsaverroes.juntadeandalucia.es\/ceipsansebastiandemijas\/wp-json\/wp\/v2\/posts\/4692\/revisions\/4714"}],"wp:featuredmedia":[{"embeddable":true,"href":"https:\/\/blogsaverroes.juntadeandalucia.es\/ceipsansebastiandemijas\/wp-json\/wp\/v2\/media\/4651"}],"wp:attachment":[{"href":"https:\/\/blogsaverroes.juntadeandalucia.es\/ceipsansebastiandemijas\/wp-json\/wp\/v2\/media?parent=4692"}],"wp:term":[{"taxonomy":"category","embeddable":true,"href":"https:\/\/blogsaverroes.juntadeandalucia.es\/ceipsansebastiandemijas\/wp-json\/wp\/v2\/categories?post=4692"},{"taxonomy":"post_tag","embeddable":true,"href":"https:\/\/blogsaverroes.juntadeandalucia.es\/ceipsansebastiandemijas\/wp-json\/wp\/v2\/tags?post=4692"}],"curies":[{"name":"wp","href":"https:\/\/api.w.org\/{rel}","templated":true}]}}