{"id":5117,"date":"2020-03-23T13:23:01","date_gmt":"2020-03-23T13:23:01","guid":{"rendered":"https:\/\/blogsaverroes.juntadeandalucia.es\/ceipsansebastiandemijas\/?p=5117"},"modified":"2020-03-23T17:46:39","modified_gmt":"2020-03-23T17:46:39","slug":"martes-24-marzo","status":"publish","type":"post","link":"https:\/\/blogsaverroes.juntadeandalucia.es\/ceipsansebastiandemijas\/martes-24-marzo\/","title":{"rendered":"3 a\u00f1os.- Martes 24 Marzo"},"content":{"rendered":"<p>Os enviamos las tareas para este martes 24 de Marzo.<\/p>\n<p><strong>Asamblea.<\/strong> Miramos el tiempo atmosf\u00e9rico que hace, en qu\u00e9 d\u00eda de la semana estamos. Canci\u00f3n de las partes de la cara (en mi cara redondita): <a href=\"https:\/\/www.youtube.com\/watch?v=MsHM0Fo3bxQ\">https:\/\/www.youtube.com\/watch?v=MsHM0Fo3bxQ\u00a0<\/a><\/p>\n<p><strong>Dibujamos nuestra cara.<\/strong> Sobre un c\u00edrculo u \u00f3valo que le dibujemos, los ni\u00f1os deber\u00e1n dibujar su cara mir\u00e1ndose a un espejo, fij\u00e1ndose muy bien de qu\u00e9 color tienen los ojos, el pelo, c\u00f3mo es la nariz,\u2026De forma que cuiden al m\u00e1ximo los detalles.<\/p>\n<p><strong>Actividad musical: <\/strong>\u00a0en esta actividad podemos diferenciar tres partes:<\/p>\n<ol>\n<li><u>AUDICI\u00d3N<\/u>\u00a0\u00abEn un Mercado Persa\u00bb de Ketelbey. Nos movemos libremente al ritmo de la m\u00fasica. <a href=\"https:\/\/www.youtube.com\/watch?v=2Nz1iYpVneM\">https:\/\/www.youtube.com\/watch?v=2Nz1iYpVneM<\/a><\/li>\n<li>Nos inventamos<u>\u00a0COREOGRAF\u00cdAS MUSICALES<\/u>. Con la canci\u00f3n \u201cQu\u00e9date en casa\u201d inventamos junto con nuestra familia los pasos para la canci\u00f3n, siendo creativos utilizando todas las partes de nuestro cuerpo y fijando una secuencia y un estribillo que se repita.\u00a0 <a href=\"https:\/\/www.youtube.com\/watch?v=A6E_Ggy-DlM\">https:\/\/www.youtube.com\/watch?v=A6E_Ggy-DlM<\/a><\/li>\n<li><u>RESPIRACI\u00d3N DE LA ABEJA<\/u>: Nos sentamos c\u00f3modamente y nos tapamos los o\u00ed<a href=\"https:\/\/blogsaverroes.juntadeandalucia.es\/ceipsansebastiandemijas\/files\/2020\/03\/abeja.jpg\" rel=\"prettyPhoto[5117]\"><img decoding=\"async\" class=\" wp-image-5118 alignright\" src=\"https:\/\/blogsaverroes.juntadeandalucia.es\/ceipsansebastiandemijas\/files\/2020\/03\/abeja-300x201.jpg\" alt=\"\" width=\"143\" height=\"96\" srcset=\"https:\/\/blogsaverroes.juntadeandalucia.es\/ceipsansebastiandemijas\/files\/2020\/03\/abeja-300x201.jpg 300w, https:\/\/blogsaverroes.juntadeandalucia.es\/ceipsansebastiandemijas\/files\/2020\/03\/abeja-24x16.jpg 24w, https:\/\/blogsaverroes.juntadeandalucia.es\/ceipsansebastiandemijas\/files\/2020\/03\/abeja-36x24.jpg 36w, https:\/\/blogsaverroes.juntadeandalucia.es\/ceipsansebastiandemijas\/files\/2020\/03\/abeja-48x32.jpg 48w, https:\/\/blogsaverroes.juntadeandalucia.es\/ceipsansebastiandemijas\/files\/2020\/03\/abeja.jpg 432w\" sizes=\"(max-width: 143px) 100vw, 143px\" \/><\/a>dos con el pulgar y nos tapamos los ojos con el resto de la mano. Inspiro profundamente y suelto el aire por la nariz pero haciendo el sonido de la eme, con la boca cerrada. Lo repetimos varias veces <a href=\"https:\/\/www.youtube.com\/watch?v=eSBjHB4ezGs\">https:\/\/www.youtube.com\/watch?v=eSBjHB4ezGs<\/a><\/li>\n<\/ol>\n","protected":false},"excerpt":{"rendered":"<p>Os enviamos las tareas para este martes 24 de Marzo. Asamblea. Miramos el tiempo atmosf\u00e9rico que hace, en qu\u00e9 d\u00eda de la semana estamos. Canci\u00f3n de las partes de la cara (en mi cara redondita): https:\/\/www.youtube.com\/watch?v=MsHM0Fo3bxQ\u00a0 Dibujamos nuestra cara. Sobre un c\u00edrculo u \u00f3valo que le dibujemos, los ni\u00f1os deber\u00e1n dibujar su cara mir\u00e1ndose a [&hellip;]<\/p>\n","protected":false},"author":8818,"featured_media":5119,"comment_status":"open","ping_status":"open","sticky":false,"template":"","format":"standard","meta":{"ngg_post_thumbnail":0,"footnotes":""},"categories":[2031286,2031287],"tags":[],"aioseo_notices":[],"_links":{"self":[{"href":"https:\/\/blogsaverroes.juntadeandalucia.es\/ceipsansebastiandemijas\/wp-json\/wp\/v2\/posts\/5117"}],"collection":[{"href":"https:\/\/blogsaverroes.juntadeandalucia.es\/ceipsansebastiandemijas\/wp-json\/wp\/v2\/posts"}],"about":[{"href":"https:\/\/blogsaverroes.juntadeandalucia.es\/ceipsansebastiandemijas\/wp-json\/wp\/v2\/types\/post"}],"author":[{"embeddable":true,"href":"https:\/\/blogsaverroes.juntadeandalucia.es\/ceipsansebastiandemijas\/wp-json\/wp\/v2\/users\/8818"}],"replies":[{"embeddable":true,"href":"https:\/\/blogsaverroes.juntadeandalucia.es\/ceipsansebastiandemijas\/wp-json\/wp\/v2\/comments?post=5117"}],"version-history":[{"count":2,"href":"https:\/\/blogsaverroes.juntadeandalucia.es\/ceipsansebastiandemijas\/wp-json\/wp\/v2\/posts\/5117\/revisions"}],"predecessor-version":[{"id":5130,"href":"https:\/\/blogsaverroes.juntadeandalucia.es\/ceipsansebastiandemijas\/wp-json\/wp\/v2\/posts\/5117\/revisions\/5130"}],"wp:featuredmedia":[{"embeddable":true,"href":"https:\/\/blogsaverroes.juntadeandalucia.es\/ceipsansebastiandemijas\/wp-json\/wp\/v2\/media\/5119"}],"wp:attachment":[{"href":"https:\/\/blogsaverroes.juntadeandalucia.es\/ceipsansebastiandemijas\/wp-json\/wp\/v2\/media?parent=5117"}],"wp:term":[{"taxonomy":"category","embeddable":true,"href":"https:\/\/blogsaverroes.juntadeandalucia.es\/ceipsansebastiandemijas\/wp-json\/wp\/v2\/categories?post=5117"},{"taxonomy":"post_tag","embeddable":true,"href":"https:\/\/blogsaverroes.juntadeandalucia.es\/ceipsansebastiandemijas\/wp-json\/wp\/v2\/tags?post=5117"}],"curies":[{"name":"wp","href":"https:\/\/api.w.org\/{rel}","templated":true}]}}