{"id":5331,"date":"2020-03-28T14:17:04","date_gmt":"2020-03-28T14:17:04","guid":{"rendered":"https:\/\/blogsaverroes.juntadeandalucia.es\/ceipsansebastiandemijas\/?p=5331"},"modified":"2020-03-29T18:31:04","modified_gmt":"2020-03-29T18:31:04","slug":"cuarto-lunes-30-de-marzo","status":"publish","type":"post","link":"https:\/\/blogsaverroes.juntadeandalucia.es\/ceipsansebastiandemijas\/cuarto-lunes-30-de-marzo\/","title":{"rendered":"Cuarto.- Lunes 30 de marzo"},"content":{"rendered":"<p><a href=\"https:\/\/blogsaverroes.juntadeandalucia.es\/ceipsansebastiandemijas\/files\/2020\/03\/accion.jpg\" rel=\"prettyPhoto[5331]\"><img fetchpriority=\"high\" decoding=\"async\" class=\"alignnone size-medium wp-image-5332\" src=\"https:\/\/blogsaverroes.juntadeandalucia.es\/ceipsansebastiandemijas\/files\/2020\/03\/accion-300x300.jpg\" alt=\"\" width=\"300\" height=\"300\" srcset=\"https:\/\/blogsaverroes.juntadeandalucia.es\/ceipsansebastiandemijas\/files\/2020\/03\/accion-300x300.jpg 300w, https:\/\/blogsaverroes.juntadeandalucia.es\/ceipsansebastiandemijas\/files\/2020\/03\/accion-150x150.jpg 150w, https:\/\/blogsaverroes.juntadeandalucia.es\/ceipsansebastiandemijas\/files\/2020\/03\/accion-768x768.jpg 768w, https:\/\/blogsaverroes.juntadeandalucia.es\/ceipsansebastiandemijas\/files\/2020\/03\/accion-1024x1024.jpg 1024w, https:\/\/blogsaverroes.juntadeandalucia.es\/ceipsansebastiandemijas\/files\/2020\/03\/accion-100x100.jpg 100w, https:\/\/blogsaverroes.juntadeandalucia.es\/ceipsansebastiandemijas\/files\/2020\/03\/accion-24x24.jpg 24w, https:\/\/blogsaverroes.juntadeandalucia.es\/ceipsansebastiandemijas\/files\/2020\/03\/accion-36x36.jpg 36w, https:\/\/blogsaverroes.juntadeandalucia.es\/ceipsansebastiandemijas\/files\/2020\/03\/accion-48x48.jpg 48w, https:\/\/blogsaverroes.juntadeandalucia.es\/ceipsansebastiandemijas\/files\/2020\/03\/accion.jpg 1200w\" sizes=\"(max-width: 300px) 100vw, 300px\" \/><\/a><\/p>\n<p>Quer\u00eda escribirte las m\u00e1s bellas frases de buenos d\u00edas, pero como no soy poeta, espero que con este saludo seas feliz. \u00a1Date prisa y espab\u00cdlate que llegas tarde!. Fuente: <a href=\"https:\/\/frases.top\/frases-chistosas-graciosas\/buenos-dias-graciosos-chistosos\/\">https:\/\/frases.top\/frases-chistosas-graciosas\/buenos-dias-graciosos-chistosos\/<\/a> (Protegido bajo Licencia Creative Commons).<\/p>\n<p>Espero que lo pasarais bien este fin de semana y pudierais cargar las pilas para esta \u00faltima semana antes de las vacaciones.<\/p>\n<p>Aqu\u00ed os dejamos el planning de la semana:<\/p>\n<p><a href=\"https:\/\/blogsaverroes.juntadeandalucia.es\/ceipsansebastiandemijas\/files\/2020\/03\/planing-30-3-de-abril.pdf\">planing-30-3 de abril<\/a><\/p>\n<p>Y las tareas del d\u00eda de hoy:<\/p>\n<p>Lengua:<\/p>\n<p>Mates:<\/p>\n<p>En\u00a0 mates tenemos un peque\u00f1o repaso de c\u00f3mo multiplicar y dividir por 10, 100 y 1000 y luego introduciremos los n\u00fameros decimales. Espero que os gusten los v\u00eddeos y lo entend\u00e1is.<\/p>\n<p><a href=\"https:\/\/blogsaverroes.juntadeandalucia.es\/ceipsansebastiandemijas\/files\/2020\/03\/LUNES-30-DE-MARZO.pdf\">LUNES 30 DE MARZO<\/a><\/p>\n<p>&nbsp;<\/p>\n<p>Un saludo- TODO VA A SALIR BIEN<\/p>\n","protected":false},"excerpt":{"rendered":"<p>Quer\u00eda escribirte las m\u00e1s bellas frases de buenos d\u00edas, pero como no soy poeta, espero que con este saludo seas feliz. \u00a1Date prisa y espab\u00cdlate que llegas tarde!. Fuente: https:\/\/frases.top\/frases-chistosas-graciosas\/buenos-dias-graciosos-chistosos\/ (Protegido bajo Licencia Creative Commons). Espero que lo pasarais bien este fin de semana y pudierais cargar las pilas para esta \u00faltima semana antes de [&hellip;]<\/p>\n","protected":false},"author":2294,"featured_media":5332,"comment_status":"open","ping_status":"open","sticky":false,"template":"","format":"standard","meta":{"ngg_post_thumbnail":0,"footnotes":""},"categories":[2031300,2031301,2031302],"tags":[],"aioseo_notices":[],"_links":{"self":[{"href":"https:\/\/blogsaverroes.juntadeandalucia.es\/ceipsansebastiandemijas\/wp-json\/wp\/v2\/posts\/5331"}],"collection":[{"href":"https:\/\/blogsaverroes.juntadeandalucia.es\/ceipsansebastiandemijas\/wp-json\/wp\/v2\/posts"}],"about":[{"href":"https:\/\/blogsaverroes.juntadeandalucia.es\/ceipsansebastiandemijas\/wp-json\/wp\/v2\/types\/post"}],"author":[{"embeddable":true,"href":"https:\/\/blogsaverroes.juntadeandalucia.es\/ceipsansebastiandemijas\/wp-json\/wp\/v2\/users\/2294"}],"replies":[{"embeddable":true,"href":"https:\/\/blogsaverroes.juntadeandalucia.es\/ceipsansebastiandemijas\/wp-json\/wp\/v2\/comments?post=5331"}],"version-history":[{"count":3,"href":"https:\/\/blogsaverroes.juntadeandalucia.es\/ceipsansebastiandemijas\/wp-json\/wp\/v2\/posts\/5331\/revisions"}],"predecessor-version":[{"id":5385,"href":"https:\/\/blogsaverroes.juntadeandalucia.es\/ceipsansebastiandemijas\/wp-json\/wp\/v2\/posts\/5331\/revisions\/5385"}],"wp:featuredmedia":[{"embeddable":true,"href":"https:\/\/blogsaverroes.juntadeandalucia.es\/ceipsansebastiandemijas\/wp-json\/wp\/v2\/media\/5332"}],"wp:attachment":[{"href":"https:\/\/blogsaverroes.juntadeandalucia.es\/ceipsansebastiandemijas\/wp-json\/wp\/v2\/media?parent=5331"}],"wp:term":[{"taxonomy":"category","embeddable":true,"href":"https:\/\/blogsaverroes.juntadeandalucia.es\/ceipsansebastiandemijas\/wp-json\/wp\/v2\/categories?post=5331"},{"taxonomy":"post_tag","embeddable":true,"href":"https:\/\/blogsaverroes.juntadeandalucia.es\/ceipsansebastiandemijas\/wp-json\/wp\/v2\/tags?post=5331"}],"curies":[{"name":"wp","href":"https:\/\/api.w.org\/{rel}","templated":true}]}}