{"id":5901,"date":"2020-05-10T12:25:30","date_gmt":"2020-05-10T12:25:30","guid":{"rendered":"https:\/\/blogsaverroes.juntadeandalucia.es\/ceipsansebastiandemijas\/?p=5901"},"modified":"2020-05-10T12:25:30","modified_gmt":"2020-05-10T12:25:30","slug":"programa-comunica-2019-2020","status":"publish","type":"post","link":"https:\/\/blogsaverroes.juntadeandalucia.es\/ceipsansebastiandemijas\/programa-comunica-2019-2020\/","title":{"rendered":"Programa ComunicA 2019\/2020"},"content":{"rendered":"<p style=\"text-align: justify\">\u00a1Hola a todos!<\/p>\n<p style=\"text-align: justify\">Permitirme que me presente. Soy Alicia Torres, maestra del CEIP San Sebasti\u00e1n, tutora de la clase de 2\u00ba C y la especialista de ingl\u00e9s en varias clases. Quiero compartir con vosotros el proyecto que venimos haciendo desde principios de curso, ya que nuestro centro participa en el Programa ComunicA. Se trata de un programa para la Innovaci\u00f3n Educativa, un programa concebido como herramienta, un apoyo al curr\u00edculo para mejorar el desarrollo de la competencia en comunicaci\u00f3n ling\u00fc\u00edstica. ComunicA es una iniciativa de la Consejer\u00eda de Educaci\u00f3n y Deporte de la Junta de Andaluc\u00eda, la cual proporciona estrategias y recursos metodol\u00f3gicos que puedan complementar el<br \/>\ncurr\u00edculum escolar.<\/p>\n<p>Este es el proyecto presentado, el cual siempre se ha caracterizado por ser flexible y ajustarse a las necesidades del centro y de los miembros que los componen. Un claro ejemplo de factor condicionante ha sido la situaci\u00f3n de confinamiento, la cual ha imposibilitado de alguna manera al logro y consecuci\u00f3n de algunas de las tareas propuestas.<\/p>\n<p><a href=\"https:\/\/blogsaverroes.juntadeandalucia.es\/ceipsansebastiandemijas\/files\/2020\/05\/Proyecto_Programa_Comunica_2019-2020_Alicia_Torres_Ortiz.pdf\">Proyecto_Programa_Comunica_2019-2020_Alicia_Torres_Ortiz<\/a><\/p>\n","protected":false},"excerpt":{"rendered":"<p>\u00a1Hola a todos! Permitirme que me presente. Soy Alicia Torres, maestra del CEIP San Sebasti\u00e1n, tutora de la clase de 2\u00ba C y la especialista de ingl\u00e9s en varias clases. Quiero compartir con vosotros el proyecto que venimos haciendo desde principios de curso, ya que nuestro centro participa en el Programa ComunicA. Se trata de [&hellip;]<\/p>\n","protected":false},"author":8743,"featured_media":5904,"comment_status":"open","ping_status":"open","sticky":false,"template":"","format":"standard","meta":{"ngg_post_thumbnail":0,"footnotes":""},"categories":[2031324],"tags":[],"aioseo_notices":[],"_links":{"self":[{"href":"https:\/\/blogsaverroes.juntadeandalucia.es\/ceipsansebastiandemijas\/wp-json\/wp\/v2\/posts\/5901"}],"collection":[{"href":"https:\/\/blogsaverroes.juntadeandalucia.es\/ceipsansebastiandemijas\/wp-json\/wp\/v2\/posts"}],"about":[{"href":"https:\/\/blogsaverroes.juntadeandalucia.es\/ceipsansebastiandemijas\/wp-json\/wp\/v2\/types\/post"}],"author":[{"embeddable":true,"href":"https:\/\/blogsaverroes.juntadeandalucia.es\/ceipsansebastiandemijas\/wp-json\/wp\/v2\/users\/8743"}],"replies":[{"embeddable":true,"href":"https:\/\/blogsaverroes.juntadeandalucia.es\/ceipsansebastiandemijas\/wp-json\/wp\/v2\/comments?post=5901"}],"version-history":[{"count":1,"href":"https:\/\/blogsaverroes.juntadeandalucia.es\/ceipsansebastiandemijas\/wp-json\/wp\/v2\/posts\/5901\/revisions"}],"predecessor-version":[{"id":5905,"href":"https:\/\/blogsaverroes.juntadeandalucia.es\/ceipsansebastiandemijas\/wp-json\/wp\/v2\/posts\/5901\/revisions\/5905"}],"wp:featuredmedia":[{"embeddable":true,"href":"https:\/\/blogsaverroes.juntadeandalucia.es\/ceipsansebastiandemijas\/wp-json\/wp\/v2\/media\/5904"}],"wp:attachment":[{"href":"https:\/\/blogsaverroes.juntadeandalucia.es\/ceipsansebastiandemijas\/wp-json\/wp\/v2\/media?parent=5901"}],"wp:term":[{"taxonomy":"category","embeddable":true,"href":"https:\/\/blogsaverroes.juntadeandalucia.es\/ceipsansebastiandemijas\/wp-json\/wp\/v2\/categories?post=5901"},{"taxonomy":"post_tag","embeddable":true,"href":"https:\/\/blogsaverroes.juntadeandalucia.es\/ceipsansebastiandemijas\/wp-json\/wp\/v2\/tags?post=5901"}],"curies":[{"name":"wp","href":"https:\/\/api.w.org\/{rel}","templated":true}]}}