{"id":6253,"date":"2020-05-23T11:52:22","date_gmt":"2020-05-23T11:52:22","guid":{"rendered":"https:\/\/blogsaverroes.juntadeandalucia.es\/ceipsansebastiandemijas\/?p=6253"},"modified":"2022-02-19T14:20:26","modified_gmt":"2022-02-19T14:20:26","slug":"dia-del-libro-2020","status":"publish","type":"post","link":"https:\/\/blogsaverroes.juntadeandalucia.es\/ceipsansebastiandemijas\/dia-del-libro-2020\/","title":{"rendered":"D\u00eda del Libro 2020"},"content":{"rendered":"<p><span style=\"font-family: arial, helvetica, sans-serif;font-size: 14pt\">Para celebrar el d\u00eda del libro, la coordinadora de la biblioteca, la se\u00f1o Marta, nos ha organizado una serie de actividades para que las realicemos, este a\u00f1o, desde casa.<\/span><\/p>\nngg_shortcode_0_placeholder\n<p><span style=\"font-family: arial, helvetica, sans-serif;font-size: 14pt\">Las se\u00f1os y los profes del cole hemos realizado este collage para animar a la lectura a nuestro querido alumnado.<\/span><\/p>\n<p style=\"text-align: center\"><span style=\"font-size: 16pt\"><strong><span style=\"font-family: arial, helvetica, sans-serif\">Nosotros leemos \u00bfY t\u00fa?<\/span><\/strong><\/span><\/p>\n<p><a href=\"https:\/\/blogsaverroes.juntadeandalucia.es\/ceipsansebastiandemijas\/files\/2020\/04\/Foto-todos-leyendo.jpg\" rel=\"prettyPhoto[6253]\" target=\"_blank\" rel=\"noopener noreferrer\"><img fetchpriority=\"high\" decoding=\"async\" class=\"alignnone wp-image-5741 size-large\" src=\"https:\/\/blogsaverroes.juntadeandalucia.es\/ceipsansebastiandemijas\/files\/2020\/04\/Foto-todos-leyendo-706x1024.jpg\" alt=\"\" width=\"682\" height=\"989\" srcset=\"https:\/\/blogsaverroes.juntadeandalucia.es\/ceipsansebastiandemijas\/files\/2020\/04\/Foto-todos-leyendo-706x1024.jpg 706w, https:\/\/blogsaverroes.juntadeandalucia.es\/ceipsansebastiandemijas\/files\/2020\/04\/Foto-todos-leyendo-207x300.jpg 207w, https:\/\/blogsaverroes.juntadeandalucia.es\/ceipsansebastiandemijas\/files\/2020\/04\/Foto-todos-leyendo-768x1114.jpg 768w, https:\/\/blogsaverroes.juntadeandalucia.es\/ceipsansebastiandemijas\/files\/2020\/04\/Foto-todos-leyendo-17x24.jpg 17w, https:\/\/blogsaverroes.juntadeandalucia.es\/ceipsansebastiandemijas\/files\/2020\/04\/Foto-todos-leyendo-25x36.jpg 25w, https:\/\/blogsaverroes.juntadeandalucia.es\/ceipsansebastiandemijas\/files\/2020\/04\/Foto-todos-leyendo-33x48.jpg 33w, https:\/\/blogsaverroes.juntadeandalucia.es\/ceipsansebastiandemijas\/files\/2020\/04\/Foto-todos-leyendo.jpg 1103w\" sizes=\"(max-width: 682px) 100vw, 682px\" \/><\/a><\/p>\n<p>&nbsp;<\/p>\n<p><span style=\"font-family: arial, helvetica, sans-serif;font-size: 14pt\">Las madres narradoras del Proyecto Arcoiris nos leen este cuento de Gianni Rodari<\/span><\/p>\n<div class=\"post-video\"><iframe title=\"DI\u0301A DEL LIBRO 2020\" width=\"1165\" height=\"655\" src=\"https:\/\/www.youtube.com\/embed\/hGSW9Kjdn-Q?feature=oembed\" frameborder=\"0\" allow=\"accelerometer; autoplay; clipboard-write; encrypted-media; gyroscope; picture-in-picture; web-share\" referrerpolicy=\"strict-origin-when-cross-origin\" allowfullscreen><\/iframe><\/div>\n<p>&nbsp;<\/p>\n<p><span style=\"font-family: arial, helvetica, sans-serif;font-size: 14pt\">Luc\u00eda Peinado, de 2\u00baC nos regal\u00f3 este cuento<\/span><\/p>\n<div class=\"post-video\"><iframe title=\"20200427 134052 44327940171633\" width=\"1165\" height=\"874\" src=\"https:\/\/www.youtube.com\/embed\/fw2kRB5Zc0k?feature=oembed\" frameborder=\"0\" allow=\"accelerometer; autoplay; clipboard-write; encrypted-media; gyroscope; picture-in-picture; web-share\" referrerpolicy=\"strict-origin-when-cross-origin\" allowfullscreen><\/iframe><\/div>\n<p>&nbsp;<\/p>\n<p><span style=\"font-family: arial, helvetica, sans-serif;font-size: 14pt\">Aqu\u00ed se pueden ver algunas de las actividades realizadas por el alumnado<\/span><\/p>\nngg_shortcode_1_placeholder\n","protected":false},"excerpt":{"rendered":"<p>Para celebrar el d\u00eda del libro, la coordinadora de la biblioteca, la se\u00f1o Marta, nos ha organizado una serie de actividades para que las realicemos, este a\u00f1o, desde casa. &nbsp; Las se\u00f1os y los profes del cole hemos realizado este collage para animar a la lectura a nuestro querido alumnado. Nosotros leemos \u00bfY t\u00fa? &nbsp; [&hellip;]<\/p>\n","protected":false},"author":8532,"featured_media":5741,"comment_status":"open","ping_status":"open","sticky":false,"template":"","format":"standard","meta":{"ngg_post_thumbnail":0,"footnotes":""},"categories":[2031341,213,176491,49688],"tags":[],"aioseo_notices":[],"_links":{"self":[{"href":"https:\/\/blogsaverroes.juntadeandalucia.es\/ceipsansebastiandemijas\/wp-json\/wp\/v2\/posts\/6253"}],"collection":[{"href":"https:\/\/blogsaverroes.juntadeandalucia.es\/ceipsansebastiandemijas\/wp-json\/wp\/v2\/posts"}],"about":[{"href":"https:\/\/blogsaverroes.juntadeandalucia.es\/ceipsansebastiandemijas\/wp-json\/wp\/v2\/types\/post"}],"author":[{"embeddable":true,"href":"https:\/\/blogsaverroes.juntadeandalucia.es\/ceipsansebastiandemijas\/wp-json\/wp\/v2\/users\/8532"}],"replies":[{"embeddable":true,"href":"https:\/\/blogsaverroes.juntadeandalucia.es\/ceipsansebastiandemijas\/wp-json\/wp\/v2\/comments?post=6253"}],"version-history":[{"count":7,"href":"https:\/\/blogsaverroes.juntadeandalucia.es\/ceipsansebastiandemijas\/wp-json\/wp\/v2\/posts\/6253\/revisions"}],"predecessor-version":[{"id":6276,"href":"https:\/\/blogsaverroes.juntadeandalucia.es\/ceipsansebastiandemijas\/wp-json\/wp\/v2\/posts\/6253\/revisions\/6276"}],"wp:featuredmedia":[{"embeddable":true,"href":"https:\/\/blogsaverroes.juntadeandalucia.es\/ceipsansebastiandemijas\/wp-json\/wp\/v2\/media\/5741"}],"wp:attachment":[{"href":"https:\/\/blogsaverroes.juntadeandalucia.es\/ceipsansebastiandemijas\/wp-json\/wp\/v2\/media?parent=6253"}],"wp:term":[{"taxonomy":"category","embeddable":true,"href":"https:\/\/blogsaverroes.juntadeandalucia.es\/ceipsansebastiandemijas\/wp-json\/wp\/v2\/categories?post=6253"},{"taxonomy":"post_tag","embeddable":true,"href":"https:\/\/blogsaverroes.juntadeandalucia.es\/ceipsansebastiandemijas\/wp-json\/wp\/v2\/tags?post=6253"}],"curies":[{"name":"wp","href":"https:\/\/api.w.org\/{rel}","templated":true}]}}