{"id":6350,"date":"2020-06-12T17:32:14","date_gmt":"2020-06-12T17:32:14","guid":{"rendered":"https:\/\/blogsaverroes.juntadeandalucia.es\/ceipsansebastiandemijas\/?p=6350"},"modified":"2020-06-12T20:52:03","modified_gmt":"2020-06-12T20:52:03","slug":"6350-2","status":"publish","type":"post","link":"https:\/\/blogsaverroes.juntadeandalucia.es\/ceipsansebastiandemijas\/6350-2\/","title":{"rendered":"Arte Parlante"},"content":{"rendered":"<div class=\"post-video\"><iframe title=\"Arte Parlante ( Programa Comunica ) Ceip San Sebasti\u00e1n\" width=\"1165\" height=\"655\" src=\"https:\/\/www.youtube.com\/embed\/mimTYyYlxMs?feature=oembed\" frameborder=\"0\" allow=\"accelerometer; autoplay; clipboard-write; encrypted-media; gyroscope; picture-in-picture; web-share\" referrerpolicy=\"strict-origin-when-cross-origin\" allowfullscreen><\/iframe><\/div>\n<p>&nbsp;<\/p>\n<p>Los alumnos y alumnas de 3\u00ba han trabajado la escritura creativa desde el \u00e1rea de Pl\u00e1stica con Las Meninas De Diego Vel\u00e1zquez. Esta actividad est\u00e1 dentro del Programa Comunica del Centro y aqu\u00ed os compartimos una selecci\u00f3n de los c\u00f3mics que han realizado.<\/p>\n","protected":false},"excerpt":{"rendered":"<p>&nbsp; Los alumnos y alumnas de 3\u00ba han trabajado la escritura creativa desde el \u00e1rea de Pl\u00e1stica con Las Meninas De Diego Vel\u00e1zquez. Esta actividad est\u00e1 dentro del Programa Comunica del Centro y aqu\u00ed os compartimos una selecci\u00f3n de los c\u00f3mics que han realizado.<\/p>\n","protected":false},"author":8713,"featured_media":6353,"comment_status":"open","ping_status":"open","sticky":false,"template":"","format":"standard","meta":{"ngg_post_thumbnail":0,"footnotes":""},"categories":[2031297,2031298,2031299,2031324],"tags":[],"aioseo_notices":[],"_links":{"self":[{"href":"https:\/\/blogsaverroes.juntadeandalucia.es\/ceipsansebastiandemijas\/wp-json\/wp\/v2\/posts\/6350"}],"collection":[{"href":"https:\/\/blogsaverroes.juntadeandalucia.es\/ceipsansebastiandemijas\/wp-json\/wp\/v2\/posts"}],"about":[{"href":"https:\/\/blogsaverroes.juntadeandalucia.es\/ceipsansebastiandemijas\/wp-json\/wp\/v2\/types\/post"}],"author":[{"embeddable":true,"href":"https:\/\/blogsaverroes.juntadeandalucia.es\/ceipsansebastiandemijas\/wp-json\/wp\/v2\/users\/8713"}],"replies":[{"embeddable":true,"href":"https:\/\/blogsaverroes.juntadeandalucia.es\/ceipsansebastiandemijas\/wp-json\/wp\/v2\/comments?post=6350"}],"version-history":[{"count":7,"href":"https:\/\/blogsaverroes.juntadeandalucia.es\/ceipsansebastiandemijas\/wp-json\/wp\/v2\/posts\/6350\/revisions"}],"predecessor-version":[{"id":6364,"href":"https:\/\/blogsaverroes.juntadeandalucia.es\/ceipsansebastiandemijas\/wp-json\/wp\/v2\/posts\/6350\/revisions\/6364"}],"wp:featuredmedia":[{"embeddable":true,"href":"https:\/\/blogsaverroes.juntadeandalucia.es\/ceipsansebastiandemijas\/wp-json\/wp\/v2\/media\/6353"}],"wp:attachment":[{"href":"https:\/\/blogsaverroes.juntadeandalucia.es\/ceipsansebastiandemijas\/wp-json\/wp\/v2\/media?parent=6350"}],"wp:term":[{"taxonomy":"category","embeddable":true,"href":"https:\/\/blogsaverroes.juntadeandalucia.es\/ceipsansebastiandemijas\/wp-json\/wp\/v2\/categories?post=6350"},{"taxonomy":"post_tag","embeddable":true,"href":"https:\/\/blogsaverroes.juntadeandalucia.es\/ceipsansebastiandemijas\/wp-json\/wp\/v2\/tags?post=6350"}],"curies":[{"name":"wp","href":"https:\/\/api.w.org\/{rel}","templated":true}]}}