{"id":6398,"date":"2020-06-18T11:48:56","date_gmt":"2020-06-18T11:48:56","guid":{"rendered":"https:\/\/blogsaverroes.juntadeandalucia.es\/ceipsansebastiandemijas\/?p=6398"},"modified":"2020-06-18T11:48:56","modified_gmt":"2020-06-18T11:48:56","slug":"carinograma","status":"publish","type":"post","link":"https:\/\/blogsaverroes.juntadeandalucia.es\/ceipsansebastiandemijas\/carinograma\/","title":{"rendered":"Cari\u00f1ograma"},"content":{"rendered":"<p>Los alumnos y alumnas de la clase de 5\u00baA han llevado a cabo el cari\u00f1ograma, una actividad donde cada ni\u00f1o\/a escrib\u00eda semanalmente alg\u00fan mensaje breve a un compa\u00f1ero\/a de su clase. Este mensaje deb\u00eda tener los siguientes requisitos: que fuese breve (trabajando la capacidad de s\u00edntesis), que fuera positivo (trabajando las emociones, el autoestima y valores como el respeto y la tolerancia) y que siempre le diese el visto bueno la se\u00f1o.<\/p>\n<p>&nbsp;<\/p>\n<p><a href=\"https:\/\/blogsaverroes.juntadeandalucia.es\/ceipsansebastiandemijas\/files\/2020\/06\/IMG-0620.jpg\" rel=\"prettyPhoto[6398]\"><img fetchpriority=\"high\" decoding=\"async\" class=\"alignnone size-full wp-image-6406\" src=\"https:\/\/blogsaverroes.juntadeandalucia.es\/ceipsansebastiandemijas\/files\/2020\/06\/IMG-0620.jpg\" alt=\"\" width=\"481\" height=\"266\" srcset=\"https:\/\/blogsaverroes.juntadeandalucia.es\/ceipsansebastiandemijas\/files\/2020\/06\/IMG-0620.jpg 481w, https:\/\/blogsaverroes.juntadeandalucia.es\/ceipsansebastiandemijas\/files\/2020\/06\/IMG-0620-300x166.jpg 300w, https:\/\/blogsaverroes.juntadeandalucia.es\/ceipsansebastiandemijas\/files\/2020\/06\/IMG-0620-24x13.jpg 24w, https:\/\/blogsaverroes.juntadeandalucia.es\/ceipsansebastiandemijas\/files\/2020\/06\/IMG-0620-36x20.jpg 36w, https:\/\/blogsaverroes.juntadeandalucia.es\/ceipsansebastiandemijas\/files\/2020\/06\/IMG-0620-48x27.jpg 48w\" sizes=\"(max-width: 481px) 100vw, 481px\" \/><\/a><\/p>\n","protected":false},"excerpt":{"rendered":"<p>Los alumnos y alumnas de la clase de 5\u00baA han llevado a cabo el cari\u00f1ograma, una actividad donde cada ni\u00f1o\/a escrib\u00eda semanalmente alg\u00fan mensaje breve a un compa\u00f1ero\/a de su clase. Este mensaje deb\u00eda tener los siguientes requisitos: que fuese breve (trabajando la capacidad de s\u00edntesis), que fuera positivo (trabajando las emociones, el autoestima y [&hellip;]<\/p>\n","protected":false},"author":8743,"featured_media":6406,"comment_status":"open","ping_status":"open","sticky":false,"template":"","format":"standard","meta":{"ngg_post_thumbnail":0,"footnotes":""},"categories":[2031303,2031324],"tags":[],"aioseo_notices":[],"_links":{"self":[{"href":"https:\/\/blogsaverroes.juntadeandalucia.es\/ceipsansebastiandemijas\/wp-json\/wp\/v2\/posts\/6398"}],"collection":[{"href":"https:\/\/blogsaverroes.juntadeandalucia.es\/ceipsansebastiandemijas\/wp-json\/wp\/v2\/posts"}],"about":[{"href":"https:\/\/blogsaverroes.juntadeandalucia.es\/ceipsansebastiandemijas\/wp-json\/wp\/v2\/types\/post"}],"author":[{"embeddable":true,"href":"https:\/\/blogsaverroes.juntadeandalucia.es\/ceipsansebastiandemijas\/wp-json\/wp\/v2\/users\/8743"}],"replies":[{"embeddable":true,"href":"https:\/\/blogsaverroes.juntadeandalucia.es\/ceipsansebastiandemijas\/wp-json\/wp\/v2\/comments?post=6398"}],"version-history":[{"count":1,"href":"https:\/\/blogsaverroes.juntadeandalucia.es\/ceipsansebastiandemijas\/wp-json\/wp\/v2\/posts\/6398\/revisions"}],"predecessor-version":[{"id":6407,"href":"https:\/\/blogsaverroes.juntadeandalucia.es\/ceipsansebastiandemijas\/wp-json\/wp\/v2\/posts\/6398\/revisions\/6407"}],"wp:featuredmedia":[{"embeddable":true,"href":"https:\/\/blogsaverroes.juntadeandalucia.es\/ceipsansebastiandemijas\/wp-json\/wp\/v2\/media\/6406"}],"wp:attachment":[{"href":"https:\/\/blogsaverroes.juntadeandalucia.es\/ceipsansebastiandemijas\/wp-json\/wp\/v2\/media?parent=6398"}],"wp:term":[{"taxonomy":"category","embeddable":true,"href":"https:\/\/blogsaverroes.juntadeandalucia.es\/ceipsansebastiandemijas\/wp-json\/wp\/v2\/categories?post=6398"},{"taxonomy":"post_tag","embeddable":true,"href":"https:\/\/blogsaverroes.juntadeandalucia.es\/ceipsansebastiandemijas\/wp-json\/wp\/v2\/tags?post=6398"}],"curies":[{"name":"wp","href":"https:\/\/api.w.org\/{rel}","templated":true}]}}