{"id":6664,"date":"2020-10-14T17:30:03","date_gmt":"2020-10-14T17:30:03","guid":{"rendered":"https:\/\/blogsaverroes.juntadeandalucia.es\/ceipsansebastiandemijas\/?p=6664"},"modified":"2020-10-29T07:33:08","modified_gmt":"2020-10-29T07:33:08","slug":"6664-2","status":"publish","type":"post","link":"https:\/\/blogsaverroes.juntadeandalucia.es\/ceipsansebastiandemijas\/6664-2\/","title":{"rendered":"Repaso Tema 2 de lengua y matem\u00e1ticas"},"content":{"rendered":"<p><a href=\"https:\/\/es.liveworksheets.com\/xb485554rt\">Los art\u00edculos determinados e indeterminados.<\/a><\/p>\n<p><a href=\"https:\/\/es.liveworksheets.com\/ns625369yf\">Los gentilicios I<\/a><\/p>\n<p><a href=\"https:\/\/es.liveworksheets.com\/ih698454hb\">Los gentilicios II<\/a><\/p>\n<p><a href=\"https:\/\/es.liveworksheets.com\/un272387oi\">Los gentilicios III<\/a><\/p>\n<p><a href=\"https:\/\/es.liveworksheets.com\/es433764ur\">Repaso de los sustantivos<\/a><\/p>\n<p><a href=\"https:\/\/es.liveworksheets.com\/cb38036xr\">G\u00e9nero y n\u00famero de los sustantivos<\/a><\/p>\n<p><a href=\"https:\/\/es.liveworksheets.com\/mk171846cg\">Los gentilicios IV<\/a><\/p>\n<p><a href=\"https:\/\/es.liveworksheets.com\/fv280389bg\">Adjetivos. Repaso completo<\/a><\/p>\n<p><a href=\"https:\/\/es.liveworksheets.com\/vi687163ik\">Los adverbios<\/a><\/p>\n<p><a href=\"https:\/\/es.liveworksheets.com\/es291374dd\">Acentuaci\u00f3n de palabras I<\/a><\/p>\n<p><a href=\"http:\/\/Acentuaci\u00f3n%20de%20palabras%20II\">Acentuaci\u00f3n de palabras II<\/a><\/p>\n<p><a href=\"https:\/\/es.liveworksheets.com\/di633272xe\">Acentuaci\u00f3n de palabras III<\/a><\/p>\n<p>Matem\u00e1ticas:<\/p>\n<p><a href=\"https:\/\/www.thatquiz.org\/es\/classtest?9B5NYB7P\">That Quiz. Divisiones 1<\/a><\/p>\n<p><a href=\"https:\/\/www.thatquiz.org\/es\/classtest?U1SZ3W37\">That Quiz. Divisiones 2<\/a><\/p>\n<p>&nbsp;<\/p>\n<p><a href=\"https:\/\/es.liveworksheets.com\/lj766096nt\">El restaurante de sushi. Repartimos<\/a><\/p>\n<p><a href=\"https:\/\/es.liveworksheets.com\/jq61810ty\">Divisiones por una cifra<\/a><\/p>\n<p><a href=\"https:\/\/es.liveworksheets.com\/vy86908pm\">Divisiones por dos cifras<\/a><\/p>\n<p>&nbsp;<\/p>\n<p>Actividades obligatorias:<\/p>\n<p>&nbsp;<\/p>\n<p>Matem\u00e1ticas:<\/p>\n<p><a href=\"https:\/\/es.liveworksheets.com\/ze805664ch\">Divisiones de dos cifras<\/a><\/p>\n<p><a href=\"https:\/\/es.liveworksheets.com\/hn1127977eu\">La propiedad distributiva<\/a><\/p>\n<p>&nbsp;<\/p>\n<p>Lengua:<\/p>\n<p>&nbsp;<\/p>\n<p><a href=\"https:\/\/es.liveworksheets.com\/ss1227562fu\">Comprensi\u00f3n oral<\/a><\/p>\n<p><a href=\"https:\/\/es.liveworksheets.com\/xb485554rt\">Art\u00edculos determinados e indeterminados<\/a><\/p>\n<p><a href=\"https:\/\/es.liveworksheets.com\/yh509346xf\">Acentuaci\u00f3n de palabras<\/a><\/p>\n<p>&nbsp;<\/p>\n","protected":false},"excerpt":{"rendered":"<p>Los art\u00edculos determinados e indeterminados. Los gentilicios I Los gentilicios II Los gentilicios III Repaso de los sustantivos G\u00e9nero y n\u00famero de los sustantivos Los gentilicios IV Adjetivos. Repaso completo Los adverbios Acentuaci\u00f3n de palabras I Acentuaci\u00f3n de palabras II Acentuaci\u00f3n de palabras III Matem\u00e1ticas: That Quiz. Divisiones 1 That Quiz. Divisiones 2 &nbsp; El [&hellip;]<\/p>\n","protected":false},"author":10881,"featured_media":6665,"comment_status":"open","ping_status":"open","sticky":false,"template":"","format":"standard","meta":{"ngg_post_thumbnail":0,"footnotes":""},"categories":[2031303],"tags":[],"aioseo_notices":[],"_links":{"self":[{"href":"https:\/\/blogsaverroes.juntadeandalucia.es\/ceipsansebastiandemijas\/wp-json\/wp\/v2\/posts\/6664"}],"collection":[{"href":"https:\/\/blogsaverroes.juntadeandalucia.es\/ceipsansebastiandemijas\/wp-json\/wp\/v2\/posts"}],"about":[{"href":"https:\/\/blogsaverroes.juntadeandalucia.es\/ceipsansebastiandemijas\/wp-json\/wp\/v2\/types\/post"}],"author":[{"embeddable":true,"href":"https:\/\/blogsaverroes.juntadeandalucia.es\/ceipsansebastiandemijas\/wp-json\/wp\/v2\/users\/10881"}],"replies":[{"embeddable":true,"href":"https:\/\/blogsaverroes.juntadeandalucia.es\/ceipsansebastiandemijas\/wp-json\/wp\/v2\/comments?post=6664"}],"version-history":[{"count":7,"href":"https:\/\/blogsaverroes.juntadeandalucia.es\/ceipsansebastiandemijas\/wp-json\/wp\/v2\/posts\/6664\/revisions"}],"predecessor-version":[{"id":6773,"href":"https:\/\/blogsaverroes.juntadeandalucia.es\/ceipsansebastiandemijas\/wp-json\/wp\/v2\/posts\/6664\/revisions\/6773"}],"wp:featuredmedia":[{"embeddable":true,"href":"https:\/\/blogsaverroes.juntadeandalucia.es\/ceipsansebastiandemijas\/wp-json\/wp\/v2\/media\/6665"}],"wp:attachment":[{"href":"https:\/\/blogsaverroes.juntadeandalucia.es\/ceipsansebastiandemijas\/wp-json\/wp\/v2\/media?parent=6664"}],"wp:term":[{"taxonomy":"category","embeddable":true,"href":"https:\/\/blogsaverroes.juntadeandalucia.es\/ceipsansebastiandemijas\/wp-json\/wp\/v2\/categories?post=6664"},{"taxonomy":"post_tag","embeddable":true,"href":"https:\/\/blogsaverroes.juntadeandalucia.es\/ceipsansebastiandemijas\/wp-json\/wp\/v2\/tags?post=6664"}],"curies":[{"name":"wp","href":"https:\/\/api.w.org\/{rel}","templated":true}]}}